{"id":52210,"date":"2021-08-13T13:30:35","date_gmt":"2021-08-13T13:30:35","guid":{"rendered":"https:\/\/jorgezanoni.com.br\/2019\/?p=52210"},"modified":"2021-08-13T13:50:10","modified_gmt":"2021-08-13T13:50:10","slug":"homem-e-morto-a-facadas-em-dracena-acusado-do-homicido-se-entrega-e-esta-preso","status":"publish","type":"post","link":"https:\/\/jorgezanoni.com.br\/2019\/homem-e-morto-a-facadas-em-dracena-acusado-do-homicido-se-entrega-e-esta-preso\/","title":{"rendered":"Homem \u00e9 morto a facadas em Dracena, acusado do homic\u00eddio se entrega e est\u00e1 preso"},"content":{"rendered":"<p style=\"text-align: justify;\"><strong>POLICIA CIVIL PRENDE EM FLAGRANTE UM HOMEM POR HOMIC\u00cdDIO EM DRACENA.<\/strong><\/p>\n<p style=\"text-align: justify;\">O homem adentrou a sede do Plant\u00e3o Policial com uma faca na m\u00e3o, alegando ter atingido um vizinho com um golpe de faca. O indiciado foi desarmado e preso em flagrante.<\/p>\n<p style=\"text-align: justify;\">A Pol\u00edcia Civil, por interm\u00e9dio do Plant\u00e3o Policial Polo de Dracena, prendeu na madrugada desta quinta-feira (13), um homem de 54 anos, apontado como autor de um homic\u00eddio que vitimou C.R.S., 47 anos, no bairro Santa Clara, em Dracena.<\/p>\n<p style=\"text-align: justify;\">Consta que o autor do crime compareceu na sede do Plant\u00e3o Policial Polo de Dracena, com uma faca na m\u00e3o, informando que havia desferido um golpe de faca em seu vizinho que estaria tentando invadir sua casa para ali residir sem seu consentimento.<\/p>\n<p style=\"text-align: justify;\">Os agentes do Plant\u00e3o Policial desarmaram o homem, e com o apoio de uma guarni\u00e7\u00e3o da Pol\u00edcia Militar, diligenciaram no im\u00f3vel do suspeito e confirmaram a veracidade das informa\u00e7\u00f5es. A v\u00edtima estava no local, uma unidade da Equipe de Resgaste dos Bombeiros prestaram o socorro e encaminharam o ferido at\u00e9 o Pronto Atendimento M\u00e9dico, onde foi confirmado o \u00f3bito.<\/p>\n<p style=\"text-align: justify;\">A autoridade plantonista ratificou a pris\u00e3o em flagrante ao homem pela pr\u00e1tica do crime de homic\u00eddio. Ap\u00f3s os procedimentos da pol\u00edcia judici\u00e1ria o homem foi recolhimento ao sistema prisional, ficando \u00e0 disposi\u00e7\u00e3o da Justi\u00e7a.<\/p>\n<p style=\"text-align: justify;\">Fonte: Com. Social Pol\u00edcia Civil<\/p>\n<p>&nbsp;<\/p>\n<p><strong>POL\u00cdCIA MILITAR PRENDE EM FLAGRANTE AUTOR DE HOMIC\u00cdDIO EM DRACENA.<\/strong><\/p>\n<p style=\"text-align: justify;\">Na data de hoje (13) por volta das 00h15min ocorr\u00eancia irradiada via Centro de Opera\u00e7\u00f5es da Pol\u00edcia Militar sobre averigua\u00e7\u00e3o no Plant\u00e3o de Pol\u00edcia Judici\u00e1ria de Dracena por solicita\u00e7\u00e3o do policial plantonista que um indiv\u00edduo chegou na Delegacia em posse de uma faca informando que teria se desentendido, por motivos a serem esclarecidos, com outro indiv\u00edduo no interior do quintal onde residiria ambos e que em seguida teria desferido um golpe de faca n\u00e3o sabendo ao certo o local e a regi\u00e3o atingida. Diante das informa\u00e7\u00f5es colhidas pela equipe da Pol\u00edcia Militar com o autor de 55 anos indicou o endere\u00e7o exato, pelo Jardim Santa Clara em Dracena e ao chegar no local foi verificado um indiv\u00edduo (47 anos) ca\u00eddo no quintal, sendo socorrido imediatamente pela equipe do Corpo de Bombeiros ao PAM local e constatado o \u00f3bito. Foi dado voz de pris\u00e3o em flagrante ao autor permanecendo preso \u00e0 disposi\u00e7\u00e3o da Justi\u00e7a<\/p>\n<p>Fonte: Com. Social Pol\u00edcia Militar<\/p>\n","protected":false},"excerpt":{"rendered":"<p>POLICIA CIVIL PRENDE EM FLAGRANTE UM HOMEM POR HOMIC\u00cdDIO EM DRACENA. O homem adentrou a sede do Plant\u00e3o Policial com uma faca na m\u00e3o, alegando ter atingido um vizinho com um golpe de faca. O indiciado foi desarmado e preso em flagrante. A Pol\u00edcia Civil, por interm\u00e9dio do Plant\u00e3o Policial Polo de Dracena, prendeu na [&hellip;]<\/p>\n","protected":false},"author":1,"featured_media":52211,"comment_status":"closed","ping_status":"open","sticky":false,"template":"","format":"standard","meta":{"footnotes":""},"categories":[110,2],"tags":[],"class_list":["post-52210","post","type-post","status-publish","format-standard","has-post-thumbnail","hentry","category-noticiasdestaque","category-policial"],"_links":{"self":[{"href":"https:\/\/jorgezanoni.com.br\/2019\/wp-json\/wp\/v2\/posts\/52210","targetHints":{"allow":["GET"]}}],"collection":[{"href":"https:\/\/jorgezanoni.com.br\/2019\/wp-json\/wp\/v2\/posts"}],"about":[{"href":"https:\/\/jorgezanoni.com.br\/2019\/wp-json\/wp\/v2\/types\/post"}],"author":[{"embeddable":true,"href":"https:\/\/jorgezanoni.com.br\/2019\/wp-json\/wp\/v2\/users\/1"}],"replies":[{"embeddable":true,"href":"https:\/\/jorgezanoni.com.br\/2019\/wp-json\/wp\/v2\/comments?post=52210"}],"version-history":[{"count":0,"href":"https:\/\/jorgezanoni.com.br\/2019\/wp-json\/wp\/v2\/posts\/52210\/revisions"}],"wp:featuredmedia":[{"embeddable":true,"href":"https:\/\/jorgezanoni.com.br\/2019\/wp-json\/wp\/v2\/media\/52211"}],"wp:attachment":[{"href":"https:\/\/jorgezanoni.com.br\/2019\/wp-json\/wp\/v2\/media?parent=52210"}],"wp:term":[{"taxonomy":"category","embeddable":true,"href":"https:\/\/jorgezanoni.com.br\/2019\/wp-json\/wp\/v2\/categories?post=52210"},{"taxonomy":"post_tag","embeddable":true,"href":"https:\/\/jorgezanoni.com.br\/2019\/wp-json\/wp\/v2\/tags?post=52210"}],"curies":[{"name":"wp","href":"https:\/\/api.w.org\/{rel}","templated":true}]}}