{"id":52180,"date":"2021-08-12T23:17:57","date_gmt":"2021-08-12T23:17:57","guid":{"rendered":"https:\/\/jorgezanoni.com.br\/2019\/?p=52180"},"modified":"2021-08-12T23:17:57","modified_gmt":"2021-08-12T23:17:57","slug":"vacinacao-covid-19-nesta-sexta-para-19-anos-e-no-sabado-para-segunda-dose-agendada-da-astrazenica","status":"publish","type":"post","link":"https:\/\/jorgezanoni.com.br\/2019\/vacinacao-covid-19-nesta-sexta-para-19-anos-e-no-sabado-para-segunda-dose-agendada-da-astrazenica\/","title":{"rendered":"VACINA\u00c7\u00c3O COVID 19: Nesta sexta para 19 anos e no s\u00e1bado para segunda dose agendada da Astrazenica"},"content":{"rendered":"<p style=\"text-align: justify;\">A Vigil\u00e2ncia Epidemiol\u00f3gica informa que amanh\u00e3, 13\/08 abrir\u00e1 a vacina\u00e7\u00e3o covid para nova faixa et\u00e1ria, sendo contemplado com a primeira dose, o p\u00fablico de 19 anos ou mais (que ainda n\u00e3o recebeu\u00a0a vacina).<br \/>\nPessoas que est\u00e3o com a segunda dose agendada do fabricante da AstraZeneca tamb\u00e9m poder\u00e3o amanh\u00e3.<br \/>\nO hor\u00e1rio de atendimento \u00e9 das 8h \u00e0s 13h, na Igreja Assembleia de Deus, na Rua Janu\u00e1rio Bonito 527, na Vila Barros.<br \/>\n\u00c9 preciso levar RG, CPG e comprovante de resid\u00eancia.<\/p>\n<p><strong>Segundas doses de AstraZeneca<\/strong><br \/>\nNeste s\u00e1bado, 14\/08, a Policl\u00ednica estar\u00e1 atendendo das 8h \u00e0s 12h, para vacinar pessoas que est\u00e3o com a segunda dose da vacina AstraZeneca agendada. \u00c9 preciso levar documentos RG, CPF e o cart\u00e3o de imuniza\u00e7\u00e3o da primeira dose.<br \/>\nA Sa\u00fade ressalta que apenas com as duas doses da vacina \u00e9 que o esquema vacinal estar\u00e1\u00a0conclu\u00eddo, aumentando assim as condi\u00e7\u00f5es do organismo para o enfrentamento do v\u00edrus.<br \/>\nAp\u00f3s as duas doses, os cuidados preventivos, como o uso da m\u00e1scara devem continuar.<\/p>\n<p style=\"text-align: justify;\">Fonte: Diretoria de Comunica\u00e7\u00e3o<\/p>\n","protected":false},"excerpt":{"rendered":"<p>A Vigil\u00e2ncia Epidemiol\u00f3gica informa que amanh\u00e3, 13\/08 abrir\u00e1 a vacina\u00e7\u00e3o covid para nova faixa et\u00e1ria, sendo contemplado com a primeira dose, o p\u00fablico de 19 anos ou mais (que ainda n\u00e3o recebeu\u00a0a vacina). Pessoas que est\u00e3o com a segunda dose agendada do fabricante da AstraZeneca tamb\u00e9m poder\u00e3o amanh\u00e3. O hor\u00e1rio de atendimento \u00e9 das 8h [&hellip;]<\/p>\n","protected":false},"author":1,"featured_media":52181,"comment_status":"closed","ping_status":"open","sticky":false,"template":"","format":"standard","meta":{"footnotes":""},"categories":[179,184,110],"tags":[],"class_list":["post-52180","post","type-post","status-publish","format-standard","has-post-thumbnail","hentry","category-cidadeseregiao","category-dracena","category-noticiasdestaque"],"_links":{"self":[{"href":"https:\/\/jorgezanoni.com.br\/2019\/wp-json\/wp\/v2\/posts\/52180","targetHints":{"allow":["GET"]}}],"collection":[{"href":"https:\/\/jorgezanoni.com.br\/2019\/wp-json\/wp\/v2\/posts"}],"about":[{"href":"https:\/\/jorgezanoni.com.br\/2019\/wp-json\/wp\/v2\/types\/post"}],"author":[{"embeddable":true,"href":"https:\/\/jorgezanoni.com.br\/2019\/wp-json\/wp\/v2\/users\/1"}],"replies":[{"embeddable":true,"href":"https:\/\/jorgezanoni.com.br\/2019\/wp-json\/wp\/v2\/comments?post=52180"}],"version-history":[{"count":0,"href":"https:\/\/jorgezanoni.com.br\/2019\/wp-json\/wp\/v2\/posts\/52180\/revisions"}],"wp:featuredmedia":[{"embeddable":true,"href":"https:\/\/jorgezanoni.com.br\/2019\/wp-json\/wp\/v2\/media\/52181"}],"wp:attachment":[{"href":"https:\/\/jorgezanoni.com.br\/2019\/wp-json\/wp\/v2\/media?parent=52180"}],"wp:term":[{"taxonomy":"category","embeddable":true,"href":"https:\/\/jorgezanoni.com.br\/2019\/wp-json\/wp\/v2\/categories?post=52180"},{"taxonomy":"post_tag","embeddable":true,"href":"https:\/\/jorgezanoni.com.br\/2019\/wp-json\/wp\/v2\/tags?post=52180"}],"curies":[{"name":"wp","href":"https:\/\/api.w.org\/{rel}","templated":true}]}}