{"id":52176,"date":"2021-08-12T22:46:19","date_gmt":"2021-08-12T22:46:19","guid":{"rendered":"https:\/\/jorgezanoni.com.br\/2019\/?p=52176"},"modified":"2021-08-12T22:52:09","modified_gmt":"2021-08-12T22:52:09","slug":"site-jz-atraves-de-seu-diretor-jorge-zanoni-entrevista-pres-da-emdaep-guido-baggio","status":"publish","type":"post","link":"https:\/\/jorgezanoni.com.br\/2019\/site-jz-atraves-de-seu-diretor-jorge-zanoni-entrevista-pres-da-emdaep-guido-baggio\/","title":{"rendered":"Site JZ atrav\u00e9s de seu diretor Jorge Zanoni entrevista Pres. da EMDAEP Guido Baggio"},"content":{"rendered":"<p style=\"text-align: justify;\"><strong class=\"style4\">Presidente da EMDAEP concede mais uma entrevista sobre o Refis.<\/strong><\/p>\n<p class=\"cinzaescuro11\" style=\"text-align: justify;\">Nesta quarta-feira (11), o vice-prefeito Guido Francisco Baggio, presidente da EMDAEP, concedeu entrevista ao site Jorge Zanoni sobre o programa de parcelamento de contas de \u00e1gua atrasadas, que tem prazo de ades\u00e3o at\u00e9 dia 28 de outubro. Guido Baggio tamb\u00e9m falou sobre inadimpl\u00eancia de consumidores e investimentos da empresa. Confira a entrevista no site Jorge Zanoni e em suas p\u00e1ginas nas redes sociais.<\/p>\n<p style=\"text-align: justify;\">Fonte: Assessoria de Imprensa EMDAEP<\/p>\n","protected":false},"excerpt":{"rendered":"<p>Presidente da EMDAEP concede mais uma entrevista sobre o Refis. Nesta quarta-feira (11), o vice-prefeito Guido Francisco Baggio, presidente da EMDAEP, concedeu entrevista ao site Jorge Zanoni sobre o programa de parcelamento de contas de \u00e1gua atrasadas, que tem prazo de ades\u00e3o at\u00e9 dia 28 de outubro. Guido Baggio tamb\u00e9m falou sobre inadimpl\u00eancia de consumidores [&hellip;]<\/p>\n","protected":false},"author":1,"featured_media":52179,"comment_status":"closed","ping_status":"open","sticky":false,"template":"","format":"standard","meta":{"footnotes":""},"categories":[179,184,110],"tags":[],"class_list":["post-52176","post","type-post","status-publish","format-standard","has-post-thumbnail","hentry","category-cidadeseregiao","category-dracena","category-noticiasdestaque"],"_links":{"self":[{"href":"https:\/\/jorgezanoni.com.br\/2019\/wp-json\/wp\/v2\/posts\/52176","targetHints":{"allow":["GET"]}}],"collection":[{"href":"https:\/\/jorgezanoni.com.br\/2019\/wp-json\/wp\/v2\/posts"}],"about":[{"href":"https:\/\/jorgezanoni.com.br\/2019\/wp-json\/wp\/v2\/types\/post"}],"author":[{"embeddable":true,"href":"https:\/\/jorgezanoni.com.br\/2019\/wp-json\/wp\/v2\/users\/1"}],"replies":[{"embeddable":true,"href":"https:\/\/jorgezanoni.com.br\/2019\/wp-json\/wp\/v2\/comments?post=52176"}],"version-history":[{"count":0,"href":"https:\/\/jorgezanoni.com.br\/2019\/wp-json\/wp\/v2\/posts\/52176\/revisions"}],"wp:featuredmedia":[{"embeddable":true,"href":"https:\/\/jorgezanoni.com.br\/2019\/wp-json\/wp\/v2\/media\/52179"}],"wp:attachment":[{"href":"https:\/\/jorgezanoni.com.br\/2019\/wp-json\/wp\/v2\/media?parent=52176"}],"wp:term":[{"taxonomy":"category","embeddable":true,"href":"https:\/\/jorgezanoni.com.br\/2019\/wp-json\/wp\/v2\/categories?post=52176"},{"taxonomy":"post_tag","embeddable":true,"href":"https:\/\/jorgezanoni.com.br\/2019\/wp-json\/wp\/v2\/tags?post=52176"}],"curies":[{"name":"wp","href":"https:\/\/api.w.org\/{rel}","templated":true}]}}