{"id":52173,"date":"2021-08-12T21:50:20","date_gmt":"2021-08-12T21:50:20","guid":{"rendered":"https:\/\/jorgezanoni.com.br\/2019\/?p=52173"},"modified":"2021-08-12T21:50:20","modified_gmt":"2021-08-12T21:50:20","slug":"policia-militar-prende-dois-individuos-por-trafico-de-drogas-em-dracena","status":"publish","type":"post","link":"https:\/\/jorgezanoni.com.br\/2019\/policia-militar-prende-dois-individuos-por-trafico-de-drogas-em-dracena\/","title":{"rendered":"Pol\u00edcia Militar prende dois indiv\u00edduos por Tr\u00e1fico de Drogas em Dracena"},"content":{"rendered":"<p style=\"text-align: justify;\"><strong>POLICIA MILITAR PRENDE DOIS INDIV\u00cdDUOS POR TR\u00c1FICO DE DROGAS EM DRACENA.<\/strong><\/p>\n<p style=\"text-align: justify;\">Na data de ontem (11) por volta das 19h40mim durante patrulhamento pela munic\u00edpio de Dracena, pela Rua S\u00e3o Manoel, esquina com a Rua Almirante Barroso, avistamos um Ve\u00edculo Honda Civic que ao ver a viatura policial, o motorista acelerou o ve\u00edculo n\u00e3o obedecendo os sinais luminosos e sonoros da viatura, sendo poss\u00edvel a abordagem a alguns quarteir\u00f5es \u00e0 frente, pela Rua Dr Gast\u00e3o Vidigal.<br \/>\nNo ve\u00edculo haviam 2 indiv\u00edduos do sexo masculino de 20 e 21 anos, que foram abordados e nada de il\u00edcito havia com os mesmos, apenas o valor de R$ 140,00 e com o outro, o valor de R$ 300,00.<br \/>\nAo fazer a revista no ve\u00edculo, foi encontrado, no console dianteiro, 18 por\u00e7\u00f5es de maconha.<br \/>\nO passageiro, ao ver que a droga fora encontrada, tentou correr, sendo contido pelos policiais militares.<br \/>\nVe\u00edculo, drogas apreendidas e indiciado permanecendo \u00e0 disposi\u00e7\u00e3o da Justi\u00e7a e o ve\u00edculo apreendido.<\/p>\n<p style=\"text-align: justify;\">Fonte: Com. Social Pol\u00edcia Militar<\/p>\n","protected":false},"excerpt":{"rendered":"<p>POLICIA MILITAR PRENDE DOIS INDIV\u00cdDUOS POR TR\u00c1FICO DE DROGAS EM DRACENA. Na data de ontem (11) por volta das 19h40mim durante patrulhamento pela munic\u00edpio de Dracena, pela Rua S\u00e3o Manoel, esquina com a Rua Almirante Barroso, avistamos um Ve\u00edculo Honda Civic que ao ver a viatura policial, o motorista acelerou o ve\u00edculo n\u00e3o obedecendo os [&hellip;]<\/p>\n","protected":false},"author":1,"featured_media":52174,"comment_status":"closed","ping_status":"open","sticky":false,"template":"","format":"standard","meta":{"footnotes":""},"categories":[110,2],"tags":[],"class_list":["post-52173","post","type-post","status-publish","format-standard","has-post-thumbnail","hentry","category-noticiasdestaque","category-policial"],"_links":{"self":[{"href":"https:\/\/jorgezanoni.com.br\/2019\/wp-json\/wp\/v2\/posts\/52173","targetHints":{"allow":["GET"]}}],"collection":[{"href":"https:\/\/jorgezanoni.com.br\/2019\/wp-json\/wp\/v2\/posts"}],"about":[{"href":"https:\/\/jorgezanoni.com.br\/2019\/wp-json\/wp\/v2\/types\/post"}],"author":[{"embeddable":true,"href":"https:\/\/jorgezanoni.com.br\/2019\/wp-json\/wp\/v2\/users\/1"}],"replies":[{"embeddable":true,"href":"https:\/\/jorgezanoni.com.br\/2019\/wp-json\/wp\/v2\/comments?post=52173"}],"version-history":[{"count":0,"href":"https:\/\/jorgezanoni.com.br\/2019\/wp-json\/wp\/v2\/posts\/52173\/revisions"}],"wp:featuredmedia":[{"embeddable":true,"href":"https:\/\/jorgezanoni.com.br\/2019\/wp-json\/wp\/v2\/media\/52174"}],"wp:attachment":[{"href":"https:\/\/jorgezanoni.com.br\/2019\/wp-json\/wp\/v2\/media?parent=52173"}],"wp:term":[{"taxonomy":"category","embeddable":true,"href":"https:\/\/jorgezanoni.com.br\/2019\/wp-json\/wp\/v2\/categories?post=52173"},{"taxonomy":"post_tag","embeddable":true,"href":"https:\/\/jorgezanoni.com.br\/2019\/wp-json\/wp\/v2\/tags?post=52173"}],"curies":[{"name":"wp","href":"https:\/\/api.w.org\/{rel}","templated":true}]}}