{"id":52170,"date":"2021-08-12T21:21:39","date_gmt":"2021-08-12T21:21:39","guid":{"rendered":"https:\/\/jorgezanoni.com.br\/2019\/?p=52170"},"modified":"2021-08-12T21:21:39","modified_gmt":"2021-08-12T21:21:39","slug":"refis-de-dracena-arrecadacao-enviara-a-partir-da-proxima-semana-carta-cobranca-a-contribuinetes-em-debito","status":"publish","type":"post","link":"https:\/\/jorgezanoni.com.br\/2019\/refis-de-dracena-arrecadacao-enviara-a-partir-da-proxima-semana-carta-cobranca-a-contribuinetes-em-debito\/","title":{"rendered":"REFIS DE DRACENA: Arrecada\u00e7\u00e3o enviar\u00e1 a partir da pr\u00f3xima semana carta cobran\u00e7a a contribu\u00ednetes em d\u00e9bito"},"content":{"rendered":"<div class=\"ntc_resumo_noticia sw_lato_bold\" style=\"text-align: justify;\"><strong>A d\u00edvida ativa do munic\u00edpio est\u00e1 em R$ 24 milh\u00f5es e o prazo para aderir ao Refis segue at\u00e9 o dia 30 de novembro deste ano.<\/strong><\/div>\n<div><\/div>\n<div class=\"ntc_descricao_noticia\">\n<div class=\"ntc_cont_descricao_noticia sw_txteditor\">\n<div style=\"text-align: justify;\">A Secretaria de Fazenda informa que o prazo para aderir ao Programa de Recupera\u00e7\u00e3o Fiscal de Dracena &#8211; Refis Municipal &#8211; est\u00e1 se aproximando do fim, 30 de novembro. \u00c9 uma oportunidade daqueles que t\u00eam d\u00edvidas com o munic\u00edpio de regularizar os cr\u00e9ditos tribut\u00e1rios mobili\u00e1rios e imobili\u00e1rios e cr\u00e9ditos n\u00e3o tribut\u00e1rios, vencidos at\u00e9 31 de dezembro de 2020, inscritos em d\u00edvida ativa, ajuizados ou n\u00e3o, com exigibilidade suspensa ou n\u00e3o.<br \/>\nO valor da d\u00edvida ativa do munic\u00edpio representa um montante de R$ 24 milh\u00f5es.<br \/>\nA partir da pr\u00f3xima segunda-feira, dia 16\/08, a Diretoria de Arrecada\u00e7\u00e3o, Tributa\u00e7\u00e3o, Fiscaliza\u00e7\u00e3o e Julgamento da municipalidade come\u00e7ar\u00e1 a emitir correspond\u00eancias carta cobran\u00e7a aos contribuintes que est\u00e3o em d\u00e9bito. A diretora do setor Matilde Lopes de Oliveira Santos informa que dever\u00e3o ser enviadas mais d 4 mil cartas.<br \/>\nA Diretoria de Arrecada\u00e7\u00e3o fez um levantamento de como est\u00e1 a ades\u00e3o ao Refis. Conforme os n\u00fameros obtidos at\u00e9 na quarta-feira, 11\/08, a quantidade de guias pagas \u00e0 vista foi de 979, resultando em um total de R$ 635.174,65.<br \/>\nCom rela\u00e7\u00e3o aos parcelamentos at\u00e9 o mesmo per\u00edodo, quarta-feira passada, a Prefeitura obteve 183, cujo recebimento foi de R$ 77.515,87 e o total parcelado atingiu R$ 605.634,66.<\/div>\n<div style=\"text-align: justify;\"><\/div>\n<div style=\"text-align: justify;\"><strong>CONFIRA MAIS SOBRE O REFIS<\/strong><br \/>\nPessoas f\u00edsicas ou jur\u00eddicas que aderirem ao Refis Municipal ter\u00e3o os seguintes benef\u00edcios, sobre a multa de mora e juros de mora, incidentes sobre os cr\u00e9ditos tribut\u00e1rios vencidos at\u00e9 31 de dezembro de 2020: desconto de 100% (cem por cento) do valor dos juros e multas para pagamento \u00e0 vista; redu\u00e7\u00e3o de 90% (noventa\u00a0 por cento) do valor dos juros e multas para pagamento em at\u00e9 06 meses; redu\u00e7\u00e3o de 80% (oitenta por cento) do valor dos juros e multas para pagamento de 07 a 12 meses; redu\u00e7\u00e3o de 70% (setenta por cento) do valor dos juros e multas para pagamento de 13 a 24 meses; redu\u00e7\u00e3o de 60% (sessenta por cento) do valor dos juros e multas para pagamento de 25 a 60 meses.<\/p>\n<p><strong>SERVI\u00c7O<\/strong><br \/>\nInteressados em aderir ao Refis devem comparecer ao pa\u00e7o municipal \u2013 na Av. Jos\u00e9 Bonif\u00e1cio, 1.437, no hor\u00e1rio comercial. O telefone da Prefeitura \u00e9 (18) 3821-8003.<br \/>\nConfira na \u00edntegra a lei 4.855 de 27 de abril de 2021 no Di\u00e1rio Oficial no site da Prefeitura\u00a0<a href=\"http:\/\/www.dracena.sp.gov.br\/\">www.dracena.sp.gov.br<\/a>.<\/div>\n<div style=\"text-align: justify;\"><\/div>\n<div style=\"text-align: justify;\">Fonte: Diretoria de Comunica\u00e7\u00e3o<\/div>\n<\/div>\n<\/div>\n","protected":false},"excerpt":{"rendered":"<p>A d\u00edvida ativa do munic\u00edpio est\u00e1 em R$ 24 milh\u00f5es e o prazo para aderir ao Refis segue at\u00e9 o dia 30 de novembro deste ano. A Secretaria de Fazenda informa que o prazo para aderir ao Programa de Recupera\u00e7\u00e3o Fiscal de Dracena &#8211; Refis Municipal &#8211; est\u00e1 se aproximando do fim, 30 de novembro. [&hellip;]<\/p>\n","protected":false},"author":1,"featured_media":52171,"comment_status":"closed","ping_status":"open","sticky":false,"template":"","format":"standard","meta":{"footnotes":""},"categories":[179,184,110],"tags":[],"class_list":["post-52170","post","type-post","status-publish","format-standard","has-post-thumbnail","hentry","category-cidadeseregiao","category-dracena","category-noticiasdestaque"],"_links":{"self":[{"href":"https:\/\/jorgezanoni.com.br\/2019\/wp-json\/wp\/v2\/posts\/52170","targetHints":{"allow":["GET"]}}],"collection":[{"href":"https:\/\/jorgezanoni.com.br\/2019\/wp-json\/wp\/v2\/posts"}],"about":[{"href":"https:\/\/jorgezanoni.com.br\/2019\/wp-json\/wp\/v2\/types\/post"}],"author":[{"embeddable":true,"href":"https:\/\/jorgezanoni.com.br\/2019\/wp-json\/wp\/v2\/users\/1"}],"replies":[{"embeddable":true,"href":"https:\/\/jorgezanoni.com.br\/2019\/wp-json\/wp\/v2\/comments?post=52170"}],"version-history":[{"count":0,"href":"https:\/\/jorgezanoni.com.br\/2019\/wp-json\/wp\/v2\/posts\/52170\/revisions"}],"wp:featuredmedia":[{"embeddable":true,"href":"https:\/\/jorgezanoni.com.br\/2019\/wp-json\/wp\/v2\/media\/52171"}],"wp:attachment":[{"href":"https:\/\/jorgezanoni.com.br\/2019\/wp-json\/wp\/v2\/media?parent=52170"}],"wp:term":[{"taxonomy":"category","embeddable":true,"href":"https:\/\/jorgezanoni.com.br\/2019\/wp-json\/wp\/v2\/categories?post=52170"},{"taxonomy":"post_tag","embeddable":true,"href":"https:\/\/jorgezanoni.com.br\/2019\/wp-json\/wp\/v2\/tags?post=52170"}],"curies":[{"name":"wp","href":"https:\/\/api.w.org\/{rel}","templated":true}]}}