{"id":52167,"date":"2021-08-12T21:08:14","date_gmt":"2021-08-12T21:08:14","guid":{"rendered":"https:\/\/jorgezanoni.com.br\/2019\/?p=52167"},"modified":"2021-08-12T21:08:14","modified_gmt":"2021-08-12T21:08:14","slug":"policia-civil-prende-homem-em-flagrante-e-desarticula-ponto-de-trafico-de-drogas-em-dracena","status":"publish","type":"post","link":"https:\/\/jorgezanoni.com.br\/2019\/policia-civil-prende-homem-em-flagrante-e-desarticula-ponto-de-trafico-de-drogas-em-dracena\/","title":{"rendered":"Pol\u00edcia Civil prende homem em flagrante e desarticula ponto de Tr\u00e1fico de Drogas em Dracena"},"content":{"rendered":"<p style=\"text-align: justify;\"><strong>No ponto de tr\u00e1fico foram apreendidos por\u00e7\u00f5es de crack, dois celulares, dinheiro e apetrecho que s\u00e3o comumente usados para embalar entorpecentes. A\u00e7\u00e3o aconteceu no bairro Jardim Brasil\u00e2ndia.<\/strong><\/p>\n<p style=\"text-align: justify;\">A Pol\u00edcia Civil, por interm\u00e9dio da Delegacia de Investiga\u00e7\u00f5es Gerais &#8211; DIG e Delegacia de Investiga\u00e7\u00f5es Sobre Entorpecentes &#8211; DISE de Dracena, prendeu nesta quarta-feira (11), um homem de 22 anos, suspeito de ser o dono de uma \u201cbiqueira\u201d de drogas, situada no bairro Jardim Brasil\u00e2ndia. No local, os agentes, localizaram e apreenderam nove por\u00e7\u00f5es de crack, celulares, dinheiro e um rolo de filme pl\u00e1stico material que \u00e9 utilizado para embalar drogas.<\/p>\n<p style=\"text-align: justify;\">A a\u00e7\u00e3o policial \u00e9 fruto de investiga\u00e7\u00e3o que tem como objetivo coibir e reprimir pontos de tr\u00e1fico de drogas. Desta forma, utilizando m\u00e9todos de trabalho de campo, os policiais civis realizaram o monitoramento da resid\u00eancia do suspeito, cujas informa\u00e7\u00f5es davam conta de que o indiv\u00edduo estaria vendendo drogas no referido endere\u00e7o.<\/p>\n<p style=\"text-align: justify;\">Em dado momento, os agentes observaram que o investigado aparentava estar realizando uma venda de drogas a um prov\u00e1vel usu\u00e1rio e durante a aproxima\u00e7\u00e3o policial para realizar a abordagem, empreenderam fuga para o interior do im\u00f3vel.<\/p>\n<p style=\"text-align: justify;\">Diante, das fundadas suspeitas os policiais ingressaram no im\u00f3vel, quando ent\u00e3o conseguiram deter o homem acusado j\u00e1 no banheiro, jogando por\u00e7\u00f5es de drogas no vaso sanit\u00e1rio e acionando a descarga. Ao passo, que o outro indiv\u00edduo que estava negociando a compra de drogas, conseguiu fugir pulando um muro lateral, tomando rumo ignorado.<\/p>\n<p style=\"text-align: justify;\">Muito embora o suspeito tenha jogado as por\u00e7\u00f5es de crack em dire\u00e7\u00e3o ao vaso sanit\u00e1rio, algumas delas ca\u00edram do lado externo, sendo poss\u00edvel recuperar nove por\u00e7\u00f5es do entorpecente, todas elas acondicionadas em embalagem pl\u00e1stica, pronta para comercializa\u00e7\u00e3o. Com o detido foi encontrado ainda certa quantia em dinheiro, em notas de valores diversos.<\/p>\n<p style=\"text-align: justify;\">O vaso sanit\u00e1rio foi removido, sendo realizadas tentativas visando recuperar o restante do material il\u00edcito dispensado na descarga, por\u00e9m sem \u00eaxito. Uma equipe da Pol\u00edcia T\u00e9cnico Cientifica foi acionada para realizar pericia em local de tr\u00e1fico.<\/p>\n<p style=\"text-align: justify;\">O homem foi conduzido \u00e0 sede das Unidades Especializadas, onde foi ratificada a pris\u00e3o em flagrante pelo crime tr\u00e1fico de drogas. Ao ser ouvido durante o seu interrogat\u00f3rio, na presen\u00e7a da esposa, o homem afirmou que havia come\u00e7ado a traficar drogas h\u00e1 pouco tempo, que j\u00e1 tinha ganho cerca de R$ 600,00 com a atividade il\u00edcita. Informou ainda, que n\u00e3o sabe o nome do outro indiv\u00edduo para quem estava vendendo as drogas, no momento da abordagem.<\/p>\n<p>Ap\u00f3s os procedimentos de pol\u00edcia judici\u00e1ria o homem foi recolhido ao sistema prisional, ficando \u00e0 disposi\u00e7\u00e3o da Justi\u00e7a.<\/p>\n<p style=\"text-align: justify;\">Fonte: Com. Social Pol\u00edcia Civil<\/p>\n","protected":false},"excerpt":{"rendered":"<p>No ponto de tr\u00e1fico foram apreendidos por\u00e7\u00f5es de crack, dois celulares, dinheiro e apetrecho que s\u00e3o comumente usados para embalar entorpecentes. A\u00e7\u00e3o aconteceu no bairro Jardim Brasil\u00e2ndia. A Pol\u00edcia Civil, por interm\u00e9dio da Delegacia de Investiga\u00e7\u00f5es Gerais &#8211; DIG e Delegacia de Investiga\u00e7\u00f5es Sobre Entorpecentes &#8211; DISE de Dracena, prendeu nesta quarta-feira (11), um homem [&hellip;]<\/p>\n","protected":false},"author":1,"featured_media":52168,"comment_status":"closed","ping_status":"open","sticky":false,"template":"","format":"standard","meta":{"footnotes":""},"categories":[110,2],"tags":[],"class_list":["post-52167","post","type-post","status-publish","format-standard","has-post-thumbnail","hentry","category-noticiasdestaque","category-policial"],"_links":{"self":[{"href":"https:\/\/jorgezanoni.com.br\/2019\/wp-json\/wp\/v2\/posts\/52167","targetHints":{"allow":["GET"]}}],"collection":[{"href":"https:\/\/jorgezanoni.com.br\/2019\/wp-json\/wp\/v2\/posts"}],"about":[{"href":"https:\/\/jorgezanoni.com.br\/2019\/wp-json\/wp\/v2\/types\/post"}],"author":[{"embeddable":true,"href":"https:\/\/jorgezanoni.com.br\/2019\/wp-json\/wp\/v2\/users\/1"}],"replies":[{"embeddable":true,"href":"https:\/\/jorgezanoni.com.br\/2019\/wp-json\/wp\/v2\/comments?post=52167"}],"version-history":[{"count":0,"href":"https:\/\/jorgezanoni.com.br\/2019\/wp-json\/wp\/v2\/posts\/52167\/revisions"}],"wp:featuredmedia":[{"embeddable":true,"href":"https:\/\/jorgezanoni.com.br\/2019\/wp-json\/wp\/v2\/media\/52168"}],"wp:attachment":[{"href":"https:\/\/jorgezanoni.com.br\/2019\/wp-json\/wp\/v2\/media?parent=52167"}],"wp:term":[{"taxonomy":"category","embeddable":true,"href":"https:\/\/jorgezanoni.com.br\/2019\/wp-json\/wp\/v2\/categories?post=52167"},{"taxonomy":"post_tag","embeddable":true,"href":"https:\/\/jorgezanoni.com.br\/2019\/wp-json\/wp\/v2\/tags?post=52167"}],"curies":[{"name":"wp","href":"https:\/\/api.w.org\/{rel}","templated":true}]}}