{"id":52163,"date":"2021-08-12T16:43:15","date_gmt":"2021-08-12T16:43:15","guid":{"rendered":"https:\/\/jorgezanoni.com.br\/2019\/?p=52163"},"modified":"2021-08-12T16:43:15","modified_gmt":"2021-08-12T16:43:15","slug":"em-dracena-homem-e-preso-com-revolver-e-alega-que-arma-era-para-acertar-contas-com-outro-individuo","status":"publish","type":"post","link":"https:\/\/jorgezanoni.com.br\/2019\/em-dracena-homem-e-preso-com-revolver-e-alega-que-arma-era-para-acertar-contas-com-outro-individuo\/","title":{"rendered":"Em Dracena homem \u00e9 preso com rev\u00f3lver e alega que arma era para \u2018acertar contas com outro indiv\u00edduo\u2019"},"content":{"rendered":"<h2 class=\"content-head__subtitle\" style=\"text-align: justify;\"><strong>Rapaz de 29 anos tentou fugir correndo, mas foi detido pela Pol\u00edcia Militar, no Jardim Brasil\u00e2ndia, em Dracena.<\/strong><\/h2>\n<div class=\"mc-column content-text active-extra-styles \" data-block-type=\"unstyled\" data-block-weight=\"24\" data-block-id=\"2\">\n<p class=\"content-text__container \" style=\"text-align: justify;\" data-track-category=\"Link no Texto\" data-track-links=\"\">Um homem de 29 anos foi preso em flagrante por porte ilegal de arma de fogo de uso restrito nesta quarta-feira (11), em\u00a0<a href=\"https:\/\/g1.globo.com\/sp\/presidente-prudente-regiao\/cidade\/dracena\/\">Dracena<\/a>.<\/p>\n<\/div>\n<div class=\"wall protected-content\">\n<div class=\"mc-column content-text active-extra-styles \" style=\"text-align: justify;\" data-block-type=\"unstyled\" data-block-weight=\"19\" data-block-id=\"3\">\n<p class=\"content-text__container \" data-track-category=\"Link no Texto\" data-track-links=\"\">Conforme a Pol\u00edcia Militar, ele foi visto pela equipe da For\u00e7a T\u00e1tica ao atravessar uma rua no Jardim Brasil\u00e2ndia.<\/p>\n<\/div>\n<div class=\"mc-column content-text active-extra-styles \" style=\"text-align: justify;\" data-block-type=\"unstyled\" data-block-weight=\"44\" data-block-id=\"4\">\n<p class=\"content-text__container \" data-track-category=\"Link no Texto\" data-track-links=\"\">Ao notar os policiais, ele tentou fugir correndo em dire\u00e7\u00e3o a sua casa. Por\u00e9m, ele foi abordado. Durante a busca pessoal, os policiais encontraram em sua cintura um rev\u00f3lver calibre 22 municiado, e 11 muni\u00e7\u00f5es de mesmo calibre, sendo cinco \u00edntegras e seis deflagradas.<\/p>\n<\/div>\n<div class=\"mc-column content-text active-extra-styles \" style=\"text-align: justify;\" data-block-type=\"unstyled\" data-block-weight=\"21\" data-block-id=\"5\">\n<p class=\"content-text__container \" data-track-category=\"Link no Texto\" data-track-links=\"\">Ainda de acordo com a PM, questionado, o homem alegou que a arma era para \u201cacertar contas com um outro indiv\u00edduo\u201d.<\/p>\n<\/div>\n<div class=\"mc-column content-text active-extra-styles \" data-block-type=\"unstyled\" data-block-weight=\"22\" data-block-id=\"6\">\n<p class=\"content-text__container \" style=\"text-align: justify;\" data-track-category=\"Link no Texto\" data-track-links=\"\">Diante da situa\u00e7\u00e3o, ele foi preso em flagrante e levado para a Delegacia de Pol\u00edcia Civil. Ele permaneceu \u00e0 disposi\u00e7\u00e3o da Justi\u00e7a.<\/p>\n<p data-track-category=\"Link no Texto\" data-track-links=\"\">Fonte: G1, Pol\u00edcia Militar e Civil<\/p>\n<p data-track-category=\"Link no Texto\" data-track-links=\"\">Comp. Jorge Zanoni<\/p>\n<\/div>\n<\/div>\n","protected":false},"excerpt":{"rendered":"<p>Rapaz de 29 anos tentou fugir correndo, mas foi detido pela Pol\u00edcia Militar, no Jardim Brasil\u00e2ndia, em Dracena. Um homem de 29 anos foi preso em flagrante por porte ilegal de arma de fogo de uso restrito nesta quarta-feira (11), em\u00a0Dracena. Conforme a Pol\u00edcia Militar, ele foi visto pela equipe da For\u00e7a T\u00e1tica ao atravessar [&hellip;]<\/p>\n","protected":false},"author":1,"featured_media":52164,"comment_status":"closed","ping_status":"open","sticky":false,"template":"","format":"standard","meta":{"footnotes":""},"categories":[110,2],"tags":[],"class_list":["post-52163","post","type-post","status-publish","format-standard","has-post-thumbnail","hentry","category-noticiasdestaque","category-policial"],"_links":{"self":[{"href":"https:\/\/jorgezanoni.com.br\/2019\/wp-json\/wp\/v2\/posts\/52163","targetHints":{"allow":["GET"]}}],"collection":[{"href":"https:\/\/jorgezanoni.com.br\/2019\/wp-json\/wp\/v2\/posts"}],"about":[{"href":"https:\/\/jorgezanoni.com.br\/2019\/wp-json\/wp\/v2\/types\/post"}],"author":[{"embeddable":true,"href":"https:\/\/jorgezanoni.com.br\/2019\/wp-json\/wp\/v2\/users\/1"}],"replies":[{"embeddable":true,"href":"https:\/\/jorgezanoni.com.br\/2019\/wp-json\/wp\/v2\/comments?post=52163"}],"version-history":[{"count":0,"href":"https:\/\/jorgezanoni.com.br\/2019\/wp-json\/wp\/v2\/posts\/52163\/revisions"}],"wp:featuredmedia":[{"embeddable":true,"href":"https:\/\/jorgezanoni.com.br\/2019\/wp-json\/wp\/v2\/media\/52164"}],"wp:attachment":[{"href":"https:\/\/jorgezanoni.com.br\/2019\/wp-json\/wp\/v2\/media?parent=52163"}],"wp:term":[{"taxonomy":"category","embeddable":true,"href":"https:\/\/jorgezanoni.com.br\/2019\/wp-json\/wp\/v2\/categories?post=52163"},{"taxonomy":"post_tag","embeddable":true,"href":"https:\/\/jorgezanoni.com.br\/2019\/wp-json\/wp\/v2\/tags?post=52163"}],"curies":[{"name":"wp","href":"https:\/\/api.w.org\/{rel}","templated":true}]}}