{"id":52154,"date":"2021-08-12T15:13:04","date_gmt":"2021-08-12T15:13:04","guid":{"rendered":"https:\/\/jorgezanoni.com.br\/2019\/?p=52154"},"modified":"2021-08-12T15:27:31","modified_gmt":"2021-08-12T15:27:31","slug":"tarcisio-meira-morre-de-covid-aos-85-anos","status":"publish","type":"post","link":"https:\/\/jorgezanoni.com.br\/2019\/tarcisio-meira-morre-de-covid-aos-85-anos\/","title":{"rendered":"Tarc\u00edsio Meira morre de Covid aos 85 anos"},"content":{"rendered":"<h2 class=\"content-head__subtitle\" style=\"text-align: justify;\"><strong>\u00cdcone da dramaturgia, com mais de 60 anos de carreira, ele estava internado com Covid na UTI do Albert Einstein, na Zona Sul de SP. Ator e sua esposa, a atriz Gl\u00f3ria Menezes, de 86 anos, deram entrada no hospital na \u00faltima sexta (6) ap\u00f3s serem diagnosticados com a doen\u00e7a.<\/strong><\/h2>\n<div class=\"mc-column content-text active-extra-styles \" data-block-type=\"unstyled\" data-block-weight=\"20\" data-block-id=\"2\">\n<p class=\"content-text__container \" style=\"text-align: justify;\" data-track-category=\"Link no Texto\" data-track-links=\"\">O ator\u00a0<a href=\"https:\/\/g1.globo.com\/tudo-sobre\/tarcisio-meira\/\">Tarc\u00edsio Meira<\/a>\u00a0morreu na manh\u00e3 desta quinta-feira (12), v\u00edtima da Covid-19, aos 85 anos, em S\u00e3o Paulo.<\/p>\n<\/div>\n<div class=\"wall protected-content\">\n<div class=\"mc-column content-text active-extra-styles \" style=\"text-align: justify;\" data-block-type=\"unstyled\" data-block-weight=\"18\" data-block-id=\"3\">\n<p class=\"content-text__container \" data-track-category=\"Link no Texto\" data-track-links=\"\">Ele estava internado no hospital Albert Einstein, na Zona Sul da cidade, em tratamento contra a doen\u00e7a.<\/p>\n<\/div>\n<div class=\"mc-column content-text active-extra-styles\" style=\"text-align: justify;\" data-block-type=\"raw\" data-block-weight=\"30\" data-block-id=\"4\">\n<ul class=\"content-unordered-list\">\n<li><a href=\"https:\/\/g1.globo.com\/pop-arte\/noticia\/2021\/08\/12\/tarcisio-meira-fotos.ghtml\">Veja fotos e relembre a carreira do ator<\/a><\/li>\n<li><a href=\"https:\/\/g1.globo.com\/pop-arte\/noticia\/2021\/08\/12\/tarcisio-meira-dezenas-de-novelas-e-parceria-em-cena-com-a-mulher-gloria-menezes-marcaram-os-60-anos-de-carreira-do-ator.ghtml\">Tarc\u00edsio Meira: dezenas de novelas e parceria em cena com a mulher, Gl\u00f3ria Menezes, marcaram os 60 anos de carreira do ator<\/a><\/li>\n<\/ul>\n<\/div>\n<div class=\"mc-column content-text active-extra-styles \" data-block-type=\"unstyled\" data-block-weight=\"32\" data-block-id=\"5\">\n<p class=\"content-text__container \" style=\"text-align: justify;\" data-track-category=\"Link no Texto\" data-track-links=\"\">Tarc\u00edsio e sua esposa, a atriz\u00a0<a href=\"https:\/\/g1.globo.com\/tudo-sobre\/gloria-menezes\/\">Gl\u00f3ria Menezes<\/a>, de 86 anos, deram entrada no hospital na \u00faltima sexta-feira (6). O artista chegou a ser intubado na UTI e fazer hemodi\u00e1lise cont\u00ednua.<\/p>\n<div class=\"mc-column content-text active-extra-styles \" style=\"text-align: justify;\" data-block-type=\"unstyled\" data-block-weight=\"32\" data-block-id=\"8\">\n<p class=\"content-text__container \" data-track-category=\"Link no Texto\" data-track-links=\"\">De acordo com o boletim m\u00e9dico divulgado pelo hospital nesta quarta (11), a atriz est\u00e1 se recuperando bem e recebe aux\u00edlio de oxig\u00eanio via nasal. Ela est\u00e1 internada em um apartamento.<\/p>\n<\/div>\n<div class=\"mc-column content-text active-extra-styles \" style=\"text-align: justify;\" data-block-type=\"unstyled\" data-block-weight=\"23\" data-block-id=\"9\">\n<p class=\"content-text__container \" data-track-category=\"Link no Texto\" data-track-links=\"\">Ambos receberam a 2\u00aa dose da vacina contra Covid em\u00a0<a href=\"https:\/\/g1.globo.com\/sp\/sorocaba-jundiai\/noticia\/2021\/03\/17\/tarcisio-meira-e-gloria-menezes-recebem-2a-dose-da-vacina-contra-covid-nao-podemos-nos-descuidar.ghtml\">mar\u00e7o deste ano<\/a>, na cidade de Porto Feliz, no interior de S\u00e3o Paulo.<\/p>\n<\/div>\n<div class=\"mc-column content-text active-extra-styles \" data-block-type=\"unstyled\" data-block-weight=\"19\" data-block-id=\"10\">\n<p class=\"content-text__container \" style=\"text-align: justify;\" data-track-category=\"Link no Texto\" data-track-links=\"\">Na CPI da Covid, senadores fizeram 1 minuto de sil\u00eancio em mem\u00f3ria ao ator<\/p>\n<div class=\"mc-column content-text active-extra-styles \" style=\"text-align: justify;\" data-block-type=\"unstyled\" data-block-weight=\"23\" data-block-id=\"12\">\n<p class=\"content-text__container \" data-track-category=\"Link no Texto\" data-track-links=\"\"><span class=\"highlight highlighted\">Nenhuma vacina oferece prote\u00e7\u00e3o de 100% contra doen\u00e7as, mas todas reduzem o risco de infec\u00e7\u00e3o, hospitaliza\u00e7\u00e3o e morte<\/span>, principalmente depois da segunda dose.<\/p>\n<\/div>\n<div class=\"mc-column content-text active-extra-styles \" data-block-type=\"unstyled\" data-block-weight=\"52\" data-block-id=\"13\">\n<p class=\"content-text__container \" style=\"text-align: justify;\" data-track-category=\"Link no Texto\" data-track-links=\"\">\u00c9 importante lembrar que vacinas funcionam,\u00a0<span class=\"highlight highlighted\">mas n\u00e3o s\u00e3o infal\u00edveis<\/span>. Ainda assim, apesar de a probabilidade de infec\u00e7\u00e3o ap\u00f3s a vacina ser pequena, quanto mais a doen\u00e7a estiver circulando, maior \u00e9 o risco de o imunizante falhar. Por isso a necessidade de vacinar o maior n\u00famero de pessoas poss\u00edveis o quanto antes.<\/p>\n<p style=\"text-align: justify;\" data-track-category=\"Link no Texto\" data-track-links=\"\">Fonte: https:\/\/g1.globo.com\/sp\/sao-paulo\/noticia\/2021\/08\/12\/tarcisio-meira-morre-aos-85-anos-em-sp.ghtml<\/p>\n<p data-track-category=\"Link no Texto\" data-track-links=\"\">Comp. Jorge Zanoni<\/p>\n<\/div>\n<\/div>\n<\/div>\n<\/div>\n","protected":false},"excerpt":{"rendered":"<p>\u00cdcone da dramaturgia, com mais de 60 anos de carreira, ele estava internado com Covid na UTI do Albert Einstein, na Zona Sul de SP. Ator e sua esposa, a atriz Gl\u00f3ria Menezes, de 86 anos, deram entrada no hospital na \u00faltima sexta (6) ap\u00f3s serem diagnosticados com a doen\u00e7a. O ator\u00a0Tarc\u00edsio Meira\u00a0morreu na manh\u00e3 [&hellip;]<\/p>\n","protected":false},"author":1,"featured_media":52155,"comment_status":"closed","ping_status":"open","sticky":false,"template":"","format":"standard","meta":{"footnotes":""},"categories":[178,110],"tags":[],"class_list":["post-52154","post","type-post","status-publish","format-standard","has-post-thumbnail","hentry","category-notadefalecimento","category-noticiasdestaque"],"_links":{"self":[{"href":"https:\/\/jorgezanoni.com.br\/2019\/wp-json\/wp\/v2\/posts\/52154","targetHints":{"allow":["GET"]}}],"collection":[{"href":"https:\/\/jorgezanoni.com.br\/2019\/wp-json\/wp\/v2\/posts"}],"about":[{"href":"https:\/\/jorgezanoni.com.br\/2019\/wp-json\/wp\/v2\/types\/post"}],"author":[{"embeddable":true,"href":"https:\/\/jorgezanoni.com.br\/2019\/wp-json\/wp\/v2\/users\/1"}],"replies":[{"embeddable":true,"href":"https:\/\/jorgezanoni.com.br\/2019\/wp-json\/wp\/v2\/comments?post=52154"}],"version-history":[{"count":0,"href":"https:\/\/jorgezanoni.com.br\/2019\/wp-json\/wp\/v2\/posts\/52154\/revisions"}],"wp:featuredmedia":[{"embeddable":true,"href":"https:\/\/jorgezanoni.com.br\/2019\/wp-json\/wp\/v2\/media\/52155"}],"wp:attachment":[{"href":"https:\/\/jorgezanoni.com.br\/2019\/wp-json\/wp\/v2\/media?parent=52154"}],"wp:term":[{"taxonomy":"category","embeddable":true,"href":"https:\/\/jorgezanoni.com.br\/2019\/wp-json\/wp\/v2\/categories?post=52154"},{"taxonomy":"post_tag","embeddable":true,"href":"https:\/\/jorgezanoni.com.br\/2019\/wp-json\/wp\/v2\/tags?post=52154"}],"curies":[{"name":"wp","href":"https:\/\/api.w.org\/{rel}","templated":true}]}}