{"id":52151,"date":"2021-08-12T14:42:26","date_gmt":"2021-08-12T14:42:26","guid":{"rendered":"https:\/\/jorgezanoni.com.br\/2019\/?p=52151"},"modified":"2021-08-12T15:28:33","modified_gmt":"2021-08-12T15:28:33","slug":"paulo-jose-icone-do-cinema-do-teatro-e-da-tv-morre-aos-84-anos","status":"publish","type":"post","link":"https:\/\/jorgezanoni.com.br\/2019\/paulo-jose-icone-do-cinema-do-teatro-e-da-tv-morre-aos-84-anos\/","title":{"rendered":"Paulo Jos\u00e9, \u00edcone do cinema, do teatro e da TV, morre aos 84 anos"},"content":{"rendered":"<h2 class=\"content-head__subtitle\" style=\"text-align: justify;\"><strong>Ator estava internado havia 20 dias e faleceu em decorr\u00eancia de uma pneumonia. Artista conviveu com o Mal de Parkinson por mais de 20 anos.<\/strong><\/h2>\n<div class=\"mc-column content-text active-extra-styles \" data-block-type=\"unstyled\" data-block-weight=\"15\" data-block-id=\"2\">\n<p class=\"content-text__container \" data-track-category=\"Link no Texto\" data-track-links=\"\">Morreu no Rio de Janeiro, aos 84 anos, nesta quarta-feira (11), o ator Paulo Jos\u00e9.<\/p>\n<\/div>\n<div class=\"wall protected-content\">\n<div class=\"mc-column content-text active-extra-styles\" data-block-type=\"raw\" data-block-weight=\"11\" data-block-id=\"3\">\n<ul class=\"content-unordered-list\">\n<li><a href=\"https:\/\/g1.globo.com\/pop-arte\/noticia\/2021\/08\/11\/paulo-jose-morre-aos-84-anos-veja-repercussao.ghtml\">Veja repercuss\u00e3o sobre a morte do ator<\/a><\/li>\n<li><a href=\"https:\/\/memoriaglobo.globo.com\/perfil\/paulo-jose\/\">Mem\u00f3ria Globo: Paulo Jos\u00e9<\/a><\/li>\n<\/ul>\n<\/div>\n<div class=\"mc-column content-text active-extra-styles \" data-block-type=\"unstyled\" data-block-weight=\"25\" data-block-id=\"4\">\n<p class=\"content-text__container \" data-track-category=\"Link no Texto\" data-track-links=\"\">O ator estava internado havia 20 dias e faleceu em decorr\u00eancia de uma pneumonia. H\u00e1 mais de 20 anos, ele sofria de\u00a0<a href=\"https:\/\/g1.globo.com\/ciencia-e-saude\/noticia\/2020\/01\/28\/mal-de-parkinson-pode-comecar-antes-do-nascimento-diz-estudo.ghtml\">Mal de Parkinson<\/a>.<\/p>\n<div class=\"mc-column content-text active-extra-styles \" data-block-type=\"unstyled\" data-block-weight=\"24\" data-block-id=\"6\">\n<p class=\"content-text__container \" data-track-category=\"Link no Texto\" data-track-links=\"\">Paulo Jos\u00e9 deixa esposa e quatro filhos: Ana, Bel e Clara Kutner, de seu relacionamento com a atriz Dina Sfat, al\u00e9m Paulo Henrique Caruso.<\/p>\n<\/div>\n<div class=\"mc-column content-text active-extra-styles \" data-block-type=\"unstyled\" data-block-weight=\"24\" data-block-id=\"7\">\n<p class=\"content-text__container \" data-track-category=\"Link no Texto\" data-track-links=\"\">No ano de 2020, tr\u00eas dos quatro irm\u00e3os de Paulo morreram de c\u00e2ncer. Ele era o segundo filho de uma fam\u00edlia de cinco irm\u00e3os.<\/p>\n<p data-track-category=\"Link no Texto\" data-track-links=\"\">Fonte: https:\/\/g1.globo.com\/rj\/rio-de-janeiro\/noticia\/2021\/08\/11\/paulo-jose-morre-no-rio.ghtml<\/p>\n<p data-track-category=\"Link no Texto\" data-track-links=\"\">Comp. Jorge Zanoni<\/p>\n<\/div>\n<\/div>\n<\/div>\n<p>&nbsp;<\/p>\n","protected":false},"excerpt":{"rendered":"<p>Ator estava internado havia 20 dias e faleceu em decorr\u00eancia de uma pneumonia. Artista conviveu com o Mal de Parkinson por mais de 20 anos. Morreu no Rio de Janeiro, aos 84 anos, nesta quarta-feira (11), o ator Paulo Jos\u00e9. Veja repercuss\u00e3o sobre a morte do ator Mem\u00f3ria Globo: Paulo Jos\u00e9 O ator estava internado [&hellip;]<\/p>\n","protected":false},"author":1,"featured_media":52152,"comment_status":"closed","ping_status":"open","sticky":false,"template":"","format":"standard","meta":{"footnotes":""},"categories":[178,110],"tags":[],"class_list":["post-52151","post","type-post","status-publish","format-standard","has-post-thumbnail","hentry","category-notadefalecimento","category-noticiasdestaque"],"_links":{"self":[{"href":"https:\/\/jorgezanoni.com.br\/2019\/wp-json\/wp\/v2\/posts\/52151","targetHints":{"allow":["GET"]}}],"collection":[{"href":"https:\/\/jorgezanoni.com.br\/2019\/wp-json\/wp\/v2\/posts"}],"about":[{"href":"https:\/\/jorgezanoni.com.br\/2019\/wp-json\/wp\/v2\/types\/post"}],"author":[{"embeddable":true,"href":"https:\/\/jorgezanoni.com.br\/2019\/wp-json\/wp\/v2\/users\/1"}],"replies":[{"embeddable":true,"href":"https:\/\/jorgezanoni.com.br\/2019\/wp-json\/wp\/v2\/comments?post=52151"}],"version-history":[{"count":0,"href":"https:\/\/jorgezanoni.com.br\/2019\/wp-json\/wp\/v2\/posts\/52151\/revisions"}],"wp:featuredmedia":[{"embeddable":true,"href":"https:\/\/jorgezanoni.com.br\/2019\/wp-json\/wp\/v2\/media\/52152"}],"wp:attachment":[{"href":"https:\/\/jorgezanoni.com.br\/2019\/wp-json\/wp\/v2\/media?parent=52151"}],"wp:term":[{"taxonomy":"category","embeddable":true,"href":"https:\/\/jorgezanoni.com.br\/2019\/wp-json\/wp\/v2\/categories?post=52151"},{"taxonomy":"post_tag","embeddable":true,"href":"https:\/\/jorgezanoni.com.br\/2019\/wp-json\/wp\/v2\/tags?post=52151"}],"curies":[{"name":"wp","href":"https:\/\/api.w.org\/{rel}","templated":true}]}}