{"id":52117,"date":"2021-08-11T21:15:43","date_gmt":"2021-08-11T21:15:43","guid":{"rendered":"https:\/\/jorgezanoni.com.br\/2019\/?p=52117"},"modified":"2021-08-11T21:15:43","modified_gmt":"2021-08-11T21:15:43","slug":"policia-civil-e-militar-localizam-veiculo-furtado-em-junqueiropolis-e-os-objetos-subtraidos-foram-recuperados","status":"publish","type":"post","link":"https:\/\/jorgezanoni.com.br\/2019\/policia-civil-e-militar-localizam-veiculo-furtado-em-junqueiropolis-e-os-objetos-subtraidos-foram-recuperados\/","title":{"rendered":"Pol\u00edcia Civil e Militar localizam ve\u00edculo furtado em Junqueir\u00f3polis e os objetos subtra\u00eddos foram recuperados"},"content":{"rendered":"<p style=\"text-align: justify;\"><strong>A\u00e7\u00e3o conjunta entre as pol\u00edcias Civil e Militar de Junqueir\u00f3polis repercutiu na recupera\u00e7\u00e3o de um autom\u00f3vel e dos equipamentos de som que foram furtados nesta quarta feira (11\/08).<\/strong><\/p>\n<p style=\"text-align: justify;\">A v\u00edtima deixou seu ve\u00edculo desde o dia anterior (10\/8) estacionado em via p\u00fablica, na Av. Bandeirantes em Junqueir\u00f3polis, pois o mesmo apresentou problemas mec\u00e2nicos. Nesta manh\u00e3, quando foi busc\u00e1-lo, a v\u00edtima percebeu o furto de seu carro.<\/p>\n<p style=\"text-align: justify;\">Ap\u00f3s o registro da ocorr\u00eancia, equipes das pol\u00edcias Civil e Militar iniciaram as dilig\u00eancias e localizaram o autom\u00f3vel abandonado na Rua Porto Alegre e constataram que todo equipamento de som do ve\u00edculo fora furtado.<\/p>\n<p style=\"text-align: justify;\">Dando continuidade \u00e0s apura\u00e7\u00f5es, os policiais conseguiriam identificar a autoria da conduta, um adolescente de 16 anos, na posse de quem foi localizado e recuperado toda aparelhagem subtra\u00edda do ve\u00edculo.<\/p>\n<p style=\"text-align: justify;\">O adolescente foi conduzido \u00e0 Delegacia de Pol\u00edcia e em fun\u00e7\u00e3o de sua menoridade, foi ouvido e entregue a sua genitora. Em sua oitiva confessou a pratica delitiva informando que empurrou o ve\u00edculo at\u00e9 o local em que foi localizado, subtraiu os equipamentos e levou consigo. Quanto aos equipamentos recuperados e o ve\u00edculo, foram entregues \u00e0 vitima.<\/p>\n<p style=\"text-align: justify;\">Fonte: Com. Social Pol\u00edcia Civil<\/p>\n","protected":false},"excerpt":{"rendered":"<p>A\u00e7\u00e3o conjunta entre as pol\u00edcias Civil e Militar de Junqueir\u00f3polis repercutiu na recupera\u00e7\u00e3o de um autom\u00f3vel e dos equipamentos de som que foram furtados nesta quarta feira (11\/08). A v\u00edtima deixou seu ve\u00edculo desde o dia anterior (10\/8) estacionado em via p\u00fablica, na Av. Bandeirantes em Junqueir\u00f3polis, pois o mesmo apresentou problemas mec\u00e2nicos. Nesta manh\u00e3, [&hellip;]<\/p>\n","protected":false},"author":1,"featured_media":52118,"comment_status":"closed","ping_status":"open","sticky":false,"template":"","format":"standard","meta":{"footnotes":""},"categories":[110,2],"tags":[],"class_list":["post-52117","post","type-post","status-publish","format-standard","has-post-thumbnail","hentry","category-noticiasdestaque","category-policial"],"_links":{"self":[{"href":"https:\/\/jorgezanoni.com.br\/2019\/wp-json\/wp\/v2\/posts\/52117","targetHints":{"allow":["GET"]}}],"collection":[{"href":"https:\/\/jorgezanoni.com.br\/2019\/wp-json\/wp\/v2\/posts"}],"about":[{"href":"https:\/\/jorgezanoni.com.br\/2019\/wp-json\/wp\/v2\/types\/post"}],"author":[{"embeddable":true,"href":"https:\/\/jorgezanoni.com.br\/2019\/wp-json\/wp\/v2\/users\/1"}],"replies":[{"embeddable":true,"href":"https:\/\/jorgezanoni.com.br\/2019\/wp-json\/wp\/v2\/comments?post=52117"}],"version-history":[{"count":0,"href":"https:\/\/jorgezanoni.com.br\/2019\/wp-json\/wp\/v2\/posts\/52117\/revisions"}],"wp:featuredmedia":[{"embeddable":true,"href":"https:\/\/jorgezanoni.com.br\/2019\/wp-json\/wp\/v2\/media\/52118"}],"wp:attachment":[{"href":"https:\/\/jorgezanoni.com.br\/2019\/wp-json\/wp\/v2\/media?parent=52117"}],"wp:term":[{"taxonomy":"category","embeddable":true,"href":"https:\/\/jorgezanoni.com.br\/2019\/wp-json\/wp\/v2\/categories?post=52117"},{"taxonomy":"post_tag","embeddable":true,"href":"https:\/\/jorgezanoni.com.br\/2019\/wp-json\/wp\/v2\/tags?post=52117"}],"curies":[{"name":"wp","href":"https:\/\/api.w.org\/{rel}","templated":true}]}}