{"id":52107,"date":"2021-08-11T14:35:46","date_gmt":"2021-08-11T14:35:46","guid":{"rendered":"https:\/\/jorgezanoni.com.br\/2019\/?p=52107"},"modified":"2021-08-11T14:42:31","modified_gmt":"2021-08-11T14:42:31","slug":"novas-pracas-de-pedagio-iniciam-operacao-nesta-quinta-feira-12-incluindo-pacaembu-e-santa-mercedes","status":"publish","type":"post","link":"https:\/\/jorgezanoni.com.br\/2019\/novas-pracas-de-pedagio-iniciam-operacao-nesta-quinta-feira-12-incluindo-pacaembu-e-santa-mercedes\/","title":{"rendered":"Novas pra\u00e7as de Ped\u00e1gio iniciam opera\u00e7\u00e3o nesta quinta-feira (12) incluindo Pacaembu e Santa Mercedes"},"content":{"rendered":"<p style=\"text-align: justify;\"><strong>Usu\u00e1rio frequente pagar\u00e1 valor reduzido a partir da segunda passagem<\/strong><br \/>\n<strong>em pista autom\u00e1tica.<\/strong><\/p>\n<p style=\"text-align: justify;\">A Eixo SP iniciar\u00e1 a partir da 0h desta quinta-feira (12\/08), a opera\u00e7\u00e3o de sete novas pra\u00e7as de ped\u00e1gio em um sistema in\u00e9dito no pa\u00eds de descontos para ve\u00edculos de passeio por uso frequente nas pistas autom\u00e1ticas. O credenciamento pela ARTESP \u2013 Ag\u00eancia Reguladora de Transportes do Estado de S\u00e3o Paulo e Secretaria de Transportes ocorre ap\u00f3s o cumprimento contratual de melhorias no pavimento e na sinaliza\u00e7\u00e3o, al\u00e9m da estrutura de servi\u00e7os oferecida, inseridas no Programa Intensivo Inicial (PII).<br \/>\nConforme delibera\u00e7\u00e3o da Secretaria de Transportes, em publica\u00e7\u00e3o na edi\u00e7\u00e3o do Di\u00e1rio Oficial, a opera\u00e7\u00e3o \u00e9 iniciada na SP 294 \u2013 Rodovia Comandante Jo\u00e3o Ribeiro de Barros, nos quil\u00f4metros 367+800 (Piratininga); 425+700 (Gar\u00e7a); 623+100 (Pacaembu); e 670+800 (Santa Mercedes). Na SP 293 \u2013 Louren\u00e7o Louzano, a pra\u00e7a em opera\u00e7\u00e3o est\u00e1 localizada no km 2, em Cabr\u00e1lia Paulista; na SP 284 \u2013 Man\u00edlio Gobbi, km 458+300, em Paragua\u00e7u Paulista; e na SP 304 &#8211; Deputado Amauri Barroso de Souza, no quil\u00f4metro 255+800, em Torrinha.<\/p>\n<p style=\"text-align: justify;\"><strong>Valores das pra\u00e7as de ped\u00e1gio que iniciam a opera\u00e7\u00e3o nesta quinta-feira<\/strong><br \/>\n<strong>(12\/08):<\/strong><br \/>\nSP 294 &#8211; Km 367+800 Piratininga SP 293; Km 2+000 Cabr\u00e1lia Paulista; SP 294 &#8211; Km 425+700; Gar\u00e7a, Paragua\u00e7u Paulista, Pacaembu, Santa Mercedes,Torrinha.<br \/>\nCategoria Tipo Eixos Manual Autom\u00e1tica Manual Autom\u00e1tica Manual Autom\u00e1tica.<br \/>\nCAT 1<br \/>\nAutom\u00f3vel,<br \/>\nCaminhonete, Tric\u00edclo, e<br \/>\nFurg\u00e3o<br \/>\n2 R$ 9,70 R$ 9,21 R$ 2,90 R$ 2,75 R$ 8,80 R$ 8,36<br \/>\nCAT 2<br \/>\nCaminh\u00e3o leve, Micro<br \/>\n\u00d4nibus, \u00f4nibus,<br \/>\nCaminh\u00e3o Trator e<br \/>\nFurg\u00e3o<br \/>\n2 R$ 19,50 R$ 18,52 R$ 5,80 R$ 5,51 R$ 17,60 R$ 16,72<br \/>\nCAT 3<br \/>\nCaminh\u00e3o Trator,<br \/>\nCaminh\u00e3o Trator com<br \/>\nsemi reboque e \u00d4nibus.<br \/>\n3 R$ 29,20 R$ 27,74 R$ 8,70 R$ 8,26 R$ 26,40 R$ 25,08<br \/>\nCAT 4<br \/>\nCaminh\u00e3o com reboque,<br \/>\nCaminh\u00e3o Trator com<br \/>\nsemi reboque.<br \/>\n4 R$ 39,00 R$ 37,05 R$ 11,60 R$ 11,02 R$ 35,20 R$ 33,44<br \/>\nCAT 5<br \/>\nCaminh\u00e3o com reboque,<br \/>\nCaminh\u00e3o Trator com<br \/>\nsemi reboque.<br \/>\n5 R$ 48,70 R$ 46,26 R$ 14,50 R$ 13,77 R$ 44,00 R$ 41,80<br \/>\nCAT 6<br \/>\nCaminh\u00e3o com reboque,<br \/>\nCaminh\u00e3o Trator com<br \/>\nsemi reboque.<br \/>\n6 R$ 58,50 R$ 55,57 R$ 17,40 R$ 16,53 R$ 52,80 R$ 50,16<br \/>\nCAT 7<br \/>\nAutom\u00f3vel ou<br \/>\nCaminhonete com semi<br \/>\nreboque.<br \/>\n3 R$ 14,60 R$ 13,87 R$ 4,30 R$ 4,08 R$ 13,20 R$ 12,54<br \/>\nCAT 8<br \/>\nAutom\u00f3vel ou<br \/>\nCaminhonete com<br \/>\nreboque.<br \/>\n4 R$ 19,50 R$ 18,52 R$ 5,80 R$ 5,51 R$ 17,60 R$ 16,72<br \/>\nCAT 9<br \/>\nMotociclista, Motoneta<br \/>\ne bicicleta a motor 2 R$ 4,90 &#8211; R$ 1,40 &#8211; R$ 4,40 &#8211;<\/p>\n<p style=\"text-align: justify;\"><strong>Desconto progressivo<\/strong><br \/>\nA partir desta fase, como previsto em contrato, pela primeira vez no Brasil, motoristas que viajam pelas 12 rodovias sob gest\u00e3o da Eixo SP Concession\u00e1ria de Rodovias ter\u00e3o descontos por uso cont\u00ednuo. O DUF \u2013 Desconto de Usu\u00e1rio Frequente est\u00e1 integrado \u00e0s operadoras do sistema eletr\u00f4nico de pagamento de ped\u00e1gio. Na pr\u00e1tica, o desconto para ve\u00edculos de passeio (categoria 1) come\u00e7a a contar a partir da segunda passagem realizada na mesma pra\u00e7a de ped\u00e1gio, no mesmo sentido de fluxo e dentro de um mesmo m\u00eas calend\u00e1rio. A redu\u00e7\u00e3o progressiva ocorre at\u00e9 a 30\u00aa viagem no m\u00eas, conforme percentual fixo de redu\u00e7\u00e3o em rela\u00e7\u00e3o \u00e0 tarifa cobrada na viagem anterior, at\u00e9 atingir a Tarifa M\u00ednima determinada para a Pra\u00e7a de Ped\u00e1gio, dentro de um mesmo m\u00eas calend\u00e1rio. A partir da 31\u00aa viagem no m\u00eas, a Tarifa M\u00ednima ser\u00e1 cobrada em todas as viagens adicionais at\u00e9 o final do respectivo m\u00eas calend\u00e1rio. Os valores ser\u00e3o descontados automaticamente para o<br \/>\npagamento da fatura enviada pela operadora da tag instalada no ve\u00edculo. O gr\u00e1fico mostra a redu\u00e7\u00e3o em valores pelo sistema DUF: Desconto de 5% nas pistas autom\u00e1ticas Os usu\u00e1rios de qualquer categoria de ve\u00edculo que utilizam as pistas autom\u00e1ticas com as tags nas rodovias da Eixo SP t\u00eam 5% de desconto no pagamento das tarifas. O benef\u00edcio de 5% para ve\u00edculos na categoria 1 \u00e9 v\u00e1lido na primeira passagem no m\u00eas calend\u00e1rio. A partir da segunda passagem, ocorre a inclus\u00e3o autom\u00e1tica no sistema DUF.<\/p>\n<p style=\"text-align: justify;\"><strong>Novas pra\u00e7as<\/strong><br \/>\nEm atendimento ao cronograma do contrato de concess\u00e3o, a Eixo SP inicia, progressivamente, a opera\u00e7\u00e3o das 16 novas pra\u00e7as de ped\u00e1gio, que inclui tamb\u00e9m a gest\u00e3o das 5 pra\u00e7asj\u00e1 em opera\u00e7\u00e3o desde o in\u00edcio da concess\u00e3o. Todas as pra\u00e7as de ped\u00e1gio contam tamb\u00e9m com lombadas eletr\u00f4nicas nas pistas autom\u00e1ticas e mistas. A velocidade estabelecida na regi\u00e3o que abrange as pra\u00e7as \u00e9 de 40 km\/h.<\/p>\n<p style=\"text-align: justify;\"><strong>Confira a localiza\u00e7\u00e3o das novas pra\u00e7as de ped\u00e1gio da Eixo SP:<\/strong><br \/>\nMunic\u00edpio Rodovia KM Status<br \/>\nPiracicaba SP 308 182+250 Em opera\u00e7\u00e3o<br \/>\nS\u00e3o Pedro SP 304 183+400 Em opera\u00e7\u00e3o<br \/>\nS\u00e3o Pedro SP 304 215+100 Em libera\u00e7\u00e3o<br \/>\nTorrinha SP 304 255+800 Em opera\u00e7\u00e3o<br \/>\nPiratininga SP 294 367+800 Em opera\u00e7\u00e3o<br \/>\nGar\u00e7a SP 294 425+700 Em opera\u00e7\u00e3o<br \/>\nOriente SP 294 474+800 Em opera\u00e7\u00e3o<br \/>\nParapu\u00e3 SP 294 551+700 Em opera\u00e7\u00e3o<br \/>\nIn\u00fabia Paulista SP 294 581+700 Em opera\u00e7\u00e3o<br \/>\nPacaembu SP 294 623+100 Em opera\u00e7\u00e3o<br \/>\nSanta Mercedes SP 294 670+800 Em opera\u00e7\u00e3o<br \/>\nMartin\u00f3polis SP 425 400+100 Em opera\u00e7\u00e3o<br \/>\nIndiana SP 425 436 Em opera\u00e7\u00e3o<br \/>\nRancharia SP 284 531+200 Em opera\u00e7\u00e3o<br \/>\nParagua\u00e7u Paulista SP 284 458+300 Em opera\u00e7\u00e3o<br \/>\nCabr\u00e1lia Paulista SP 293 2 Em opera\u00e7\u00e3o<br \/>\nMaior concess\u00e3o rodovi\u00e1ria do pa\u00eds, a Eixo SP ir\u00e1 contribuir com o desenvolvimento dos munic\u00edpios. O repasse do Imposto Sobre Servi\u00e7os(ISS) pela opera\u00e7\u00e3o das pra\u00e7as, al\u00e9m da opera\u00e7\u00e3o nos 62 munic\u00edpios, prev\u00ea a inje\u00e7\u00e3o de R$ 2 bilh\u00f5es ao longo da concess\u00e3o aos cofres das prefeituras, valores que ir\u00e3o contribuir em servi\u00e7os como sa\u00fade, educa\u00e7\u00e3o e infraestrutura. Sobre a Eixo SP A Eixo SP Concession\u00e1ria de Rodovias administra o lote Pipa (PiracicabaPanorama), malha com mais de 1.273 km de estradas que passam por 62 munic\u00edpios da regi\u00e3o de Rio Claro, no centro do Estado, at\u00e9 Panorama, no extremo oeste, na divisa com o Mato Grosso do Sul. O maior contrato sob supervis\u00e3o da Artesp \u2013 Ag\u00eancia Reguladora de Transportes do Estado de S\u00e3o Paulo, ter\u00e1 investimentos na ordem de R$ 14 bilh\u00f5es em obras de amplia\u00e7\u00e3o, conserva\u00e7\u00e3o, al\u00e9m da moderniza\u00e7\u00e3o de servi\u00e7os ao usu\u00e1rio.<\/p>\n<p style=\"text-align: justify;\">Mais informa\u00e7\u00f5es acesse: www.eixosp.com.br<\/p>\n<p>Comp. Jorge Zanoni<\/p>\n","protected":false},"excerpt":{"rendered":"<p>Usu\u00e1rio frequente pagar\u00e1 valor reduzido a partir da segunda passagem em pista autom\u00e1tica. A Eixo SP iniciar\u00e1 a partir da 0h desta quinta-feira (12\/08), a opera\u00e7\u00e3o de sete novas pra\u00e7as de ped\u00e1gio em um sistema in\u00e9dito no pa\u00eds de descontos para ve\u00edculos de passeio por uso frequente nas pistas autom\u00e1ticas. O credenciamento pela ARTESP \u2013 [&hellip;]<\/p>\n","protected":false},"author":1,"featured_media":52108,"comment_status":"closed","ping_status":"open","sticky":false,"template":"","format":"standard","meta":{"footnotes":""},"categories":[180,110],"tags":[],"class_list":["post-52107","post","type-post","status-publish","format-standard","has-post-thumbnail","hentry","category-estradastransitoveiculos","category-noticiasdestaque"],"_links":{"self":[{"href":"https:\/\/jorgezanoni.com.br\/2019\/wp-json\/wp\/v2\/posts\/52107","targetHints":{"allow":["GET"]}}],"collection":[{"href":"https:\/\/jorgezanoni.com.br\/2019\/wp-json\/wp\/v2\/posts"}],"about":[{"href":"https:\/\/jorgezanoni.com.br\/2019\/wp-json\/wp\/v2\/types\/post"}],"author":[{"embeddable":true,"href":"https:\/\/jorgezanoni.com.br\/2019\/wp-json\/wp\/v2\/users\/1"}],"replies":[{"embeddable":true,"href":"https:\/\/jorgezanoni.com.br\/2019\/wp-json\/wp\/v2\/comments?post=52107"}],"version-history":[{"count":0,"href":"https:\/\/jorgezanoni.com.br\/2019\/wp-json\/wp\/v2\/posts\/52107\/revisions"}],"wp:featuredmedia":[{"embeddable":true,"href":"https:\/\/jorgezanoni.com.br\/2019\/wp-json\/wp\/v2\/media\/52108"}],"wp:attachment":[{"href":"https:\/\/jorgezanoni.com.br\/2019\/wp-json\/wp\/v2\/media?parent=52107"}],"wp:term":[{"taxonomy":"category","embeddable":true,"href":"https:\/\/jorgezanoni.com.br\/2019\/wp-json\/wp\/v2\/categories?post=52107"},{"taxonomy":"post_tag","embeddable":true,"href":"https:\/\/jorgezanoni.com.br\/2019\/wp-json\/wp\/v2\/tags?post=52107"}],"curies":[{"name":"wp","href":"https:\/\/api.w.org\/{rel}","templated":true}]}}