{"id":52104,"date":"2021-08-11T14:10:02","date_gmt":"2021-08-11T14:10:02","guid":{"rendered":"https:\/\/jorgezanoni.com.br\/2019\/?p=52104"},"modified":"2021-08-11T14:10:02","modified_gmt":"2021-08-11T14:10:02","slug":"novidades-nas-novas-contas-da-emdaep","status":"publish","type":"post","link":"https:\/\/jorgezanoni.com.br\/2019\/novidades-nas-novas-contas-da-emdaep\/","title":{"rendered":"Novidades nas novas contas da EMDAEP"},"content":{"rendered":"<p style=\"text-align: justify;\"><strong>Contas de \u00e1gua recebem a identidade visual da EMDAEP.<\/strong><\/p>\n<p>A nova identidade visual da EMDAEP est\u00e1 chegando \u00e0s contas de \u00e1gua entregues para os consumidores. A implanta\u00e7\u00e3o \u00e9 gradativa, utilizando ainda o restante das bobinas com a logomarca antiga. A conclus\u00e3o ocorre nos pr\u00f3ximos meses.<br \/>\nO consumidor deve verificar nas contas, al\u00e9m de valor a ser pago e a data de vencimento, a evolu\u00e7\u00e3o do consumo de resid\u00eancia no im\u00f3vel, frase informativa do m\u00eas e o resultado da an\u00e1lise de \u00e1gua, entre outras.<br \/>\nEm caso de d\u00favida e novas orienta\u00e7\u00f5es, o dracenense pode entrar em contato pelo WhatsApp 99722-8956.<\/p>\n<p>Ass.\u00a0Rela\u00e7\u00f5es\u00a0P\u00fablicas\u00a0da\u00a0EMDAEP<\/p>\n","protected":false},"excerpt":{"rendered":"<p>Contas de \u00e1gua recebem a identidade visual da EMDAEP. A nova identidade visual da EMDAEP est\u00e1 chegando \u00e0s contas de \u00e1gua entregues para os consumidores. A implanta\u00e7\u00e3o \u00e9 gradativa, utilizando ainda o restante das bobinas com a logomarca antiga. A conclus\u00e3o ocorre nos pr\u00f3ximos meses. O consumidor deve verificar nas contas, al\u00e9m de valor a [&hellip;]<\/p>\n","protected":false},"author":1,"featured_media":52105,"comment_status":"closed","ping_status":"open","sticky":false,"template":"","format":"standard","meta":{"footnotes":""},"categories":[179,184,110],"tags":[],"class_list":["post-52104","post","type-post","status-publish","format-standard","has-post-thumbnail","hentry","category-cidadeseregiao","category-dracena","category-noticiasdestaque"],"_links":{"self":[{"href":"https:\/\/jorgezanoni.com.br\/2019\/wp-json\/wp\/v2\/posts\/52104","targetHints":{"allow":["GET"]}}],"collection":[{"href":"https:\/\/jorgezanoni.com.br\/2019\/wp-json\/wp\/v2\/posts"}],"about":[{"href":"https:\/\/jorgezanoni.com.br\/2019\/wp-json\/wp\/v2\/types\/post"}],"author":[{"embeddable":true,"href":"https:\/\/jorgezanoni.com.br\/2019\/wp-json\/wp\/v2\/users\/1"}],"replies":[{"embeddable":true,"href":"https:\/\/jorgezanoni.com.br\/2019\/wp-json\/wp\/v2\/comments?post=52104"}],"version-history":[{"count":0,"href":"https:\/\/jorgezanoni.com.br\/2019\/wp-json\/wp\/v2\/posts\/52104\/revisions"}],"wp:featuredmedia":[{"embeddable":true,"href":"https:\/\/jorgezanoni.com.br\/2019\/wp-json\/wp\/v2\/media\/52105"}],"wp:attachment":[{"href":"https:\/\/jorgezanoni.com.br\/2019\/wp-json\/wp\/v2\/media?parent=52104"}],"wp:term":[{"taxonomy":"category","embeddable":true,"href":"https:\/\/jorgezanoni.com.br\/2019\/wp-json\/wp\/v2\/categories?post=52104"},{"taxonomy":"post_tag","embeddable":true,"href":"https:\/\/jorgezanoni.com.br\/2019\/wp-json\/wp\/v2\/tags?post=52104"}],"curies":[{"name":"wp","href":"https:\/\/api.w.org\/{rel}","templated":true}]}}