{"id":5208,"date":"2019-09-03T23:56:26","date_gmt":"2019-09-03T23:56:26","guid":{"rendered":"https:\/\/jorgezanoni.com.br\/2019\/?p=5208"},"modified":"2019-09-03T23:56:26","modified_gmt":"2019-09-03T23:56:26","slug":"dracena-tempersul-fecha-elenco-com-fixo-bocao","status":"publish","type":"post","link":"https:\/\/jorgezanoni.com.br\/2019\/dracena-tempersul-fecha-elenco-com-fixo-bocao\/","title":{"rendered":"Dracena Tempersul fecha elenco com fixo Boc\u00e3o"},"content":{"rendered":"<p style=\"font-weight: 400; text-align: justify;\">O plantel do Dracena Futsal Tempersul est\u00e1 completo para a sequ\u00eancia da temporada 2019. O \u00faltimo atleta a ser contratado foi o experiente fixo Boc\u00e3o.<\/p>\n<p style=\"font-weight: 400; text-align: justify;\">Formado nas bases da Wimpro Guarulhos e do Corinthians, o jogador de 30 anos atuou na primeira divis\u00e3o da Liga Italiana (S\u00e9rie A \u2013 Divisione Calcio a cinque) por sete temporadas, oportunidade em que vestiu as camisas do Feldi Eboli, Acqua &amp; Sapone, Montesilvano, Martina Franca, Asti Orange e Napoli.<\/p>\n<p style=\"font-weight: 400; text-align: justify;\">Al\u00e9m dos clubes italianos, o novo camisa 14 de Dracena atuou com a camisa de sele\u00e7\u00e3o brasileira e jogou no Praia Clube, de Uberl\u00e2ndia, \u00a0S\u00e3o Paulo Londrinense e no pr\u00f3prio Corinthians. O \u00faltimo clube de Boc\u00e3o foi o Mes Sugun, do Ir\u00e3, equipe pela qual disputou a Copa Intercontinental de Clubes, que foi disputada na Tail\u00e2ndia.<\/p>\n<p style=\"font-weight: 400; text-align: justify;\">&#8220;Escolhi jogar em Dracena pelo projeto ambicioso e pela a seriedade das pessoas que est\u00e3o \u00e0 frente da equipe. Hoje o Dracena Tempersul \u00e9 uma realidade no futsal paulista&#8221;, salientou Boc\u00e3o.<\/p>\n<p style=\"font-weight: 400; text-align: justify;\">&#8220;O Boc\u00e3o \u00e9 um jogador experiente e que teve oportunidade de atuar em times de ponta na It\u00e1lia, sempre disputando t\u00edtulos. Acreditamos que a chegada dele dar\u00e1 ainda mais profundidade ao elenco&#8221;, analisou o t\u00e9cnico Edilson Leite.<\/p>\n<p style=\"text-align: justify;\">Fonte: Assessoria Tempersul<\/p>\n","protected":false},"excerpt":{"rendered":"<p>O plantel do Dracena Futsal Tempersul est\u00e1 completo para a sequ\u00eancia da temporada 2019. O \u00faltimo atleta a ser contratado foi o experiente fixo Boc\u00e3o. Formado nas bases da Wimpro Guarulhos e do Corinthians, o jogador de 30 anos atuou na primeira divis\u00e3o da Liga Italiana (S\u00e9rie A \u2013 Divisione Calcio a cinque) por sete [&hellip;]<\/p>\n","protected":false},"author":1,"featured_media":5209,"comment_status":"closed","ping_status":"open","sticky":false,"template":"","format":"standard","meta":{"footnotes":""},"categories":[111],"tags":[],"class_list":["post-5208","post","type-post","status-publish","format-standard","has-post-thumbnail","hentry","category-esporteecultura"],"_links":{"self":[{"href":"https:\/\/jorgezanoni.com.br\/2019\/wp-json\/wp\/v2\/posts\/5208","targetHints":{"allow":["GET"]}}],"collection":[{"href":"https:\/\/jorgezanoni.com.br\/2019\/wp-json\/wp\/v2\/posts"}],"about":[{"href":"https:\/\/jorgezanoni.com.br\/2019\/wp-json\/wp\/v2\/types\/post"}],"author":[{"embeddable":true,"href":"https:\/\/jorgezanoni.com.br\/2019\/wp-json\/wp\/v2\/users\/1"}],"replies":[{"embeddable":true,"href":"https:\/\/jorgezanoni.com.br\/2019\/wp-json\/wp\/v2\/comments?post=5208"}],"version-history":[{"count":0,"href":"https:\/\/jorgezanoni.com.br\/2019\/wp-json\/wp\/v2\/posts\/5208\/revisions"}],"wp:featuredmedia":[{"embeddable":true,"href":"https:\/\/jorgezanoni.com.br\/2019\/wp-json\/wp\/v2\/media\/5209"}],"wp:attachment":[{"href":"https:\/\/jorgezanoni.com.br\/2019\/wp-json\/wp\/v2\/media?parent=5208"}],"wp:term":[{"taxonomy":"category","embeddable":true,"href":"https:\/\/jorgezanoni.com.br\/2019\/wp-json\/wp\/v2\/categories?post=5208"},{"taxonomy":"post_tag","embeddable":true,"href":"https:\/\/jorgezanoni.com.br\/2019\/wp-json\/wp\/v2\/tags?post=5208"}],"curies":[{"name":"wp","href":"https:\/\/api.w.org\/{rel}","templated":true}]}}