{"id":52061,"date":"2021-08-11T11:21:26","date_gmt":"2021-08-11T11:21:26","guid":{"rendered":"https:\/\/jorgezanoni.com.br\/2019\/?p=52061"},"modified":"2021-08-11T11:21:26","modified_gmt":"2021-08-11T11:21:26","slug":"hoje-11-e-comemorado-o-dia-do-advogado","status":"publish","type":"post","link":"https:\/\/jorgezanoni.com.br\/2019\/hoje-11-e-comemorado-o-dia-do-advogado\/","title":{"rendered":"Hoje (11) \u00e9 comemorado o Dia do Advogado"},"content":{"rendered":"<div class=\"wDYxhc NFQFxe viOShc LKPcQc\" lang=\"pt-BR\" data-md=\"25\">\n<div class=\"HwtpBd gsrt PZPZlf kTOYnf\" role=\"heading\" aria-level=\"3\" data-hveid=\"CBYQAA\" data-ved=\"2ahUKEwjQm9XX66jyAhWZpZUCHakmADkQtwcoADADegQIFhAA\">\n<div class=\"Z0LcW XcVN5d AZCkJd d2J77b\" data-tts=\"answers\" data-tts-text=\"11 de agosto\">\n<div class=\"IZ6rdc\" style=\"text-align: justify;\"><strong>HOMEMAGEM DO SITE JZ A TODOS OS ADVOGADOS, ESPECIALMENTE DE DRACENA E REGI\u00c3O.<\/strong><\/div>\n<\/div>\n<div class=\"yxAsKe\" style=\"text-align: justify;\"><\/div>\n<\/div>\n<\/div>\n<div class=\"wDYxhc\" lang=\"pt-BR\" style=\"text-align: justify;\" data-md=\"61\">\n<div class=\"LGOjhe\" style=\"text-align: justify;\" role=\"heading\" data-attrid=\"wa:\/description\" aria-level=\"3\" data-hveid=\"CBcQAA\"><span class=\"ILfuVd NA6bn\"><span class=\"hgKElc\">O\u00a0<b>dia do advogado<\/b>\u00a0no Brasil \u00e9 comemorado em 11 de agosto. Sua origem \u00e9 vinculada \u00e0 cria\u00e7\u00e3o dos primeiros cursos de Direito no Brasil e, ao longo do tempo, teve sua ess\u00eancia modificada. Foi criado at\u00e9 o famoso\u00a0<b>Dia<\/b>\u00a0do Pendura! Confira um pouquinho mais sobre essa hist\u00f3ria!<\/span><\/span><\/div>\n<\/div>\n<div style=\"text-align: justify;\" role=\"heading\" data-attrid=\"wa:\/description\" aria-level=\"3\" data-hveid=\"CBcQAA\"><\/div>\n<div role=\"heading\" data-attrid=\"wa:\/description\" aria-level=\"3\" data-hveid=\"CBcQAA\">\n<p style=\"text-align: justify;\">Esta data homenageia os profissionais respons\u00e1veis em representar os cidad\u00e3os perante a justi\u00e7a.<\/p>\n<p style=\"text-align: justify;\">O Direito \u00e9 a ci\u00eancia das normas que regulam as\u00a0<strong>rela\u00e7\u00f5es entre os indiv\u00edduos na sociedade<\/strong>, e quando existe uma situa\u00e7\u00e3o fora dessas normas, entra o trabalho do advogado, que \u00e9 o de nortear e representar clientes em qualquer inst\u00e2ncia, ju\u00edzo ou tribunal.<\/p>\n<p style=\"text-align: justify;\">No dia\u00a0<strong>20 de junho<\/strong>\u00a0se comemora o\u00a0<strong>Dia do Advogado Trabalhista<\/strong>, especializado em defender assuntos relacionados \u00e0s atividades trabalhistas.<\/p>\n<p style=\"text-align: justify;\">No Brasil, para o profissional estar apto a exercer a fun\u00e7\u00e3o de advogado \u00e9 preciso concluir o curso de ensino superior em Direito e passar no\u00a0<strong>Exame da OAB &#8211; Ordem dos Advogados do Brasil<\/strong>.<\/p>\n<h2 style=\"text-align: justify;\">Homenagem para o Dia do Advogado<\/h2>\n<ul style=\"text-align: justify;\">\n<li><em>Representante da justi\u00e7a, da liberdade e da cidadania! Seu trabalho \u00e9 indispens\u00e1vel para o exerc\u00edcio de uma democracia efetiva. Muito obrigado pela dedica\u00e7\u00e3o e empenho. Feliz Dia do Advogado!<\/em><\/li>\n<li><em>Garantir a igualdade e a plena justi\u00e7a \u00e9 a sua principal tarefa\u2026 Representar os direitos humanos e ajudar a garantir uma organiza\u00e7\u00e3o social tamb\u00e9m s\u00e3o caracter\u00edstica da sua profiss\u00e3o. Imposs\u00edvel n\u00e3o nos sentirmos orgulhosos por ter um profissional t\u00e3o comprometido com o seu dever como voc\u00ea! Continue sendo um exemplo para todos n\u00f3s! Feliz Dia do Advogado!<\/em><\/li>\n<li><em>Noites em claro, fins de semana de estudo e muito trabalho\u2026 Todos estes sacrif\u00edcios valeram a pena e hoje em dia voc\u00ea \u00e9 um excelente profissional! Um advogado que est\u00e1 comprometido com o seu dever e tem prazer em ajudar os cidad\u00e3os. Parab\u00e9ns pelo seu sucesso!<\/em><\/li>\n<\/ul>\n<h2 style=\"text-align: justify;\">Origem do Dia do Advogado<\/h2>\n<p style=\"text-align: justify;\">O Dia do Advogado \u00e9 celebrado em 11 de agosto em homenagem a\u00a0<strong>cria\u00e7\u00e3o dos dois primeiros cursos de Direito no Brasil<\/strong>: a Faculdade de Direito do Largo de S\u00e3o Francisco, em S\u00e3o Paulo; e a Faculdade de Direito de Olinda, em Pernambuco. Ambos os cursos foram criados por D. Pedro I, em 1827.<\/p>\n<p style=\"text-align: justify;\">Tradicionalmente, no dia 11 de agosto, os estudantes de direito festejam o chamado \u201c<strong>Dia da Pendura<\/strong>\u201d, quando saem pelos restaurantes pr\u00f3ximos da universidade, consomem e n\u00e3o pagam, pois a conta fica \u201cpendurada\u201d para que o dono do restaurante pague.<\/p>\n<p style=\"text-align: justify;\">Em algumas regi\u00f5es do pa\u00eds, os profissionais tamb\u00e9m comemoram o dia\u00a0<strong>19 de maio<\/strong>,\u00a0<strong>Dia de S\u00e3o Ivo<\/strong>, padroeiro dos advogados.<\/p>\n<p style=\"text-align: justify;\">Fonte: https:\/\/www.calendarr.com\/brasil\/dia-do-advogado\/<\/p>\n<\/div>\n","protected":false},"excerpt":{"rendered":"<p>HOMEMAGEM DO SITE JZ A TODOS OS ADVOGADOS, ESPECIALMENTE DE DRACENA E REGI\u00c3O. O\u00a0dia do advogado\u00a0no Brasil \u00e9 comemorado em 11 de agosto. Sua origem \u00e9 vinculada \u00e0 cria\u00e7\u00e3o dos primeiros cursos de Direito no Brasil e, ao longo do tempo, teve sua ess\u00eancia modificada. Foi criado at\u00e9 o famoso\u00a0Dia\u00a0do Pendura! Confira um pouquinho mais [&hellip;]<\/p>\n","protected":false},"author":1,"featured_media":52062,"comment_status":"closed","ping_status":"open","sticky":false,"template":"","format":"standard","meta":{"footnotes":""},"categories":[120,110],"tags":[],"class_list":["post-52061","post","type-post","status-publish","format-standard","has-post-thumbnail","hentry","category-justicahabitacaotecnologia","category-noticiasdestaque"],"_links":{"self":[{"href":"https:\/\/jorgezanoni.com.br\/2019\/wp-json\/wp\/v2\/posts\/52061","targetHints":{"allow":["GET"]}}],"collection":[{"href":"https:\/\/jorgezanoni.com.br\/2019\/wp-json\/wp\/v2\/posts"}],"about":[{"href":"https:\/\/jorgezanoni.com.br\/2019\/wp-json\/wp\/v2\/types\/post"}],"author":[{"embeddable":true,"href":"https:\/\/jorgezanoni.com.br\/2019\/wp-json\/wp\/v2\/users\/1"}],"replies":[{"embeddable":true,"href":"https:\/\/jorgezanoni.com.br\/2019\/wp-json\/wp\/v2\/comments?post=52061"}],"version-history":[{"count":0,"href":"https:\/\/jorgezanoni.com.br\/2019\/wp-json\/wp\/v2\/posts\/52061\/revisions"}],"wp:featuredmedia":[{"embeddable":true,"href":"https:\/\/jorgezanoni.com.br\/2019\/wp-json\/wp\/v2\/media\/52062"}],"wp:attachment":[{"href":"https:\/\/jorgezanoni.com.br\/2019\/wp-json\/wp\/v2\/media?parent=52061"}],"wp:term":[{"taxonomy":"category","embeddable":true,"href":"https:\/\/jorgezanoni.com.br\/2019\/wp-json\/wp\/v2\/categories?post=52061"},{"taxonomy":"post_tag","embeddable":true,"href":"https:\/\/jorgezanoni.com.br\/2019\/wp-json\/wp\/v2\/tags?post=52061"}],"curies":[{"name":"wp","href":"https:\/\/api.w.org\/{rel}","templated":true}]}}