{"id":52052,"date":"2021-08-10T23:14:31","date_gmt":"2021-08-10T23:14:31","guid":{"rendered":"https:\/\/jorgezanoni.com.br\/2019\/?p=52052"},"modified":"2021-08-10T23:14:31","modified_gmt":"2021-08-10T23:14:31","slug":"moradores-do-jardim-brasilandia-reclamam-de-abandono-da-area-de-lazer-dr-luiz-carlos-siste","status":"publish","type":"post","link":"https:\/\/jorgezanoni.com.br\/2019\/moradores-do-jardim-brasilandia-reclamam-de-abandono-da-area-de-lazer-dr-luiz-carlos-siste\/","title":{"rendered":"Moradores do Jardim Brasil\u00e2ndia reclamam de abandono da \u00e1rea de lazer Dr. Luiz Carlos Siste"},"content":{"rendered":"<p style=\"text-align: justify;\">Moradores das imedia\u00e7\u00f5es da \u00e1rea de lazer Dr. Luiz Carlos Siste, mais precisamente pr\u00f3ximos \u00e0 Rua Manuel Bandeira e Nelson Rodrigues no Jardim Brasil\u00e2ndia, est\u00e3o reclamando do abandono daquele espa\u00e7o p\u00fablico.<\/p>\n<p style=\"text-align: justify;\">Pedem que o setor competente d\u00ea uma olhada com carinho no local e coloque o mesmo em condi\u00e7\u00f5es de receber os as pessoas, especialmente crian\u00e7as.<\/p>\n<p><img loading=\"lazy\" decoding=\"async\" class=\"alignnone size-full wp-image-52053\" src=\"https:\/\/jorgezanoni.com.br\/2019\/wp-content\/uploads\/2021\/08\/praca-s.jpg\" alt=\"\" width=\"768\" height=\"1280\" srcset=\"https:\/\/jorgezanoni.com.br\/2019\/wp-content\/uploads\/2021\/08\/praca-s.jpg 768w, https:\/\/jorgezanoni.com.br\/2019\/wp-content\/uploads\/2021\/08\/praca-s-180x300.jpg 180w, https:\/\/jorgezanoni.com.br\/2019\/wp-content\/uploads\/2021\/08\/praca-s-614x1024.jpg 614w, https:\/\/jorgezanoni.com.br\/2019\/wp-content\/uploads\/2021\/08\/praca-s-696x1160.jpg 696w, https:\/\/jorgezanoni.com.br\/2019\/wp-content\/uploads\/2021\/08\/praca-s-252x420.jpg 252w\" sizes=\"auto, (max-width: 768px) 100vw, 768px\" \/> <img loading=\"lazy\" decoding=\"async\" class=\"alignnone size-full wp-image-52054\" src=\"https:\/\/jorgezanoni.com.br\/2019\/wp-content\/uploads\/2021\/08\/praca.jpg\" alt=\"\" width=\"960\" height=\"1280\" srcset=\"https:\/\/jorgezanoni.com.br\/2019\/wp-content\/uploads\/2021\/08\/praca.jpg 960w, https:\/\/jorgezanoni.com.br\/2019\/wp-content\/uploads\/2021\/08\/praca-225x300.jpg 225w, https:\/\/jorgezanoni.com.br\/2019\/wp-content\/uploads\/2021\/08\/praca-768x1024.jpg 768w, https:\/\/jorgezanoni.com.br\/2019\/wp-content\/uploads\/2021\/08\/praca-696x928.jpg 696w, https:\/\/jorgezanoni.com.br\/2019\/wp-content\/uploads\/2021\/08\/praca-315x420.jpg 315w\" sizes=\"auto, (max-width: 960px) 100vw, 960px\" \/> <img loading=\"lazy\" decoding=\"async\" class=\"alignnone size-full wp-image-52055\" src=\"https:\/\/jorgezanoni.com.br\/2019\/wp-content\/uploads\/2021\/08\/praca1.jpg\" alt=\"\" width=\"900\" height=\"1600\" srcset=\"https:\/\/jorgezanoni.com.br\/2019\/wp-content\/uploads\/2021\/08\/praca1.jpg 900w, https:\/\/jorgezanoni.com.br\/2019\/wp-content\/uploads\/2021\/08\/praca1-169x300.jpg 169w, https:\/\/jorgezanoni.com.br\/2019\/wp-content\/uploads\/2021\/08\/praca1-576x1024.jpg 576w, https:\/\/jorgezanoni.com.br\/2019\/wp-content\/uploads\/2021\/08\/praca1-768x1365.jpg 768w, https:\/\/jorgezanoni.com.br\/2019\/wp-content\/uploads\/2021\/08\/praca1-864x1536.jpg 864w, https:\/\/jorgezanoni.com.br\/2019\/wp-content\/uploads\/2021\/08\/praca1-696x1237.jpg 696w, https:\/\/jorgezanoni.com.br\/2019\/wp-content\/uploads\/2021\/08\/praca1-236x420.jpg 236w\" sizes=\"auto, (max-width: 900px) 100vw, 900px\" \/> <img loading=\"lazy\" decoding=\"async\" class=\"alignnone size-full wp-image-52056\" src=\"https:\/\/jorgezanoni.com.br\/2019\/wp-content\/uploads\/2021\/08\/praca2.jpg\" alt=\"\" width=\"720\" height=\"1184\" srcset=\"https:\/\/jorgezanoni.com.br\/2019\/wp-content\/uploads\/2021\/08\/praca2.jpg 720w, https:\/\/jorgezanoni.com.br\/2019\/wp-content\/uploads\/2021\/08\/praca2-182x300.jpg 182w, https:\/\/jorgezanoni.com.br\/2019\/wp-content\/uploads\/2021\/08\/praca2-623x1024.jpg 623w, https:\/\/jorgezanoni.com.br\/2019\/wp-content\/uploads\/2021\/08\/praca2-696x1145.jpg 696w, https:\/\/jorgezanoni.com.br\/2019\/wp-content\/uploads\/2021\/08\/praca2-255x420.jpg 255w\" sizes=\"auto, (max-width: 720px) 100vw, 720px\" \/><\/p>\n<p style=\"text-align: justify;\">Jorge Zanoni<\/p>\n<p style=\"text-align: justify;\">Fotos de Internauta<\/p>\n<p>&nbsp;<\/p>\n","protected":false},"excerpt":{"rendered":"<p>Moradores das imedia\u00e7\u00f5es da \u00e1rea de lazer Dr. Luiz Carlos Siste, mais precisamente pr\u00f3ximos \u00e0 Rua Manuel Bandeira e Nelson Rodrigues no Jardim Brasil\u00e2ndia, est\u00e3o reclamando do abandono daquele espa\u00e7o p\u00fablico. Pedem que o setor competente d\u00ea uma olhada com carinho no local e coloque o mesmo em condi\u00e7\u00f5es de receber os as pessoas, especialmente [&hellip;]<\/p>\n","protected":false},"author":1,"featured_media":52055,"comment_status":"closed","ping_status":"open","sticky":false,"template":"","format":"standard","meta":{"footnotes":""},"categories":[179,184,110],"tags":[],"class_list":["post-52052","post","type-post","status-publish","format-standard","has-post-thumbnail","hentry","category-cidadeseregiao","category-dracena","category-noticiasdestaque"],"_links":{"self":[{"href":"https:\/\/jorgezanoni.com.br\/2019\/wp-json\/wp\/v2\/posts\/52052","targetHints":{"allow":["GET"]}}],"collection":[{"href":"https:\/\/jorgezanoni.com.br\/2019\/wp-json\/wp\/v2\/posts"}],"about":[{"href":"https:\/\/jorgezanoni.com.br\/2019\/wp-json\/wp\/v2\/types\/post"}],"author":[{"embeddable":true,"href":"https:\/\/jorgezanoni.com.br\/2019\/wp-json\/wp\/v2\/users\/1"}],"replies":[{"embeddable":true,"href":"https:\/\/jorgezanoni.com.br\/2019\/wp-json\/wp\/v2\/comments?post=52052"}],"version-history":[{"count":0,"href":"https:\/\/jorgezanoni.com.br\/2019\/wp-json\/wp\/v2\/posts\/52052\/revisions"}],"wp:featuredmedia":[{"embeddable":true,"href":"https:\/\/jorgezanoni.com.br\/2019\/wp-json\/wp\/v2\/media\/52055"}],"wp:attachment":[{"href":"https:\/\/jorgezanoni.com.br\/2019\/wp-json\/wp\/v2\/media?parent=52052"}],"wp:term":[{"taxonomy":"category","embeddable":true,"href":"https:\/\/jorgezanoni.com.br\/2019\/wp-json\/wp\/v2\/categories?post=52052"},{"taxonomy":"post_tag","embeddable":true,"href":"https:\/\/jorgezanoni.com.br\/2019\/wp-json\/wp\/v2\/tags?post=52052"}],"curies":[{"name":"wp","href":"https:\/\/api.w.org\/{rel}","templated":true}]}}