{"id":5205,"date":"2019-09-03T23:46:13","date_gmt":"2019-09-03T23:46:13","guid":{"rendered":"https:\/\/jorgezanoni.com.br\/2019\/?p=5205"},"modified":"2019-09-03T23:46:37","modified_gmt":"2019-09-03T23:46:37","slug":"equipe-pedagogica-de-dracena-participa-de-formacao-continuada-em-votuporanga-sp","status":"publish","type":"post","link":"https:\/\/jorgezanoni.com.br\/2019\/equipe-pedagogica-de-dracena-participa-de-formacao-continuada-em-votuporanga-sp\/","title":{"rendered":"Equipe pedag\u00f3gica de Dracena participa de forma\u00e7\u00e3o continuada em Votuporanga-SP"},"content":{"rendered":"<p style=\"text-align: justify;\">\u00a0\u00a0\u00a0\u00a0\u00a0\u00a0\u00a0\u00a0 Estiveram presentes na cidade universit\u00e1ria da institui\u00e7\u00e3o UNIFEV, em Votuporanga-SP, coordenadoras pedag\u00f3gicas, diretoras de escolas municipais, equipe de especialistas da \u00e1rea de educa\u00e7\u00e3o especial e a professora formadora Maria Cristina Scaliante, do quadro da Secretaria Municipal de Educa\u00e7\u00e3o de Dracena, para a continuidade do ciclo de forma\u00e7\u00f5es que est\u00e3o ocorrendo ao longo do ano letivo.<\/p>\n<p style=\"text-align: justify;\">\u00a0\u00a0\u00a0\u00a0\u00a0\u00a0\u00a0\u00a0 As capacita\u00e7\u00f5es fazem parte de um cronograma de palestras focalizados no sistema apostilado de educa\u00e7\u00e3o infantil implantado na rede. Os temas trabalhados durante o encontro foram: Gest\u00e3o Democr\u00e1tica e Clima Escolar e Capacita\u00e7\u00e3o de Primeiros Socorros.<\/p>\n<p style=\"text-align: justify;\">\u00a0 \u00a0 \u00a0 \u00a0 \u00a0De acordo com a formadora, Profa. Maria Cristina Scaliante \u201ca proposta \u00e9 que as aprendizagens fortale\u00e7am a qualidade da educa\u00e7\u00e3o nas escolas, por meio de contribui\u00e7\u00f5es que os coordenadores e gestores possam oferecer aos quadros docentes de suas unidades escolares\u201d.<\/p>\n<p style=\"text-align: justify;\">\u00a0 \u00a0 \u00a0 \u00a0 \u00a0Para a Secret\u00e1ria de Educa\u00e7\u00e3o,\u00a0Prof\u00aa Doutoranda Vanessa Red\u00edgolo Castilho \u201cfaz parte do planejamento de a\u00e7\u00f5es da pasta o trabalho intensivo de forma\u00e7\u00e3o continuada, abordando temas pertinentes a \u00e1rea educacional\u201d.<\/p>\n<p>Fonte: Diretoria de Comunica\u00e7\u00e3o<\/p>\n","protected":false},"excerpt":{"rendered":"<p>\u00a0\u00a0\u00a0\u00a0\u00a0\u00a0\u00a0\u00a0 Estiveram presentes na cidade universit\u00e1ria da institui\u00e7\u00e3o UNIFEV, em Votuporanga-SP, coordenadoras pedag\u00f3gicas, diretoras de escolas municipais, equipe de especialistas da \u00e1rea de educa\u00e7\u00e3o especial e a professora formadora Maria Cristina Scaliante, do quadro da Secretaria Municipal de Educa\u00e7\u00e3o de Dracena, para a continuidade do ciclo de forma\u00e7\u00f5es que est\u00e3o ocorrendo ao longo do ano [&hellip;]<\/p>\n","protected":false},"author":1,"featured_media":5206,"comment_status":"closed","ping_status":"open","sticky":false,"template":"","format":"standard","meta":{"footnotes":""},"categories":[122],"tags":[],"class_list":["post-5205","post","type-post","status-publish","format-standard","has-post-thumbnail","hentry","category-saudeeducacaoeconcurso"],"_links":{"self":[{"href":"https:\/\/jorgezanoni.com.br\/2019\/wp-json\/wp\/v2\/posts\/5205","targetHints":{"allow":["GET"]}}],"collection":[{"href":"https:\/\/jorgezanoni.com.br\/2019\/wp-json\/wp\/v2\/posts"}],"about":[{"href":"https:\/\/jorgezanoni.com.br\/2019\/wp-json\/wp\/v2\/types\/post"}],"author":[{"embeddable":true,"href":"https:\/\/jorgezanoni.com.br\/2019\/wp-json\/wp\/v2\/users\/1"}],"replies":[{"embeddable":true,"href":"https:\/\/jorgezanoni.com.br\/2019\/wp-json\/wp\/v2\/comments?post=5205"}],"version-history":[{"count":0,"href":"https:\/\/jorgezanoni.com.br\/2019\/wp-json\/wp\/v2\/posts\/5205\/revisions"}],"wp:featuredmedia":[{"embeddable":true,"href":"https:\/\/jorgezanoni.com.br\/2019\/wp-json\/wp\/v2\/media\/5206"}],"wp:attachment":[{"href":"https:\/\/jorgezanoni.com.br\/2019\/wp-json\/wp\/v2\/media?parent=5205"}],"wp:term":[{"taxonomy":"category","embeddable":true,"href":"https:\/\/jorgezanoni.com.br\/2019\/wp-json\/wp\/v2\/categories?post=5205"},{"taxonomy":"post_tag","embeddable":true,"href":"https:\/\/jorgezanoni.com.br\/2019\/wp-json\/wp\/v2\/tags?post=5205"}],"curies":[{"name":"wp","href":"https:\/\/api.w.org\/{rel}","templated":true}]}}