{"id":52048,"date":"2021-08-10T22:10:33","date_gmt":"2021-08-10T22:10:33","guid":{"rendered":"https:\/\/jorgezanoni.com.br\/2019\/?p=52048"},"modified":"2021-08-10T22:10:33","modified_gmt":"2021-08-10T22:10:33","slug":"policia-militar-prende-homem-em-flagrante-por-furto-em-estabelecimento-comercial-de-dracena","status":"publish","type":"post","link":"https:\/\/jorgezanoni.com.br\/2019\/policia-militar-prende-homem-em-flagrante-por-furto-em-estabelecimento-comercial-de-dracena\/","title":{"rendered":"Pol\u00edcia Militar prende homem em flagrante por furto em estabelecimento comercial de Dracena"},"content":{"rendered":"<p style=\"text-align: justify;\"><strong>POL\u00cdCIA MILITAR PRENDE EM FLAGRANTE AUTOR DE FURTO A ESTABELECIMENTO COMERCIAL.<\/strong><\/p>\n<p style=\"text-align: justify;\">Na data de ontem (09) por volta das 14h08min a equipe da Pol\u00edcia Militar ao chegar ao local dos fatos pela Avenida Rui Barbosa foi constatado que o autor (28 anos) adentrou o estabelecimento comercial da v\u00edtima (49 anos) ,e subtraiu duas caixas de sab\u00e3o em p\u00f3 no valor de R$12,99 cada, e tomou sentido ignorado, e que ap\u00f3s essa guarni\u00e7\u00e3o tomar conhecimento de sua resid\u00eancia e foi constatado que o autor estava de posse das r\u00e9s furtiva e efetuada a pris\u00e3o do autor por furto simples, permanecendo \u00e0 disposi\u00e7\u00e3o da Justi\u00e7a.<\/p>\n<p>Fonte: Com. Social Pol\u00edcia Militar<\/p>\n","protected":false},"excerpt":{"rendered":"<p>POL\u00cdCIA MILITAR PRENDE EM FLAGRANTE AUTOR DE FURTO A ESTABELECIMENTO COMERCIAL. Na data de ontem (09) por volta das 14h08min a equipe da Pol\u00edcia Militar ao chegar ao local dos fatos pela Avenida Rui Barbosa foi constatado que o autor (28 anos) adentrou o estabelecimento comercial da v\u00edtima (49 anos) ,e subtraiu duas caixas de [&hellip;]<\/p>\n","protected":false},"author":1,"featured_media":52050,"comment_status":"closed","ping_status":"open","sticky":false,"template":"","format":"standard","meta":{"footnotes":""},"categories":[110,2],"tags":[],"class_list":["post-52048","post","type-post","status-publish","format-standard","has-post-thumbnail","hentry","category-noticiasdestaque","category-policial"],"_links":{"self":[{"href":"https:\/\/jorgezanoni.com.br\/2019\/wp-json\/wp\/v2\/posts\/52048","targetHints":{"allow":["GET"]}}],"collection":[{"href":"https:\/\/jorgezanoni.com.br\/2019\/wp-json\/wp\/v2\/posts"}],"about":[{"href":"https:\/\/jorgezanoni.com.br\/2019\/wp-json\/wp\/v2\/types\/post"}],"author":[{"embeddable":true,"href":"https:\/\/jorgezanoni.com.br\/2019\/wp-json\/wp\/v2\/users\/1"}],"replies":[{"embeddable":true,"href":"https:\/\/jorgezanoni.com.br\/2019\/wp-json\/wp\/v2\/comments?post=52048"}],"version-history":[{"count":0,"href":"https:\/\/jorgezanoni.com.br\/2019\/wp-json\/wp\/v2\/posts\/52048\/revisions"}],"wp:featuredmedia":[{"embeddable":true,"href":"https:\/\/jorgezanoni.com.br\/2019\/wp-json\/wp\/v2\/media\/52050"}],"wp:attachment":[{"href":"https:\/\/jorgezanoni.com.br\/2019\/wp-json\/wp\/v2\/media?parent=52048"}],"wp:term":[{"taxonomy":"category","embeddable":true,"href":"https:\/\/jorgezanoni.com.br\/2019\/wp-json\/wp\/v2\/categories?post=52048"},{"taxonomy":"post_tag","embeddable":true,"href":"https:\/\/jorgezanoni.com.br\/2019\/wp-json\/wp\/v2\/tags?post=52048"}],"curies":[{"name":"wp","href":"https:\/\/api.w.org\/{rel}","templated":true}]}}