{"id":52022,"date":"2021-08-10T13:21:18","date_gmt":"2021-08-10T13:21:18","guid":{"rendered":"https:\/\/jorgezanoni.com.br\/2019\/?p=52022"},"modified":"2021-08-10T13:21:18","modified_gmt":"2021-08-10T13:21:18","slug":"casamento-de-marcelo-e-talicia-em-tupi-paulista","status":"publish","type":"post","link":"https:\/\/jorgezanoni.com.br\/2019\/casamento-de-marcelo-e-talicia-em-tupi-paulista\/","title":{"rendered":"Casamento de Marcelo e Tal\u00edcia em Tupi Paulista"},"content":{"rendered":"<p style=\"text-align: justify;\">No \u00faltimo final de semana aconteceu o casamento de Marcelo Fonseca e Tal\u00edcia Cez\u00e1rio Fonseca.<\/p>\n<p style=\"text-align: justify;\">O registro no Cart\u00f3rio Civil aconteceu no dia 7 e o religioso dia 8.<\/p>\n<p style=\"text-align: justify;\">S\u00e3o Pais do noivo Neto Fonseca e Maria L\u00facia Fonseca e da noiva Vera L\u00facia Cez\u00e1rio e a av\u00f3 Alvina dos Santos.<\/p>\n<p style=\"text-align: justify;\">Tal\u00edcia \u00e9 efermeira no Posto Kanji de Tupi Paulista, funcion\u00e1ria da Prefeitura Municipal.<\/p>\n<p style=\"text-align: justify;\">Parab\u00e9ns aos noivos e que Deus aben\u00e7oe esta uni\u00e3o<\/p>\n<p><img loading=\"lazy\" decoding=\"async\" class=\"alignnone size-full wp-image-52023\" src=\"https:\/\/jorgezanoni.com.br\/2019\/wp-content\/uploads\/2021\/08\/casa-2.jpg\" alt=\"\" width=\"798\" height=\"1195\" srcset=\"https:\/\/jorgezanoni.com.br\/2019\/wp-content\/uploads\/2021\/08\/casa-2.jpg 798w, https:\/\/jorgezanoni.com.br\/2019\/wp-content\/uploads\/2021\/08\/casa-2-200x300.jpg 200w, https:\/\/jorgezanoni.com.br\/2019\/wp-content\/uploads\/2021\/08\/casa-2-684x1024.jpg 684w, https:\/\/jorgezanoni.com.br\/2019\/wp-content\/uploads\/2021\/08\/casa-2-768x1150.jpg 768w, https:\/\/jorgezanoni.com.br\/2019\/wp-content\/uploads\/2021\/08\/casa-2-696x1042.jpg 696w, https:\/\/jorgezanoni.com.br\/2019\/wp-content\/uploads\/2021\/08\/casa-2-280x420.jpg 280w\" sizes=\"auto, (max-width: 798px) 100vw, 798px\" \/> <img loading=\"lazy\" decoding=\"async\" class=\"alignnone size-full wp-image-52024\" src=\"https:\/\/jorgezanoni.com.br\/2019\/wp-content\/uploads\/2021\/08\/casa1-2.jpg\" alt=\"\" width=\"826\" height=\"853\" srcset=\"https:\/\/jorgezanoni.com.br\/2019\/wp-content\/uploads\/2021\/08\/casa1-2.jpg 826w, https:\/\/jorgezanoni.com.br\/2019\/wp-content\/uploads\/2021\/08\/casa1-2-291x300.jpg 291w, https:\/\/jorgezanoni.com.br\/2019\/wp-content\/uploads\/2021\/08\/casa1-2-768x793.jpg 768w, https:\/\/jorgezanoni.com.br\/2019\/wp-content\/uploads\/2021\/08\/casa1-2-696x719.jpg 696w, https:\/\/jorgezanoni.com.br\/2019\/wp-content\/uploads\/2021\/08\/casa1-2-407x420.jpg 407w\" sizes=\"auto, (max-width: 826px) 100vw, 826px\" \/><\/p>\n<p style=\"text-align: justify;\">\n","protected":false},"excerpt":{"rendered":"<p>No \u00faltimo final de semana aconteceu o casamento de Marcelo Fonseca e Tal\u00edcia Cez\u00e1rio Fonseca. O registro no Cart\u00f3rio Civil aconteceu no dia 7 e o religioso dia 8. S\u00e3o Pais do noivo Neto Fonseca e Maria L\u00facia Fonseca e da noiva Vera L\u00facia Cez\u00e1rio e a av\u00f3 Alvina dos Santos. Tal\u00edcia \u00e9 efermeira no [&hellip;]<\/p>\n","protected":false},"author":1,"featured_media":52025,"comment_status":"closed","ping_status":"open","sticky":false,"template":"","format":"standard","meta":{"footnotes":""},"categories":[114],"tags":[],"class_list":["post-52022","post","type-post","status-publish","format-standard","has-post-thumbnail","hentry","category-geralecomercio"],"_links":{"self":[{"href":"https:\/\/jorgezanoni.com.br\/2019\/wp-json\/wp\/v2\/posts\/52022","targetHints":{"allow":["GET"]}}],"collection":[{"href":"https:\/\/jorgezanoni.com.br\/2019\/wp-json\/wp\/v2\/posts"}],"about":[{"href":"https:\/\/jorgezanoni.com.br\/2019\/wp-json\/wp\/v2\/types\/post"}],"author":[{"embeddable":true,"href":"https:\/\/jorgezanoni.com.br\/2019\/wp-json\/wp\/v2\/users\/1"}],"replies":[{"embeddable":true,"href":"https:\/\/jorgezanoni.com.br\/2019\/wp-json\/wp\/v2\/comments?post=52022"}],"version-history":[{"count":0,"href":"https:\/\/jorgezanoni.com.br\/2019\/wp-json\/wp\/v2\/posts\/52022\/revisions"}],"wp:featuredmedia":[{"embeddable":true,"href":"https:\/\/jorgezanoni.com.br\/2019\/wp-json\/wp\/v2\/media\/52025"}],"wp:attachment":[{"href":"https:\/\/jorgezanoni.com.br\/2019\/wp-json\/wp\/v2\/media?parent=52022"}],"wp:term":[{"taxonomy":"category","embeddable":true,"href":"https:\/\/jorgezanoni.com.br\/2019\/wp-json\/wp\/v2\/categories?post=52022"},{"taxonomy":"post_tag","embeddable":true,"href":"https:\/\/jorgezanoni.com.br\/2019\/wp-json\/wp\/v2\/tags?post=52022"}],"curies":[{"name":"wp","href":"https:\/\/api.w.org\/{rel}","templated":true}]}}