{"id":51998,"date":"2021-08-10T00:25:18","date_gmt":"2021-08-10T00:25:18","guid":{"rendered":"https:\/\/jorgezanoni.com.br\/2019\/?p=51998"},"modified":"2021-08-10T00:25:18","modified_gmt":"2021-08-10T00:25:18","slug":"vacina-covid-amanha-10-podem-ser-vacinados-jovens-de-22-e-21-anos-leia-atentamente-os-horarios","status":"publish","type":"post","link":"https:\/\/jorgezanoni.com.br\/2019\/vacina-covid-amanha-10-podem-ser-vacinados-jovens-de-22-e-21-anos-leia-atentamente-os-horarios\/","title":{"rendered":"VACINA COVID: Amanh\u00e3 (10) podem ser vacinados jovens de 22 e 21 anos. Leia atentamente os hor\u00e1rios"},"content":{"rendered":"<div class=\"kvgmc6g5 cxmmr5t8 oygrvhab hcukyx3x c1et5uql ii04i59q\">\n<div dir=\"auto\" style=\"text-align: justify;\">SEMANA COME\u00c7ANDO COM NOT\u00cdCIA BOA<\/div>\n<\/div>\n<div class=\"o9v6fnle cxmmr5t8 oygrvhab hcukyx3x c1et5uql ii04i59q\" style=\"text-align: justify;\">\n<div dir=\"auto\"><span class=\"pq6dq46d tbxw36s4 knj5qynh kvgmc6g5 ditlmg2l oygrvhab nvdbi5me sf5mxxl7 gl3lb2sf hhz5lgdu\"><img loading=\"lazy\" decoding=\"async\" src=\"https:\/\/www.facebook.com\/images\/emoji.php\/v9\/t33\/1\/16\/2705.png\" alt=\"\u2705\" width=\"16\" height=\"16\" \/><\/span>Amanh\u00e3, 10\/08, excepcionalmente ser\u00e3o promovidas 13 horas diretas de vacina\u00e7\u00e3o covid 19.<\/div>\n<\/div>\n<div class=\"o9v6fnle cxmmr5t8 oygrvhab hcukyx3x c1et5uql ii04i59q\" style=\"text-align: justify;\">\n<div dir=\"auto\"><span class=\"pq6dq46d tbxw36s4 knj5qynh kvgmc6g5 ditlmg2l oygrvhab nvdbi5me sf5mxxl7 gl3lb2sf hhz5lgdu\"><img loading=\"lazy\" decoding=\"async\" src=\"https:\/\/www.facebook.com\/images\/emoji.php\/v9\/t33\/1\/16\/2705.png\" alt=\"\u2705\" width=\"16\" height=\"16\" \/><\/span>Em uma estrat\u00e9gia da Secretaria Municipal de Sa\u00fade, ap\u00f3s informa\u00e7\u00e3o de que o munic\u00edpio receber\u00e1 novas doses de vacina, o p\u00fablico que ainda n\u00e3o recebeu e \u00e0queles que est\u00e3o com a segunda dose agendada para o dia ou em atraso dever\u00e3o ir at\u00e9 ao Sal\u00e3o da Igreja Assembleia de Deus Bel\u00e9m, Rua Janu\u00e1rio Bonito n.\u00b0 527, na Vila Barros, pr\u00f3ximo \u00e0 Olivar.<\/div>\n<\/div>\n<div class=\"o9v6fnle cxmmr5t8 oygrvhab hcukyx3x c1et5uql ii04i59q\" style=\"text-align: justify;\">\n<div dir=\"auto\"><span class=\"pq6dq46d tbxw36s4 knj5qynh kvgmc6g5 ditlmg2l oygrvhab nvdbi5me sf5mxxl7 gl3lb2sf hhz5lgdu\"><img loading=\"lazy\" decoding=\"async\" src=\"https:\/\/www.facebook.com\/images\/emoji.php\/v9\/t33\/1\/16\/2705.png\" alt=\"\u2705\" width=\"16\" height=\"16\" \/><\/span>Os hor\u00e1rios ser\u00e3o: das 8h \u00e0s 13h para segunda dose; das 13h \u00e0s 17h, para o p\u00fablico de 22 anos e das 17h \u00e0s 21h, para o p\u00fablico de 21 anos.<\/div>\n<\/div>\n<div class=\"o9v6fnle cxmmr5t8 oygrvhab hcukyx3x c1et5uql ii04i59q\" style=\"text-align: justify;\">\n<div dir=\"auto\"><span class=\"pq6dq46d tbxw36s4 knj5qynh kvgmc6g5 ditlmg2l oygrvhab nvdbi5me sf5mxxl7 gl3lb2sf hhz5lgdu\"><img loading=\"lazy\" decoding=\"async\" src=\"https:\/\/www.facebook.com\/images\/emoji.php\/v9\/t33\/1\/16\/2705.png\" alt=\"\u2705\" width=\"16\" height=\"16\" \/><\/span>A Vigil\u00e2ncia Epidemiol\u00f3gica informa que no hor\u00e1rio entre \u00e0s 20h e 21h, ser\u00e3o distribu\u00eddas senhas para que n\u00e3o haja desperd\u00edcio de vacina.<\/div>\n<\/div>\n<div class=\"o9v6fnle cxmmr5t8 oygrvhab hcukyx3x c1et5uql ii04i59q\" style=\"text-align: justify;\">\n<div dir=\"auto\"><span class=\"pq6dq46d tbxw36s4 knj5qynh kvgmc6g5 ditlmg2l oygrvhab nvdbi5me sf5mxxl7 gl3lb2sf hhz5lgdu\"><img loading=\"lazy\" decoding=\"async\" src=\"https:\/\/www.facebook.com\/images\/emoji.php\/v9\/t4f\/1\/16\/1f447.png\" alt=\"\ud83d\udc47\" width=\"16\" height=\"16\" \/><\/span>O prefeito Andr\u00e9 Lemos confirma o objetivo maior, vacinar a popula\u00e7\u00e3o e, assim, poder ter um pouco mais de seguran\u00e7a na retomada das atividades t\u00e3o importantes para a economia e o cotidiano como um todo. Ressalta que mesmo ap\u00f3s ter se vacinado com as duas doses da vacina, os cuidados preventivos s\u00e3o importantes serem mantidos, como o uso da m\u00e1scara.<\/div>\n<\/div>\n<div class=\"o9v6fnle cxmmr5t8 oygrvhab hcukyx3x c1et5uql ii04i59q\" style=\"text-align: justify;\">\n<div dir=\"auto\"><span class=\"pq6dq46d tbxw36s4 knj5qynh kvgmc6g5 ditlmg2l oygrvhab nvdbi5me sf5mxxl7 gl3lb2sf hhz5lgdu\"><img loading=\"lazy\" decoding=\"async\" src=\"https:\/\/www.facebook.com\/images\/emoji.php\/v9\/t33\/1\/16\/2705.png\" alt=\"\u2705\" width=\"16\" height=\"16\" \/><\/span>SERVI\u00c7O<\/div>\n<\/div>\n<div class=\"o9v6fnle cxmmr5t8 oygrvhab hcukyx3x c1et5uql ii04i59q\" style=\"text-align: justify;\">\n<div dir=\"auto\">Para primeira dose levar<\/div>\n<div dir=\"auto\">RG, CPF, comprovante de resid\u00eancia<\/div>\n<\/div>\n<div class=\"o9v6fnle cxmmr5t8 oygrvhab hcukyx3x c1et5uql ii04i59q\" style=\"text-align: justify;\">\n<div dir=\"auto\">Para segunda dose levar<\/div>\n<div dir=\"auto\">RG, CPF e cart\u00e3o vacinal da primeira dose<\/div>\n<div dir=\"auto\"><\/div>\n<\/div>\n<div dir=\"auto\" style=\"text-align: justify;\">Fonte: Diretoria de Comunica\u00e7\u00e3o<\/div>\n","protected":false},"excerpt":{"rendered":"<p>SEMANA COME\u00c7ANDO COM NOT\u00cdCIA BOA Amanh\u00e3, 10\/08, excepcionalmente ser\u00e3o promovidas 13 horas diretas de vacina\u00e7\u00e3o covid 19. Em uma estrat\u00e9gia da Secretaria Municipal de Sa\u00fade, ap\u00f3s informa\u00e7\u00e3o de que o munic\u00edpio receber\u00e1 novas doses de vacina, o p\u00fablico que ainda n\u00e3o recebeu e \u00e0queles que est\u00e3o com a segunda dose agendada para o dia ou [&hellip;]<\/p>\n","protected":false},"author":1,"featured_media":51999,"comment_status":"closed","ping_status":"open","sticky":false,"template":"","format":"standard","meta":{"footnotes":""},"categories":[179,184,110],"tags":[],"class_list":["post-51998","post","type-post","status-publish","format-standard","has-post-thumbnail","hentry","category-cidadeseregiao","category-dracena","category-noticiasdestaque"],"_links":{"self":[{"href":"https:\/\/jorgezanoni.com.br\/2019\/wp-json\/wp\/v2\/posts\/51998","targetHints":{"allow":["GET"]}}],"collection":[{"href":"https:\/\/jorgezanoni.com.br\/2019\/wp-json\/wp\/v2\/posts"}],"about":[{"href":"https:\/\/jorgezanoni.com.br\/2019\/wp-json\/wp\/v2\/types\/post"}],"author":[{"embeddable":true,"href":"https:\/\/jorgezanoni.com.br\/2019\/wp-json\/wp\/v2\/users\/1"}],"replies":[{"embeddable":true,"href":"https:\/\/jorgezanoni.com.br\/2019\/wp-json\/wp\/v2\/comments?post=51998"}],"version-history":[{"count":0,"href":"https:\/\/jorgezanoni.com.br\/2019\/wp-json\/wp\/v2\/posts\/51998\/revisions"}],"wp:featuredmedia":[{"embeddable":true,"href":"https:\/\/jorgezanoni.com.br\/2019\/wp-json\/wp\/v2\/media\/51999"}],"wp:attachment":[{"href":"https:\/\/jorgezanoni.com.br\/2019\/wp-json\/wp\/v2\/media?parent=51998"}],"wp:term":[{"taxonomy":"category","embeddable":true,"href":"https:\/\/jorgezanoni.com.br\/2019\/wp-json\/wp\/v2\/categories?post=51998"},{"taxonomy":"post_tag","embeddable":true,"href":"https:\/\/jorgezanoni.com.br\/2019\/wp-json\/wp\/v2\/tags?post=51998"}],"curies":[{"name":"wp","href":"https:\/\/api.w.org\/{rel}","templated":true}]}}