{"id":51967,"date":"2021-08-09T12:19:47","date_gmt":"2021-08-09T12:19:47","guid":{"rendered":"https:\/\/jorgezanoni.com.br\/2019\/?p=51967"},"modified":"2021-08-09T12:19:47","modified_gmt":"2021-08-09T12:19:47","slug":"menino-de-11-anos-e-socorrido-com-traumatismo-craniano-apos-ser-atropelado-por-carro","status":"publish","type":"post","link":"https:\/\/jorgezanoni.com.br\/2019\/menino-de-11-anos-e-socorrido-com-traumatismo-craniano-apos-ser-atropelado-por-carro\/","title":{"rendered":"Menino de 11 anos \u00e9 socorrido com traumatismo craniano ap\u00f3s ser atropelado por carro"},"content":{"rendered":"<div class=\"mc-column content-text active-extra-styles active-capital-letter\" data-block-type=\"unstyled\" data-block-weight=\"15\" data-block-id=\"1\">\n<p class=\"content-text__container theme-color-primary-first-letter\" style=\"text-align: justify;\" data-track-category=\"Link no Texto\" data-track-links=\"\"><strong>Um menino de 11 anos foi atropelado por um carro neste domingo (8), em\u00a0Panorama.<\/strong><\/p>\n<\/div>\n<div class=\"wall protected-content\">\n<div class=\"mc-column content-text active-extra-styles \" style=\"text-align: justify;\" data-block-type=\"unstyled\" data-block-weight=\"38\" data-block-id=\"2\">\n<p class=\"content-text__container \" data-track-category=\"Link no Texto\" data-track-links=\"\">Segundo a Pol\u00edcia Militar, o acidente foi por volta das 12h15. Um homem de 36 anos conduzia o ve\u00edculo com placas da cidade. Ele atropelou a v\u00edtima e a PM salientou que ele prestou o socorro ao menino.<\/p>\n<\/div>\n<div class=\"mc-column content-text active-extra-styles \" style=\"text-align: justify;\" data-block-type=\"unstyled\" data-block-weight=\"25\" data-block-id=\"3\">\n<p class=\"content-text__container \" data-track-category=\"Link no Texto\" data-track-links=\"\">A v\u00edtima foi socorrida em estado grave e levada para Santa Casa de Panorama. No boletim de ocorr\u00eancia consta que o garoto teve traumatismo craniano.<\/p>\n<\/div>\n<div class=\"mc-column content-text active-extra-styles \" data-block-type=\"unstyled\" data-block-weight=\"28\" data-block-id=\"4\">\n<p class=\"content-text__container \" style=\"text-align: justify;\" data-track-category=\"Link no Texto\" data-track-links=\"\">A Santa Casa de Panorama afirmou que o menino foi transferido consciente para um hospital de Presidente Prudente. Contudo, n\u00e3o h\u00e1 atualiza\u00e7\u00f5es do estado de sa\u00fade da v\u00edtima.<\/p>\n<p style=\"text-align: justify;\" data-track-category=\"Link no Texto\" data-track-links=\"\">Fonte: G1<\/p>\n<\/div>\n<\/div>\n","protected":false},"excerpt":{"rendered":"<p>Um menino de 11 anos foi atropelado por um carro neste domingo (8), em\u00a0Panorama. Segundo a Pol\u00edcia Militar, o acidente foi por volta das 12h15. Um homem de 36 anos conduzia o ve\u00edculo com placas da cidade. Ele atropelou a v\u00edtima e a PM salientou que ele prestou o socorro ao menino. A v\u00edtima foi [&hellip;]<\/p>\n","protected":false},"author":1,"featured_media":51968,"comment_status":"closed","ping_status":"open","sticky":false,"template":"","format":"standard","meta":{"footnotes":""},"categories":[170,110],"tags":[],"class_list":["post-51967","post","type-post","status-publish","format-standard","has-post-thumbnail","hentry","category-acidentes","category-noticiasdestaque"],"_links":{"self":[{"href":"https:\/\/jorgezanoni.com.br\/2019\/wp-json\/wp\/v2\/posts\/51967","targetHints":{"allow":["GET"]}}],"collection":[{"href":"https:\/\/jorgezanoni.com.br\/2019\/wp-json\/wp\/v2\/posts"}],"about":[{"href":"https:\/\/jorgezanoni.com.br\/2019\/wp-json\/wp\/v2\/types\/post"}],"author":[{"embeddable":true,"href":"https:\/\/jorgezanoni.com.br\/2019\/wp-json\/wp\/v2\/users\/1"}],"replies":[{"embeddable":true,"href":"https:\/\/jorgezanoni.com.br\/2019\/wp-json\/wp\/v2\/comments?post=51967"}],"version-history":[{"count":0,"href":"https:\/\/jorgezanoni.com.br\/2019\/wp-json\/wp\/v2\/posts\/51967\/revisions"}],"wp:featuredmedia":[{"embeddable":true,"href":"https:\/\/jorgezanoni.com.br\/2019\/wp-json\/wp\/v2\/media\/51968"}],"wp:attachment":[{"href":"https:\/\/jorgezanoni.com.br\/2019\/wp-json\/wp\/v2\/media?parent=51967"}],"wp:term":[{"taxonomy":"category","embeddable":true,"href":"https:\/\/jorgezanoni.com.br\/2019\/wp-json\/wp\/v2\/categories?post=51967"},{"taxonomy":"post_tag","embeddable":true,"href":"https:\/\/jorgezanoni.com.br\/2019\/wp-json\/wp\/v2\/tags?post=51967"}],"curies":[{"name":"wp","href":"https:\/\/api.w.org\/{rel}","templated":true}]}}