{"id":51964,"date":"2021-08-09T12:03:14","date_gmt":"2021-08-09T12:03:14","guid":{"rendered":"https:\/\/jorgezanoni.com.br\/2019\/?p=51964"},"modified":"2021-08-09T12:03:14","modified_gmt":"2021-08-09T12:03:14","slug":"pai-e-filho-ficam-feridos-em-acidente-na-sp-294","status":"publish","type":"post","link":"https:\/\/jorgezanoni.com.br\/2019\/pai-e-filho-ficam-feridos-em-acidente-na-sp-294\/","title":{"rendered":"Pai e filho ficam feridos em acidente na SP-294"},"content":{"rendered":"<p style=\"text-align: justify;\">Dois homens, um de 24 anos e outro de 44 anos, que seriam filho e pai e residentes em Bastos, se feriram no capotamento de um autom\u00f3vel no final da tarde deste domingo, 08\/08, na altura do Km 527 da rodovia comandante Jo\u00e3o Ribeiro de Barros, trecho do munic\u00edpio de Tup\u00e3.<\/p>\n<p style=\"text-align: justify;\">Segundo informa\u00e7\u00f5es da Santa Casa de Tup\u00e3, os dois seguiam, at\u00e9 as 19h, aguardando exames de raio X, mas se encontravam, apesar dos ferimentos, conscientes, orientados e tranquilos, sendo observados.<\/p>\n<p style=\"text-align: justify;\">Segundo as primeiras informa\u00e7\u00f5es, o ve\u00edculo envolvido era ocupado por cinco pessoa e capotou e saiu da pista.<\/p>\n<p style=\"text-align: justify;\">\u00c0s 19h20 a Pol\u00edcia Militar Rodovi\u00e1ria Estadual, Base Operacional de Tup\u00e3 informou que o capotamento ocorreu no Km 526 + 400 metros, quando o Corsa, com placas de Bastos, seguia no sentido de Hercul\u00e2ndia a Iacri.<\/p>\n<p style=\"text-align: justify;\">Fonte: Nilton Mendon\u00e7a \/ Cidade Real.net &#8211; Fotos: Mais Tup\u00e3 \/ Diego Pereira<\/p>\n","protected":false},"excerpt":{"rendered":"<p>Dois homens, um de 24 anos e outro de 44 anos, que seriam filho e pai e residentes em Bastos, se feriram no capotamento de um autom\u00f3vel no final da tarde deste domingo, 08\/08, na altura do Km 527 da rodovia comandante Jo\u00e3o Ribeiro de Barros, trecho do munic\u00edpio de Tup\u00e3. Segundo informa\u00e7\u00f5es da Santa [&hellip;]<\/p>\n","protected":false},"author":1,"featured_media":51965,"comment_status":"closed","ping_status":"open","sticky":false,"template":"","format":"standard","meta":{"footnotes":""},"categories":[170,110],"tags":[],"class_list":["post-51964","post","type-post","status-publish","format-standard","has-post-thumbnail","hentry","category-acidentes","category-noticiasdestaque"],"_links":{"self":[{"href":"https:\/\/jorgezanoni.com.br\/2019\/wp-json\/wp\/v2\/posts\/51964","targetHints":{"allow":["GET"]}}],"collection":[{"href":"https:\/\/jorgezanoni.com.br\/2019\/wp-json\/wp\/v2\/posts"}],"about":[{"href":"https:\/\/jorgezanoni.com.br\/2019\/wp-json\/wp\/v2\/types\/post"}],"author":[{"embeddable":true,"href":"https:\/\/jorgezanoni.com.br\/2019\/wp-json\/wp\/v2\/users\/1"}],"replies":[{"embeddable":true,"href":"https:\/\/jorgezanoni.com.br\/2019\/wp-json\/wp\/v2\/comments?post=51964"}],"version-history":[{"count":0,"href":"https:\/\/jorgezanoni.com.br\/2019\/wp-json\/wp\/v2\/posts\/51964\/revisions"}],"wp:featuredmedia":[{"embeddable":true,"href":"https:\/\/jorgezanoni.com.br\/2019\/wp-json\/wp\/v2\/media\/51965"}],"wp:attachment":[{"href":"https:\/\/jorgezanoni.com.br\/2019\/wp-json\/wp\/v2\/media?parent=51964"}],"wp:term":[{"taxonomy":"category","embeddable":true,"href":"https:\/\/jorgezanoni.com.br\/2019\/wp-json\/wp\/v2\/categories?post=51964"},{"taxonomy":"post_tag","embeddable":true,"href":"https:\/\/jorgezanoni.com.br\/2019\/wp-json\/wp\/v2\/tags?post=51964"}],"curies":[{"name":"wp","href":"https:\/\/api.w.org\/{rel}","templated":true}]}}