{"id":51946,"date":"2021-08-08T22:36:20","date_gmt":"2021-08-08T22:36:20","guid":{"rendered":"https:\/\/jorgezanoni.com.br\/2019\/?p=51946"},"modified":"2021-08-08T23:45:49","modified_gmt":"2021-08-08T23:45:49","slug":"morador-de-florida-paulista-morre-em-tombamento-de-caminhao-no-municipio-de-junqueiropolis","status":"publish","type":"post","link":"https:\/\/jorgezanoni.com.br\/2019\/morador-de-florida-paulista-morre-em-tombamento-de-caminhao-no-municipio-de-junqueiropolis\/","title":{"rendered":"Morador de Fl\u00f3rida Paulista morre em tombamento de caminh\u00e3o no munic\u00edpio de Junqueir\u00f3polis"},"content":{"rendered":"<h1 class=\"mvp-post-title left entry-title\" style=\"text-align: justify;\">Michel Ramos de 31 anos \u00e9 a v\u00edtima fatal do acidente ocorrido no in\u00edcio da tarde neste domingo (8).<\/h1>\n<p style=\"text-align: justify;\">O jovem Michel Ramos, de 31 anos de idade, morador de Fl\u00f3rida Paulista faleceu em decorr\u00eancia de um grave acidente ocorrido na Vicinal Henrique Coutinho, Km. 10, rotat\u00f3ria do Mangueir\u00e3o, que d\u00e1 acesso a Rodovia SP-294, trevo do Bairro Salgado Filho.<\/p>\n<p style=\"text-align: justify;\">Ele estava em um caminh\u00e3o tanque de transporte de vinha\u00e7a que havia carregado na Usina Viterra Bioenergia (antiga Usina Rio Vermelho), cujo primeiro conjunto tombou com o cavalo mec\u00e2nico, e \u00e9 prestador de uma empresa terceirizada.<\/p>\n<p style=\"text-align: justify;\">Devido \u00e0 gravidade do acidente, ele ficou preso nas ferragens, n\u00e3o resistiu e infelizmente acabou falecendo.<\/p>\n<p style=\"text-align: justify;\">A ocorr\u00eancia foi atendida pela Pol\u00edcia Militar e o Corpo de Bombeiros que efetuou a retirada do corpo de Michel das ferragens do ve\u00edculo.<\/p>\n<p style=\"text-align: justify;\">A v\u00edtima deixa uma filha, pais e irm\u00e3os. Ele era bastante conhecido na Cidade Amizade e desde o momento em que ocorreu o acidente, recebe in\u00fameras homenagens nas redes sociais.<\/p>\n<p><em><strong>VEL\u00d3RIO E SEPULTAMENTO<\/strong><\/em><\/p>\n<p>A despedida de Michel est\u00e1 marcada para ter in\u00edcio \u00e0s 6h30 desta segunda-feira no Vel\u00f3rio Municipal. O sepultamento ser\u00e1 \u00e0s 10h30.<\/p>\n<p><img loading=\"lazy\" decoding=\"async\" class=\"alignnone size-full wp-image-51947\" src=\"https:\/\/jorgezanoni.com.br\/2019\/wp-content\/uploads\/2021\/08\/Trevo-Salgado.jpg\" alt=\"\" width=\"1280\" height=\"720\" srcset=\"https:\/\/jorgezanoni.com.br\/2019\/wp-content\/uploads\/2021\/08\/Trevo-Salgado.jpg 1280w, https:\/\/jorgezanoni.com.br\/2019\/wp-content\/uploads\/2021\/08\/Trevo-Salgado-300x169.jpg 300w, https:\/\/jorgezanoni.com.br\/2019\/wp-content\/uploads\/2021\/08\/Trevo-Salgado-1024x576.jpg 1024w, https:\/\/jorgezanoni.com.br\/2019\/wp-content\/uploads\/2021\/08\/Trevo-Salgado-768x432.jpg 768w, https:\/\/jorgezanoni.com.br\/2019\/wp-content\/uploads\/2021\/08\/Trevo-Salgado-696x392.jpg 696w, https:\/\/jorgezanoni.com.br\/2019\/wp-content\/uploads\/2021\/08\/Trevo-Salgado-1068x601.jpg 1068w, https:\/\/jorgezanoni.com.br\/2019\/wp-content\/uploads\/2021\/08\/Trevo-Salgado-747x420.jpg 747w\" sizes=\"auto, (max-width: 1280px) 100vw, 1280px\" \/> <img loading=\"lazy\" decoding=\"async\" class=\"alignnone size-full wp-image-51948\" src=\"https:\/\/jorgezanoni.com.br\/2019\/wp-content\/uploads\/2021\/08\/trevo-ver-1.jpeg\" alt=\"\" width=\"736\" height=\"331\" srcset=\"https:\/\/jorgezanoni.com.br\/2019\/wp-content\/uploads\/2021\/08\/trevo-ver-1.jpeg 736w, https:\/\/jorgezanoni.com.br\/2019\/wp-content\/uploads\/2021\/08\/trevo-ver-1-300x135.jpeg 300w, https:\/\/jorgezanoni.com.br\/2019\/wp-content\/uploads\/2021\/08\/trevo-ver-1-696x313.jpeg 696w\" sizes=\"auto, (max-width: 736px) 100vw, 736px\" \/> <img loading=\"lazy\" decoding=\"async\" class=\"alignnone size-full wp-image-51949\" src=\"https:\/\/jorgezanoni.com.br\/2019\/wp-content\/uploads\/2021\/08\/trevo-ver-2.jpeg\" alt=\"\" width=\"461\" height=\"1024\" srcset=\"https:\/\/jorgezanoni.com.br\/2019\/wp-content\/uploads\/2021\/08\/trevo-ver-2.jpeg 461w, https:\/\/jorgezanoni.com.br\/2019\/wp-content\/uploads\/2021\/08\/trevo-ver-2-135x300.jpeg 135w, https:\/\/jorgezanoni.com.br\/2019\/wp-content\/uploads\/2021\/08\/trevo-ver-2-189x420.jpeg 189w\" sizes=\"auto, (max-width: 461px) 100vw, 461px\" \/> <img loading=\"lazy\" decoding=\"async\" class=\"alignnone size-full wp-image-51950\" src=\"https:\/\/jorgezanoni.com.br\/2019\/wp-content\/uploads\/2021\/08\/trevo-ver-3.jpeg\" alt=\"\" width=\"1120\" height=\"504\" srcset=\"https:\/\/jorgezanoni.com.br\/2019\/wp-content\/uploads\/2021\/08\/trevo-ver-3.jpeg 1120w, https:\/\/jorgezanoni.com.br\/2019\/wp-content\/uploads\/2021\/08\/trevo-ver-3-300x135.jpeg 300w, https:\/\/jorgezanoni.com.br\/2019\/wp-content\/uploads\/2021\/08\/trevo-ver-3-1024x461.jpeg 1024w, https:\/\/jorgezanoni.com.br\/2019\/wp-content\/uploads\/2021\/08\/trevo-ver-3-768x346.jpeg 768w, https:\/\/jorgezanoni.com.br\/2019\/wp-content\/uploads\/2021\/08\/trevo-ver-3-696x313.jpeg 696w, https:\/\/jorgezanoni.com.br\/2019\/wp-content\/uploads\/2021\/08\/trevo-ver-3-1068x481.jpeg 1068w, https:\/\/jorgezanoni.com.br\/2019\/wp-content\/uploads\/2021\/08\/trevo-ver-3-933x420.jpeg 933w\" sizes=\"auto, (max-width: 1120px) 100vw, 1120px\" \/> <img loading=\"lazy\" decoding=\"async\" class=\"alignnone size-full wp-image-51951\" src=\"https:\/\/jorgezanoni.com.br\/2019\/wp-content\/uploads\/2021\/08\/trevo-ver-4.jpeg\" alt=\"\" width=\"1120\" height=\"504\" srcset=\"https:\/\/jorgezanoni.com.br\/2019\/wp-content\/uploads\/2021\/08\/trevo-ver-4.jpeg 1120w, https:\/\/jorgezanoni.com.br\/2019\/wp-content\/uploads\/2021\/08\/trevo-ver-4-300x135.jpeg 300w, https:\/\/jorgezanoni.com.br\/2019\/wp-content\/uploads\/2021\/08\/trevo-ver-4-1024x461.jpeg 1024w, https:\/\/jorgezanoni.com.br\/2019\/wp-content\/uploads\/2021\/08\/trevo-ver-4-768x346.jpeg 768w, https:\/\/jorgezanoni.com.br\/2019\/wp-content\/uploads\/2021\/08\/trevo-ver-4-696x313.jpeg 696w, https:\/\/jorgezanoni.com.br\/2019\/wp-content\/uploads\/2021\/08\/trevo-ver-4-1068x481.jpeg 1068w, https:\/\/jorgezanoni.com.br\/2019\/wp-content\/uploads\/2021\/08\/trevo-ver-4-933x420.jpeg 933w\" sizes=\"auto, (max-width: 1120px) 100vw, 1120px\" \/> <img loading=\"lazy\" decoding=\"async\" class=\"alignnone size-full wp-image-51952\" src=\"https:\/\/jorgezanoni.com.br\/2019\/wp-content\/uploads\/2021\/08\/trevo-ver-5.jpeg\" alt=\"\" width=\"1120\" height=\"504\" srcset=\"https:\/\/jorgezanoni.com.br\/2019\/wp-content\/uploads\/2021\/08\/trevo-ver-5.jpeg 1120w, https:\/\/jorgezanoni.com.br\/2019\/wp-content\/uploads\/2021\/08\/trevo-ver-5-300x135.jpeg 300w, https:\/\/jorgezanoni.com.br\/2019\/wp-content\/uploads\/2021\/08\/trevo-ver-5-1024x461.jpeg 1024w, https:\/\/jorgezanoni.com.br\/2019\/wp-content\/uploads\/2021\/08\/trevo-ver-5-768x346.jpeg 768w, https:\/\/jorgezanoni.com.br\/2019\/wp-content\/uploads\/2021\/08\/trevo-ver-5-696x313.jpeg 696w, https:\/\/jorgezanoni.com.br\/2019\/wp-content\/uploads\/2021\/08\/trevo-ver-5-1068x481.jpeg 1068w, https:\/\/jorgezanoni.com.br\/2019\/wp-content\/uploads\/2021\/08\/trevo-ver-5-933x420.jpeg 933w\" sizes=\"auto, (max-width: 1120px) 100vw, 1120px\" \/> <img loading=\"lazy\" decoding=\"async\" class=\"alignnone size-full wp-image-51953\" src=\"https:\/\/jorgezanoni.com.br\/2019\/wp-content\/uploads\/2021\/08\/trevo-ver.jpg\" alt=\"\" width=\"960\" height=\"540\" srcset=\"https:\/\/jorgezanoni.com.br\/2019\/wp-content\/uploads\/2021\/08\/trevo-ver.jpg 960w, https:\/\/jorgezanoni.com.br\/2019\/wp-content\/uploads\/2021\/08\/trevo-ver-300x169.jpg 300w, https:\/\/jorgezanoni.com.br\/2019\/wp-content\/uploads\/2021\/08\/trevo-ver-768x432.jpg 768w, https:\/\/jorgezanoni.com.br\/2019\/wp-content\/uploads\/2021\/08\/trevo-ver-696x392.jpg 696w, https:\/\/jorgezanoni.com.br\/2019\/wp-content\/uploads\/2021\/08\/trevo-ver-747x420.jpg 747w\" sizes=\"auto, (max-width: 960px) 100vw, 960px\" \/><\/p>\n<p>Colabora\u00e7\u00e3o Folha Regional<\/p>\n<p>Fotos: PM\/cedida e Internautas<\/p>\n<p>Comp. Jorge Zanoni<\/p>\n<p>&nbsp;<\/p>\n","protected":false},"excerpt":{"rendered":"<p>Michel Ramos de 31 anos \u00e9 a v\u00edtima fatal do acidente ocorrido no in\u00edcio da tarde neste domingo (8). O jovem Michel Ramos, de 31 anos de idade, morador de Fl\u00f3rida Paulista faleceu em decorr\u00eancia de um grave acidente ocorrido na Vicinal Henrique Coutinho, Km. 10, rotat\u00f3ria do Mangueir\u00e3o, que d\u00e1 acesso a Rodovia SP-294, [&hellip;]<\/p>\n","protected":false},"author":1,"featured_media":51954,"comment_status":"closed","ping_status":"open","sticky":false,"template":"","format":"standard","meta":{"footnotes":""},"categories":[170,110],"tags":[],"class_list":["post-51946","post","type-post","status-publish","format-standard","has-post-thumbnail","hentry","category-acidentes","category-noticiasdestaque"],"_links":{"self":[{"href":"https:\/\/jorgezanoni.com.br\/2019\/wp-json\/wp\/v2\/posts\/51946","targetHints":{"allow":["GET"]}}],"collection":[{"href":"https:\/\/jorgezanoni.com.br\/2019\/wp-json\/wp\/v2\/posts"}],"about":[{"href":"https:\/\/jorgezanoni.com.br\/2019\/wp-json\/wp\/v2\/types\/post"}],"author":[{"embeddable":true,"href":"https:\/\/jorgezanoni.com.br\/2019\/wp-json\/wp\/v2\/users\/1"}],"replies":[{"embeddable":true,"href":"https:\/\/jorgezanoni.com.br\/2019\/wp-json\/wp\/v2\/comments?post=51946"}],"version-history":[{"count":0,"href":"https:\/\/jorgezanoni.com.br\/2019\/wp-json\/wp\/v2\/posts\/51946\/revisions"}],"wp:featuredmedia":[{"embeddable":true,"href":"https:\/\/jorgezanoni.com.br\/2019\/wp-json\/wp\/v2\/media\/51954"}],"wp:attachment":[{"href":"https:\/\/jorgezanoni.com.br\/2019\/wp-json\/wp\/v2\/media?parent=51946"}],"wp:term":[{"taxonomy":"category","embeddable":true,"href":"https:\/\/jorgezanoni.com.br\/2019\/wp-json\/wp\/v2\/categories?post=51946"},{"taxonomy":"post_tag","embeddable":true,"href":"https:\/\/jorgezanoni.com.br\/2019\/wp-json\/wp\/v2\/tags?post=51946"}],"curies":[{"name":"wp","href":"https:\/\/api.w.org\/{rel}","templated":true}]}}