{"id":51941,"date":"2021-08-08T14:28:04","date_gmt":"2021-08-08T14:28:04","guid":{"rendered":"https:\/\/jorgezanoni.com.br\/2019\/?p=51941"},"modified":"2021-08-08T17:28:20","modified_gmt":"2021-08-08T17:28:20","slug":"morre-joao-barboza-seguranca-da-delegacia-seccional","status":"publish","type":"post","link":"https:\/\/jorgezanoni.com.br\/2019\/morre-joao-barboza-seguranca-da-delegacia-seccional\/","title":{"rendered":"Morre Jo\u00e3o Barboza seguran\u00e7a da Delegacia Seccional"},"content":{"rendered":"<p style=\"text-align: justify;\">Comunicamos com pesar o falecimento de Jo\u00e3o Barboza Santana J\u00fanior de 44 anos. Segundo informa\u00e7\u00f5es de familiares a serem confirmadas, ele teria sofrido um Infarto durante a madrugada.<\/p>\n<p style=\"text-align: justify;\">Jo\u00e3o trabalhava como seguran\u00e7a na portaria da Delegacia Seccional de Pol\u00edcia de Dracena, e era morador do Bairro Em\u00edlio Zanta.<\/p>\n<p style=\"text-align: justify;\">Deixa a esposa T\u00e2nia Sueli Pavarin, policial civ\u00edl, filha, demais familiares e amigos.<\/p>\n<p style=\"text-align: justify;\">O Vel\u00f3rio ser\u00e1 no Memorial Vida Prev hoje (8) das 19 \u00e0s 22 Hs. e amanh\u00e3 (9) das 07 \u00e0s 10 Hs. quando acontece o Sepultamento no Cemit\u00e9rio Municipal de Dracena.<\/p>\n<p style=\"text-align: justify;\">O Site JZ se solidariza com a fam\u00edlia do amigo Jo\u00e3o Barboza neste dificil momento.<\/p>\n<p style=\"text-align: justify;\">Jorge Zanoni<\/p>\n","protected":false},"excerpt":{"rendered":"<p>Comunicamos com pesar o falecimento de Jo\u00e3o Barboza Santana J\u00fanior de 44 anos. Segundo informa\u00e7\u00f5es de familiares a serem confirmadas, ele teria sofrido um Infarto durante a madrugada. Jo\u00e3o trabalhava como seguran\u00e7a na portaria da Delegacia Seccional de Pol\u00edcia de Dracena, e era morador do Bairro Em\u00edlio Zanta. Deixa a esposa T\u00e2nia Sueli Pavarin, policial [&hellip;]<\/p>\n","protected":false},"author":1,"featured_media":51942,"comment_status":"closed","ping_status":"open","sticky":false,"template":"","format":"standard","meta":{"footnotes":""},"categories":[178,110],"tags":[],"class_list":["post-51941","post","type-post","status-publish","format-standard","has-post-thumbnail","hentry","category-notadefalecimento","category-noticiasdestaque"],"_links":{"self":[{"href":"https:\/\/jorgezanoni.com.br\/2019\/wp-json\/wp\/v2\/posts\/51941","targetHints":{"allow":["GET"]}}],"collection":[{"href":"https:\/\/jorgezanoni.com.br\/2019\/wp-json\/wp\/v2\/posts"}],"about":[{"href":"https:\/\/jorgezanoni.com.br\/2019\/wp-json\/wp\/v2\/types\/post"}],"author":[{"embeddable":true,"href":"https:\/\/jorgezanoni.com.br\/2019\/wp-json\/wp\/v2\/users\/1"}],"replies":[{"embeddable":true,"href":"https:\/\/jorgezanoni.com.br\/2019\/wp-json\/wp\/v2\/comments?post=51941"}],"version-history":[{"count":0,"href":"https:\/\/jorgezanoni.com.br\/2019\/wp-json\/wp\/v2\/posts\/51941\/revisions"}],"wp:featuredmedia":[{"embeddable":true,"href":"https:\/\/jorgezanoni.com.br\/2019\/wp-json\/wp\/v2\/media\/51942"}],"wp:attachment":[{"href":"https:\/\/jorgezanoni.com.br\/2019\/wp-json\/wp\/v2\/media?parent=51941"}],"wp:term":[{"taxonomy":"category","embeddable":true,"href":"https:\/\/jorgezanoni.com.br\/2019\/wp-json\/wp\/v2\/categories?post=51941"},{"taxonomy":"post_tag","embeddable":true,"href":"https:\/\/jorgezanoni.com.br\/2019\/wp-json\/wp\/v2\/tags?post=51941"}],"curies":[{"name":"wp","href":"https:\/\/api.w.org\/{rel}","templated":true}]}}