{"id":5190,"date":"2019-09-03T23:06:58","date_gmt":"2019-09-03T23:06:58","guid":{"rendered":"https:\/\/jorgezanoni.com.br\/2019\/?p=5190"},"modified":"2019-09-03T23:07:22","modified_gmt":"2019-09-03T23:07:22","slug":"secretaria-de-educacao-de-dracena-renova-parceria-com-efape","status":"publish","type":"post","link":"https:\/\/jorgezanoni.com.br\/2019\/secretaria-de-educacao-de-dracena-renova-parceria-com-efape\/","title":{"rendered":"Secretaria de Educa\u00e7\u00e3o de Dracena renova parceria com EFAPE"},"content":{"rendered":"<p style=\"text-align: justify;\">\u00a0 \u00a0 \u00a0 \u00a0 \u00a0 \u00a0 \u00a0 \u00a0 \u00a0 A Secretaria Municipal de Educa\u00e7\u00e3o de Dracena firmou nova parceria para o ano de 2019 junto \u00e0 EFAPE (Escola de Forma\u00e7\u00e3o dos Profissionais de Educa\u00e7\u00e3o \u201cPaulo Renato Costa Souza\u201d), \u00f3rg\u00e3o da Secretaria de Educa\u00e7\u00e3o do Estado de S\u00e3o Paulo (SEE), para a oferta de cursos em Educa\u00e7\u00e3o a Dist\u00e2ncia (EaD).<\/p>\n<p style=\"text-align: justify;\">\u00a0\u00a0\u00a0\u00a0\u00a0\u00a0\u00a0\u00a0\u00a0\u00a0\u00a0 No ano de 2018 foram disponibilizados cinco cursos na modalidade EaD aos professores da rede e para o ano de 2019, foram iniciados tr\u00eas cursos voltados \u00e0 proposta Inova Educa\u00e7\u00e3o do governo estadual, que j\u00e1 est\u00e3o em fase de conclus\u00e3o, sendo focalizados nos componentes do programa sob os temas Projeto de Vida, Tecnologias e Eletivas.<\/p>\n<p style=\"text-align: justify;\">\u00a0\u00a0\u00a0\u00a0\u00a0\u00a0\u00a0\u00a0\u00a0\u00a0\u00a0 Para a Secret\u00e1ria de Educa\u00e7\u00e3o, Profa. Doutoranda Vanessa Red\u00edgolo Castilho \u201c\u00e9 preciso o fortalecimento de iniciativas como essa para proporcionar aos professores condi\u00e7\u00f5es de estudos a fim de contribuir a melhoria da qualidade de educa\u00e7\u00e3o que tem liga\u00e7\u00e3o direta ao preparo do professor\u201d.<\/p>\n<p style=\"text-align: justify;\">\u00a0\u00a0\u00a0\u00a0\u00a0\u00a0\u00a0\u00a0\u00a0\u00a0\u00a0 Os acompanhamentos dos cursistas s\u00e3o feitos pela Interlocutora da EFAPE, membro da pasta da educa\u00e7\u00e3o municipal, Profa. Ms. Tha\u00eds Regina Miranda Martins, que destaca a import\u00e2ncia dessa oportunidade para ampliar a oferta de forma\u00e7\u00e3o continuada aos docentes da rede.<\/p>\n<p style=\"text-align: justify;\">Fonte: Diretoria de Comunica\u00e7\u00e3o<\/p>\n","protected":false},"excerpt":{"rendered":"<p>\u00a0 \u00a0 \u00a0 \u00a0 \u00a0 \u00a0 \u00a0 \u00a0 \u00a0 A Secretaria Municipal de Educa\u00e7\u00e3o de Dracena firmou nova parceria para o ano de 2019 junto \u00e0 EFAPE (Escola de Forma\u00e7\u00e3o dos Profissionais de Educa\u00e7\u00e3o \u201cPaulo Renato Costa Souza\u201d), \u00f3rg\u00e3o da Secretaria de Educa\u00e7\u00e3o do Estado de S\u00e3o Paulo (SEE), para a oferta de cursos em [&hellip;]<\/p>\n","protected":false},"author":1,"featured_media":5191,"comment_status":"closed","ping_status":"open","sticky":false,"template":"","format":"standard","meta":{"footnotes":""},"categories":[122],"tags":[],"class_list":["post-5190","post","type-post","status-publish","format-standard","has-post-thumbnail","hentry","category-saudeeducacaoeconcurso"],"_links":{"self":[{"href":"https:\/\/jorgezanoni.com.br\/2019\/wp-json\/wp\/v2\/posts\/5190","targetHints":{"allow":["GET"]}}],"collection":[{"href":"https:\/\/jorgezanoni.com.br\/2019\/wp-json\/wp\/v2\/posts"}],"about":[{"href":"https:\/\/jorgezanoni.com.br\/2019\/wp-json\/wp\/v2\/types\/post"}],"author":[{"embeddable":true,"href":"https:\/\/jorgezanoni.com.br\/2019\/wp-json\/wp\/v2\/users\/1"}],"replies":[{"embeddable":true,"href":"https:\/\/jorgezanoni.com.br\/2019\/wp-json\/wp\/v2\/comments?post=5190"}],"version-history":[{"count":0,"href":"https:\/\/jorgezanoni.com.br\/2019\/wp-json\/wp\/v2\/posts\/5190\/revisions"}],"wp:featuredmedia":[{"embeddable":true,"href":"https:\/\/jorgezanoni.com.br\/2019\/wp-json\/wp\/v2\/media\/5191"}],"wp:attachment":[{"href":"https:\/\/jorgezanoni.com.br\/2019\/wp-json\/wp\/v2\/media?parent=5190"}],"wp:term":[{"taxonomy":"category","embeddable":true,"href":"https:\/\/jorgezanoni.com.br\/2019\/wp-json\/wp\/v2\/categories?post=5190"},{"taxonomy":"post_tag","embeddable":true,"href":"https:\/\/jorgezanoni.com.br\/2019\/wp-json\/wp\/v2\/tags?post=5190"}],"curies":[{"name":"wp","href":"https:\/\/api.w.org\/{rel}","templated":true}]}}