{"id":5187,"date":"2019-09-03T22:13:16","date_gmt":"2019-09-03T22:13:16","guid":{"rendered":"https:\/\/jorgezanoni.com.br\/2019\/?p=5187"},"modified":"2019-09-03T22:13:16","modified_gmt":"2019-09-03T22:13:16","slug":"semana-da-patria-acoes-de-policiais-militares-que-transcendem-as-atribuicoes-diarias-e-avancam-em-suas-folgas","status":"publish","type":"post","link":"https:\/\/jorgezanoni.com.br\/2019\/semana-da-patria-acoes-de-policiais-militares-que-transcendem-as-atribuicoes-diarias-e-avancam-em-suas-folgas\/","title":{"rendered":"SEMANA DA P\u00c1TRIA! A\u00e7\u00f5es de Policiais Militares que transcendem as atribui\u00e7\u00f5es di\u00e1rias e avan\u00e7am em suas folgas"},"content":{"rendered":"<p style=\"text-align: justify;\">Iniciamos uma semana muito importante, a celebra\u00e7\u00e3o da Semana da P\u00e1tria, teremos a oportunidade de acendermos o desejo de nos dedicarmos a uma \u00e1rdua miss\u00e3o: Fomentar mudan\u00e7as de comportamentos atrav\u00e9s de atitudes individuais que podem transformar um Estado ou porque n\u00e3o, uma Na\u00e7\u00e3o. Nossa inten\u00e7\u00e3o \u00e9 trazer \u00e0 tona boas a\u00e7\u00f5es realizadas por Policiais Militares que representam o Estado de S\u00e3o Paulo &#8211; Policial Militar, compromissados com o futuro da P\u00e1tria, que levam a bandeira do Brasil por onde passam fazendo al\u00e9m de seu servi\u00e7os. Eles disseminam h\u00e1bitos altru\u00edstas, visando uma sociedade unida, que busca o bem comum. Durante a semana contaremos algumas das belas a\u00e7\u00f5es desenvolvidas por nossos Policiais Militares. Acompanhem nossas publica\u00e7\u00f5es e ao final montaremos nosso quebra-cabe\u00e7a.<\/p>\n<p style=\"text-align: justify;\"><a class=\"_58cn\" href=\"https:\/\/www.facebook.com\/hashtag\/policiamilitarsp?source=feed_text&amp;epa=HASHTAG&amp;__xts__%5B0%5D=68.ARBg61SzyaOuMgR-uLrHqWwqo1rEuFEk8MKMbhlRbJfCHe9zFp-qj3dOcyUb7hKsK6GnHAEg1LLwHbQDg3wr0XmKh8stwzhQX3v5sGIW6Sl6JaF9-lCkjvw-S5Ja48L2I6uEMisxgOviJ_bIUIsbEBfcYFD37SAb_Z054rc8jSFSrmfkxARXPyZDJU7z2UOvKC3N8Bdw66AVQW57aKNLJz-OSWX3c6A0i1AKXB5OcVHDtQM5CzWAmtu4-lgkjX4U4ipe2WwZZfSiG_qbIxaIhrDW88e8-1OKJMm1KVAfsOfmSyWYTjfUTAWJRV_EZTjA4am7fUXBlF1hJYPf0wjIwO94BA&amp;__tn__=%2ANK-R\" data-ft=\"{&quot;type&quot;:104,&quot;tn&quot;:&quot;*N&quot;}\"><span class=\"_5afx\"><span class=\"_58cl _5afz\" aria-label=\"hashtag\">#<\/span><span class=\"_58cm\">POLICIAMILITARSP<\/span><\/span><\/a><br \/>\n<a class=\"_58cn\" href=\"https:\/\/www.facebook.com\/hashtag\/afor%C3%A7ap%C3%BAblicades%C3%A3opaulo?source=feed_text&amp;epa=HASHTAG&amp;__xts__%5B0%5D=68.ARBg61SzyaOuMgR-uLrHqWwqo1rEuFEk8MKMbhlRbJfCHe9zFp-qj3dOcyUb7hKsK6GnHAEg1LLwHbQDg3wr0XmKh8stwzhQX3v5sGIW6Sl6JaF9-lCkjvw-S5Ja48L2I6uEMisxgOviJ_bIUIsbEBfcYFD37SAb_Z054rc8jSFSrmfkxARXPyZDJU7z2UOvKC3N8Bdw66AVQW57aKNLJz-OSWX3c6A0i1AKXB5OcVHDtQM5CzWAmtu4-lgkjX4U4ipe2WwZZfSiG_qbIxaIhrDW88e8-1OKJMm1KVAfsOfmSyWYTjfUTAWJRV_EZTjA4am7fUXBlF1hJYPf0wjIwO94BA&amp;__tn__=%2ANK-R\" data-ft=\"{&quot;type&quot;:104,&quot;tn&quot;:&quot;*N&quot;}\"><span class=\"_5afx\"><span class=\"_58cl _5afz\" aria-label=\"hashtag\">#<\/span><span class=\"_58cm\">AFOR\u00c7AP\u00daBLICADES\u00c3OPAULO<\/span><\/span><\/a><br \/>\nFonte: COMUNICA\u00c7\u00c3O SOCIAL PMESP<\/p>\n","protected":false},"excerpt":{"rendered":"<p>Iniciamos uma semana muito importante, a celebra\u00e7\u00e3o da Semana da P\u00e1tria, teremos a oportunidade de acendermos o desejo de nos dedicarmos a uma \u00e1rdua miss\u00e3o: Fomentar mudan\u00e7as de comportamentos atrav\u00e9s de atitudes individuais que podem transformar um Estado ou porque n\u00e3o, uma Na\u00e7\u00e3o. Nossa inten\u00e7\u00e3o \u00e9 trazer \u00e0 tona boas a\u00e7\u00f5es realizadas por Policiais Militares [&hellip;]<\/p>\n","protected":false},"author":1,"featured_media":5188,"comment_status":"closed","ping_status":"open","sticky":false,"template":"","format":"standard","meta":{"footnotes":""},"categories":[110,2],"tags":[],"class_list":["post-5187","post","type-post","status-publish","format-standard","has-post-thumbnail","hentry","category-noticiasdestaque","category-policial"],"_links":{"self":[{"href":"https:\/\/jorgezanoni.com.br\/2019\/wp-json\/wp\/v2\/posts\/5187","targetHints":{"allow":["GET"]}}],"collection":[{"href":"https:\/\/jorgezanoni.com.br\/2019\/wp-json\/wp\/v2\/posts"}],"about":[{"href":"https:\/\/jorgezanoni.com.br\/2019\/wp-json\/wp\/v2\/types\/post"}],"author":[{"embeddable":true,"href":"https:\/\/jorgezanoni.com.br\/2019\/wp-json\/wp\/v2\/users\/1"}],"replies":[{"embeddable":true,"href":"https:\/\/jorgezanoni.com.br\/2019\/wp-json\/wp\/v2\/comments?post=5187"}],"version-history":[{"count":0,"href":"https:\/\/jorgezanoni.com.br\/2019\/wp-json\/wp\/v2\/posts\/5187\/revisions"}],"wp:featuredmedia":[{"embeddable":true,"href":"https:\/\/jorgezanoni.com.br\/2019\/wp-json\/wp\/v2\/media\/5188"}],"wp:attachment":[{"href":"https:\/\/jorgezanoni.com.br\/2019\/wp-json\/wp\/v2\/media?parent=5187"}],"wp:term":[{"taxonomy":"category","embeddable":true,"href":"https:\/\/jorgezanoni.com.br\/2019\/wp-json\/wp\/v2\/categories?post=5187"},{"taxonomy":"post_tag","embeddable":true,"href":"https:\/\/jorgezanoni.com.br\/2019\/wp-json\/wp\/v2\/tags?post=5187"}],"curies":[{"name":"wp","href":"https:\/\/api.w.org\/{rel}","templated":true}]}}