{"id":5184,"date":"2019-09-03T21:34:49","date_gmt":"2019-09-03T21:34:49","guid":{"rendered":"https:\/\/jorgezanoni.com.br\/2019\/?p=5184"},"modified":"2019-09-03T21:34:49","modified_gmt":"2019-09-03T21:34:49","slug":"mariapolis-recebe-viatura-da-policia-militar-com-novo-grafismo","status":"publish","type":"post","link":"https:\/\/jorgezanoni.com.br\/2019\/mariapolis-recebe-viatura-da-policia-militar-com-novo-grafismo\/","title":{"rendered":"Mari\u00e1polis recebe viatura da Pol\u00edcia Militar com novo grafismo"},"content":{"rendered":"<div class=\"article-header\">\n<h1 class=\"title entry-title\" style=\"text-align: justify;\"><span style=\"color: #222222; font-family: Verdana, Geneva, sans-serif; font-size: 15px;\">O 1\u00ba Grupamento de Pol\u00edcia Militar de Mari\u00e1polis recebeu nesta ter\u00e7a-feira uma nova viatura para o desempenho das mais diversas atividades de policiamento ostensivo.<\/span><\/h1>\n<\/div>\n<div class=\"article-content entry-content\" style=\"text-align: justify;\">A nova viatura, a exemplo de outros pa\u00edses europeus, est\u00e1 identificada com novo grafismo quadriculado, s\u00edmbolo internacional de pol\u00edcia.<\/p>\n<p>Al\u00e9m da Pol\u00edcia Militar do Estado de S\u00e3o Paulo seguir padr\u00f5es internacionais, a nova identifica\u00e7\u00e3o tamb\u00e9m traz economia aos cofres p\u00fablicos visto que s\u00e3o mais baixos os custos para caracteriza\u00e7\u00e3o.<\/p>\n<p>\u201cA chegada da nova viatura possibilitar\u00e1 que o servi\u00e7o de seguran\u00e7a p\u00fablica prestado pela Pol\u00edcia Militar aos cidad\u00e3os de Mari\u00e1polis seja ainda melhor e mais presente\u201d, destacou o 1\u00ba Sgt PM Elton comandante do policiamento na cidade.<\/p>\n<p>#25BPMI<br \/>\n#POLICIAMILITARSP<br \/>\n#AFOR\u00c7AP\u00daBLICADES\u00c3OPAULO<br \/>\nFonte: COMUNICA\u00c7\u00c3O SOCIAL DO 25\u00ba BPM\/I<\/p><\/div>\n","protected":false},"excerpt":{"rendered":"<p>O 1\u00ba Grupamento de Pol\u00edcia Militar de Mari\u00e1polis recebeu nesta ter\u00e7a-feira uma nova viatura para o desempenho das mais diversas atividades de policiamento ostensivo. A nova viatura, a exemplo de outros pa\u00edses europeus, est\u00e1 identificada com novo grafismo quadriculado, s\u00edmbolo internacional de pol\u00edcia. Al\u00e9m da Pol\u00edcia Militar do Estado de S\u00e3o Paulo seguir padr\u00f5es internacionais, [&hellip;]<\/p>\n","protected":false},"author":1,"featured_media":5185,"comment_status":"closed","ping_status":"open","sticky":false,"template":"","format":"standard","meta":{"footnotes":""},"categories":[110,2],"tags":[],"class_list":["post-5184","post","type-post","status-publish","format-standard","has-post-thumbnail","hentry","category-noticiasdestaque","category-policial"],"_links":{"self":[{"href":"https:\/\/jorgezanoni.com.br\/2019\/wp-json\/wp\/v2\/posts\/5184","targetHints":{"allow":["GET"]}}],"collection":[{"href":"https:\/\/jorgezanoni.com.br\/2019\/wp-json\/wp\/v2\/posts"}],"about":[{"href":"https:\/\/jorgezanoni.com.br\/2019\/wp-json\/wp\/v2\/types\/post"}],"author":[{"embeddable":true,"href":"https:\/\/jorgezanoni.com.br\/2019\/wp-json\/wp\/v2\/users\/1"}],"replies":[{"embeddable":true,"href":"https:\/\/jorgezanoni.com.br\/2019\/wp-json\/wp\/v2\/comments?post=5184"}],"version-history":[{"count":0,"href":"https:\/\/jorgezanoni.com.br\/2019\/wp-json\/wp\/v2\/posts\/5184\/revisions"}],"wp:featuredmedia":[{"embeddable":true,"href":"https:\/\/jorgezanoni.com.br\/2019\/wp-json\/wp\/v2\/media\/5185"}],"wp:attachment":[{"href":"https:\/\/jorgezanoni.com.br\/2019\/wp-json\/wp\/v2\/media?parent=5184"}],"wp:term":[{"taxonomy":"category","embeddable":true,"href":"https:\/\/jorgezanoni.com.br\/2019\/wp-json\/wp\/v2\/categories?post=5184"},{"taxonomy":"post_tag","embeddable":true,"href":"https:\/\/jorgezanoni.com.br\/2019\/wp-json\/wp\/v2\/tags?post=5184"}],"curies":[{"name":"wp","href":"https:\/\/api.w.org\/{rel}","templated":true}]}}