{"id":51790,"date":"2021-08-07T21:16:34","date_gmt":"2021-08-07T21:16:34","guid":{"rendered":"https:\/\/jorgezanoni.com.br\/2019\/?p=51790"},"modified":"2021-08-08T12:46:18","modified_gmt":"2021-08-08T12:46:18","slug":"homenagem-do-site-jz-a-todos-os-pais-pelo-seu-dia-atraves-de-fotos-recebidas-de-familiares","status":"publish","type":"post","link":"https:\/\/jorgezanoni.com.br\/2019\/homenagem-do-site-jz-a-todos-os-pais-pelo-seu-dia-atraves-de-fotos-recebidas-de-familiares\/","title":{"rendered":"Homenagem do SITE JZ a todos os PAIS pelo seu dia atrav\u00e9s de FOTOS recebidas de familiares"},"content":{"rendered":"<p style=\"text-align: justify;\">O Site JZ parabeniza todos os Pais neste dia, especialmente aqueles que de alguma forma est\u00e3o ligados no nosso dia a dia, seja atrav\u00e9s de um filho, de um parente, de um amigo, ou que gosta da maneira como \u00e9 feito nosso trabalho.<\/p>\n<p style=\"text-align: justify;\">Vejam abaixo dois V\u00ecdeos: uma declama\u00e7\u00e3o e uma m\u00fasica, e no final ap\u00f3s as fotos uma mensagem especial para voc\u00ea que \u00e9 PAI.<\/p>\n<p style=\"text-align: justify;\">&#8220;Feliz Dia dos Pais&#8221;<\/p>\n<p style=\"text-align: justify;\">Jorge Zanoni<\/p>\n<div style=\"width: 480px;\" class=\"wp-video\"><video class=\"wp-video-shortcode\" id=\"video-51790-1\" width=\"480\" height=\"848\" preload=\"metadata\" controls=\"controls\"><source type=\"video\/mp4\" src=\"https:\/\/jorgezanoni.com.br\/2019\/wp-content\/uploads\/2021\/08\/WhatsApp-Video-2021-08-07-at-14.39.25.mp4?_=1\" \/><a href=\"https:\/\/jorgezanoni.com.br\/2019\/wp-content\/uploads\/2021\/08\/WhatsApp-Video-2021-08-07-at-14.39.25.mp4\">https:\/\/jorgezanoni.com.br\/2019\/wp-content\/uploads\/2021\/08\/WhatsApp-Video-2021-08-07-at-14.39.25.mp4<\/a><\/video><\/div>\n<p>V\u00eddeo: COMO \u00c9 DIF\u00cdCIL PARA UM HOMEM VIRAR PAI. (Texto Marcos Piangers)<\/p>\n<p><iframe loading=\"lazy\" title=\"Roberto Carlos e Michel Tel\u00f3 - Meu querido meu velho, meu amigo\" width=\"696\" height=\"392\" src=\"https:\/\/www.youtube.com\/embed\/EIk0xG4V0GM?feature=oembed\" frameborder=\"0\" allow=\"accelerometer; autoplay; clipboard-write; encrypted-media; gyroscope; picture-in-picture\" allowfullscreen><\/iframe><\/p>\n<p>V\u00eddeo: M\u00daSICA MEU QUERIDO, MEU VELHO, MEU AMIGO. (Roberto Carlos e Michel Tel\u00f3)<\/p>\n<p><strong>CONFIRA AS FOTOS:<\/strong><\/p>\n<p style=\"text-align: justify;\"><img loading=\"lazy\" decoding=\"async\" class=\"alignnone size-full wp-image-51791\" src=\"https:\/\/jorgezanoni.com.br\/2019\/wp-content\/uploads\/2021\/08\/Padastro-Mauricio-Jose-Bento-e-esposa-Luciana-Cristina-da-Silva-com-o-filho-Ricardo-Cesar-Botasso-2.jpg\" alt=\"\" width=\"1075\" height=\"646\" srcset=\"https:\/\/jorgezanoni.com.br\/2019\/wp-content\/uploads\/2021\/08\/Padastro-Mauricio-Jose-Bento-e-esposa-Luciana-Cristina-da-Silva-com-o-filho-Ricardo-Cesar-Botasso-2.jpg 1075w, https:\/\/jorgezanoni.com.br\/2019\/wp-content\/uploads\/2021\/08\/Padastro-Mauricio-Jose-Bento-e-esposa-Luciana-Cristina-da-Silva-com-o-filho-Ricardo-Cesar-Botasso-2-300x180.jpg 300w, https:\/\/jorgezanoni.com.br\/2019\/wp-content\/uploads\/2021\/08\/Padastro-Mauricio-Jose-Bento-e-esposa-Luciana-Cristina-da-Silva-com-o-filho-Ricardo-Cesar-Botasso-2-1024x615.jpg 1024w, https:\/\/jorgezanoni.com.br\/2019\/wp-content\/uploads\/2021\/08\/Padastro-Mauricio-Jose-Bento-e-esposa-Luciana-Cristina-da-Silva-com-o-filho-Ricardo-Cesar-Botasso-2-768x462.jpg 768w, https:\/\/jorgezanoni.com.br\/2019\/wp-content\/uploads\/2021\/08\/Padastro-Mauricio-Jose-Bento-e-esposa-Luciana-Cristina-da-Silva-com-o-filho-Ricardo-Cesar-Botasso-2-696x418.jpg 696w, https:\/\/jorgezanoni.com.br\/2019\/wp-content\/uploads\/2021\/08\/Padastro-Mauricio-Jose-Bento-e-esposa-Luciana-Cristina-da-Silva-com-o-filho-Ricardo-Cesar-Botasso-2-1068x642.jpg 1068w, https:\/\/jorgezanoni.com.br\/2019\/wp-content\/uploads\/2021\/08\/Padastro-Mauricio-Jose-Bento-e-esposa-Luciana-Cristina-da-Silva-com-o-filho-Ricardo-Cesar-Botasso-2-699x420.jpg 699w\" sizes=\"auto, (max-width: 1075px) 100vw, 1075px\" \/>Padastro Mauricio Jos\u00e9 Bento e esposa Luciana Cristina da Silva com o filho Ricardo Cesar Botasso<\/p>\n<p style=\"text-align: justify;\"><img loading=\"lazy\" decoding=\"async\" class=\"alignnone size-full wp-image-51793\" src=\"https:\/\/jorgezanoni.com.br\/2019\/wp-content\/uploads\/2021\/08\/Padrinho-Joao-Neri-e-o-afilhado-Andrei-Mussato-de-Almeida-com-homenagens-de-Juluana-Arthur-e-Andrei-2.jpg\" alt=\"\" width=\"714\" height=\"1156\" srcset=\"https:\/\/jorgezanoni.com.br\/2019\/wp-content\/uploads\/2021\/08\/Padrinho-Joao-Neri-e-o-afilhado-Andrei-Mussato-de-Almeida-com-homenagens-de-Juluana-Arthur-e-Andrei-2.jpg 714w, https:\/\/jorgezanoni.com.br\/2019\/wp-content\/uploads\/2021\/08\/Padrinho-Joao-Neri-e-o-afilhado-Andrei-Mussato-de-Almeida-com-homenagens-de-Juluana-Arthur-e-Andrei-2-185x300.jpg 185w, https:\/\/jorgezanoni.com.br\/2019\/wp-content\/uploads\/2021\/08\/Padrinho-Joao-Neri-e-o-afilhado-Andrei-Mussato-de-Almeida-com-homenagens-de-Juluana-Arthur-e-Andrei-2-632x1024.jpg 632w, https:\/\/jorgezanoni.com.br\/2019\/wp-content\/uploads\/2021\/08\/Padrinho-Joao-Neri-e-o-afilhado-Andrei-Mussato-de-Almeida-com-homenagens-de-Juluana-Arthur-e-Andrei-2-696x1127.jpg 696w, https:\/\/jorgezanoni.com.br\/2019\/wp-content\/uploads\/2021\/08\/Padrinho-Joao-Neri-e-o-afilhado-Andrei-Mussato-de-Almeida-com-homenagens-de-Juluana-Arthur-e-Andrei-2-259x420.jpg 259w\" sizes=\"auto, (max-width: 714px) 100vw, 714px\" \/>Padrinho Jo\u00e3o N\u00e9ri e o afilhado Andrei Mussato de Almeida com homenagens de Juliana, Arthur e Andrei<\/p>\n<p style=\"text-align: justify;\"><img loading=\"lazy\" decoding=\"async\" class=\"alignnone size-full wp-image-51794\" src=\"https:\/\/jorgezanoni.com.br\/2019\/wp-content\/uploads\/2021\/08\/Pai-Adalberto-Despencieri-e-esposa-Adriana-Miyagui-Despencieri-e-os-filhos-Bruno-Vinicius-Miyagui-Despencieri-e-Victor-Augusto-Miyagui-Despencieri-2.jpg\" alt=\"\" width=\"1592\" height=\"1154\" srcset=\"https:\/\/jorgezanoni.com.br\/2019\/wp-content\/uploads\/2021\/08\/Pai-Adalberto-Despencieri-e-esposa-Adriana-Miyagui-Despencieri-e-os-filhos-Bruno-Vinicius-Miyagui-Despencieri-e-Victor-Augusto-Miyagui-Despencieri-2.jpg 1592w, https:\/\/jorgezanoni.com.br\/2019\/wp-content\/uploads\/2021\/08\/Pai-Adalberto-Despencieri-e-esposa-Adriana-Miyagui-Despencieri-e-os-filhos-Bruno-Vinicius-Miyagui-Despencieri-e-Victor-Augusto-Miyagui-Despencieri-2-300x217.jpg 300w, https:\/\/jorgezanoni.com.br\/2019\/wp-content\/uploads\/2021\/08\/Pai-Adalberto-Despencieri-e-esposa-Adriana-Miyagui-Despencieri-e-os-filhos-Bruno-Vinicius-Miyagui-Despencieri-e-Victor-Augusto-Miyagui-Despencieri-2-1024x742.jpg 1024w, https:\/\/jorgezanoni.com.br\/2019\/wp-content\/uploads\/2021\/08\/Pai-Adalberto-Despencieri-e-esposa-Adriana-Miyagui-Despencieri-e-os-filhos-Bruno-Vinicius-Miyagui-Despencieri-e-Victor-Augusto-Miyagui-Despencieri-2-768x557.jpg 768w, https:\/\/jorgezanoni.com.br\/2019\/wp-content\/uploads\/2021\/08\/Pai-Adalberto-Despencieri-e-esposa-Adriana-Miyagui-Despencieri-e-os-filhos-Bruno-Vinicius-Miyagui-Despencieri-e-Victor-Augusto-Miyagui-Despencieri-2-1536x1113.jpg 1536w, https:\/\/jorgezanoni.com.br\/2019\/wp-content\/uploads\/2021\/08\/Pai-Adalberto-Despencieri-e-esposa-Adriana-Miyagui-Despencieri-e-os-filhos-Bruno-Vinicius-Miyagui-Despencieri-e-Victor-Augusto-Miyagui-Despencieri-2-324x235.jpg 324w, https:\/\/jorgezanoni.com.br\/2019\/wp-content\/uploads\/2021\/08\/Pai-Adalberto-Despencieri-e-esposa-Adriana-Miyagui-Despencieri-e-os-filhos-Bruno-Vinicius-Miyagui-Despencieri-e-Victor-Augusto-Miyagui-Despencieri-2-696x505.jpg 696w, https:\/\/jorgezanoni.com.br\/2019\/wp-content\/uploads\/2021\/08\/Pai-Adalberto-Despencieri-e-esposa-Adriana-Miyagui-Despencieri-e-os-filhos-Bruno-Vinicius-Miyagui-Despencieri-e-Victor-Augusto-Miyagui-Despencieri-2-1068x774.jpg 1068w, https:\/\/jorgezanoni.com.br\/2019\/wp-content\/uploads\/2021\/08\/Pai-Adalberto-Despencieri-e-esposa-Adriana-Miyagui-Despencieri-e-os-filhos-Bruno-Vinicius-Miyagui-Despencieri-e-Victor-Augusto-Miyagui-Despencieri-2-579x420.jpg 579w\" sizes=\"auto, (max-width: 1592px) 100vw, 1592px\" \/>Pai Adalberto Despencieri e esposa Adriana Miyagui Despencieri e os filhos Bruno Vin\u00edcius Miyagui Despencieri e Victor Augusto Miyagui Despencieri<\/p>\n<p><img loading=\"lazy\" decoding=\"async\" class=\"alignnone size-full wp-image-51918\" src=\"https:\/\/jorgezanoni.com.br\/2019\/wp-content\/uploads\/2021\/08\/Pai-Ademar-Voltani-com-as-Filhas-Rita-e-Renata.jpg\" alt=\"\" width=\"719\" height=\"537\" srcset=\"https:\/\/jorgezanoni.com.br\/2019\/wp-content\/uploads\/2021\/08\/Pai-Ademar-Voltani-com-as-Filhas-Rita-e-Renata.jpg 719w, https:\/\/jorgezanoni.com.br\/2019\/wp-content\/uploads\/2021\/08\/Pai-Ademar-Voltani-com-as-Filhas-Rita-e-Renata-300x224.jpg 300w, https:\/\/jorgezanoni.com.br\/2019\/wp-content\/uploads\/2021\/08\/Pai-Ademar-Voltani-com-as-Filhas-Rita-e-Renata-80x60.jpg 80w, https:\/\/jorgezanoni.com.br\/2019\/wp-content\/uploads\/2021\/08\/Pai-Ademar-Voltani-com-as-Filhas-Rita-e-Renata-265x198.jpg 265w, https:\/\/jorgezanoni.com.br\/2019\/wp-content\/uploads\/2021\/08\/Pai-Ademar-Voltani-com-as-Filhas-Rita-e-Renata-696x520.jpg 696w, https:\/\/jorgezanoni.com.br\/2019\/wp-content\/uploads\/2021\/08\/Pai-Ademar-Voltani-com-as-Filhas-Rita-e-Renata-562x420.jpg 562w\" sizes=\"auto, (max-width: 719px) 100vw, 719px\" \/>Pai Ademar Voltani com as Filhas Rita e Renata<\/p>\n<p><img loading=\"lazy\" decoding=\"async\" class=\"alignnone size-full wp-image-51795\" src=\"https:\/\/jorgezanoni.com.br\/2019\/wp-content\/uploads\/2021\/08\/Pai-Ademir-e-esposa-Lei-com-a-filha-Beatriz-e-o-neto-Rafael-2.jpg\" alt=\"\" width=\"714\" height=\"524\" srcset=\"https:\/\/jorgezanoni.com.br\/2019\/wp-content\/uploads\/2021\/08\/Pai-Ademir-e-esposa-Lei-com-a-filha-Beatriz-e-o-neto-Rafael-2.jpg 714w, https:\/\/jorgezanoni.com.br\/2019\/wp-content\/uploads\/2021\/08\/Pai-Ademir-e-esposa-Lei-com-a-filha-Beatriz-e-o-neto-Rafael-2-300x220.jpg 300w, https:\/\/jorgezanoni.com.br\/2019\/wp-content\/uploads\/2021\/08\/Pai-Ademir-e-esposa-Lei-com-a-filha-Beatriz-e-o-neto-Rafael-2-80x60.jpg 80w, https:\/\/jorgezanoni.com.br\/2019\/wp-content\/uploads\/2021\/08\/Pai-Ademir-e-esposa-Lei-com-a-filha-Beatriz-e-o-neto-Rafael-2-696x511.jpg 696w, https:\/\/jorgezanoni.com.br\/2019\/wp-content\/uploads\/2021\/08\/Pai-Ademir-e-esposa-Lei-com-a-filha-Beatriz-e-o-neto-Rafael-2-572x420.jpg 572w\" sizes=\"auto, (max-width: 714px) 100vw, 714px\" \/>Pai Ademir e esposa Lei com a filha Beatriz e o neto Rafael<\/p>\n<p style=\"text-align: justify;\"><img loading=\"lazy\" decoding=\"async\" class=\"alignnone size-full wp-image-51796\" src=\"https:\/\/jorgezanoni.com.br\/2019\/wp-content\/uploads\/2021\/08\/Pai-Ademir-Jose-dos-Santos-homenagem-dos-filhos-Thayla-Maria-Joao-Kaue-Rosangela-e-Gabriel-2.jpg\" alt=\"\" width=\"719\" height=\"1155\" srcset=\"https:\/\/jorgezanoni.com.br\/2019\/wp-content\/uploads\/2021\/08\/Pai-Ademir-Jose-dos-Santos-homenagem-dos-filhos-Thayla-Maria-Joao-Kaue-Rosangela-e-Gabriel-2.jpg 719w, https:\/\/jorgezanoni.com.br\/2019\/wp-content\/uploads\/2021\/08\/Pai-Ademir-Jose-dos-Santos-homenagem-dos-filhos-Thayla-Maria-Joao-Kaue-Rosangela-e-Gabriel-2-187x300.jpg 187w, https:\/\/jorgezanoni.com.br\/2019\/wp-content\/uploads\/2021\/08\/Pai-Ademir-Jose-dos-Santos-homenagem-dos-filhos-Thayla-Maria-Joao-Kaue-Rosangela-e-Gabriel-2-637x1024.jpg 637w, https:\/\/jorgezanoni.com.br\/2019\/wp-content\/uploads\/2021\/08\/Pai-Ademir-Jose-dos-Santos-homenagem-dos-filhos-Thayla-Maria-Joao-Kaue-Rosangela-e-Gabriel-2-696x1118.jpg 696w, https:\/\/jorgezanoni.com.br\/2019\/wp-content\/uploads\/2021\/08\/Pai-Ademir-Jose-dos-Santos-homenagem-dos-filhos-Thayla-Maria-Joao-Kaue-Rosangela-e-Gabriel-2-261x420.jpg 261w\" sizes=\"auto, (max-width: 719px) 100vw, 719px\" \/>Pai Ademir Jos\u00e9 dos Santos homenagem dos filhos Thayla Maria, Jo\u00e3o Kau\u00ea, Ros\u00e2ngela e Gabriel<\/p>\n<p><img loading=\"lazy\" decoding=\"async\" class=\"alignnone size-full wp-image-51797\" src=\"https:\/\/jorgezanoni.com.br\/2019\/wp-content\/uploads\/2021\/08\/Pai-Adilson-Nunes-Pereira-e-o-filho-Michel-de-Lima-Pereira.jpg\" alt=\"\" width=\"1280\" height=\"1600\" srcset=\"https:\/\/jorgezanoni.com.br\/2019\/wp-content\/uploads\/2021\/08\/Pai-Adilson-Nunes-Pereira-e-o-filho-Michel-de-Lima-Pereira.jpg 1280w, https:\/\/jorgezanoni.com.br\/2019\/wp-content\/uploads\/2021\/08\/Pai-Adilson-Nunes-Pereira-e-o-filho-Michel-de-Lima-Pereira-240x300.jpg 240w, https:\/\/jorgezanoni.com.br\/2019\/wp-content\/uploads\/2021\/08\/Pai-Adilson-Nunes-Pereira-e-o-filho-Michel-de-Lima-Pereira-819x1024.jpg 819w, https:\/\/jorgezanoni.com.br\/2019\/wp-content\/uploads\/2021\/08\/Pai-Adilson-Nunes-Pereira-e-o-filho-Michel-de-Lima-Pereira-768x960.jpg 768w, https:\/\/jorgezanoni.com.br\/2019\/wp-content\/uploads\/2021\/08\/Pai-Adilson-Nunes-Pereira-e-o-filho-Michel-de-Lima-Pereira-1229x1536.jpg 1229w, https:\/\/jorgezanoni.com.br\/2019\/wp-content\/uploads\/2021\/08\/Pai-Adilson-Nunes-Pereira-e-o-filho-Michel-de-Lima-Pereira-696x870.jpg 696w, https:\/\/jorgezanoni.com.br\/2019\/wp-content\/uploads\/2021\/08\/Pai-Adilson-Nunes-Pereira-e-o-filho-Michel-de-Lima-Pereira-1068x1335.jpg 1068w, https:\/\/jorgezanoni.com.br\/2019\/wp-content\/uploads\/2021\/08\/Pai-Adilson-Nunes-Pereira-e-o-filho-Michel-de-Lima-Pereira-336x420.jpg 336w\" sizes=\"auto, (max-width: 1280px) 100vw, 1280px\" \/>Pai Adilson Nunes Pereira e o filho Michel de Lima Pereira<\/p>\n<p style=\"text-align: justify;\"><img loading=\"lazy\" decoding=\"async\" class=\"alignnone size-full wp-image-51798\" src=\"https:\/\/jorgezanoni.com.br\/2019\/wp-content\/uploads\/2021\/08\/Pai-Alexandre-Cordeiro-Silva-e-os-filhos-Eloa-de-Jesus-Ronald-de-Jesus-Gabriela-de-Jesus.-esposa-Jenifer-Aparecida-de-Jesus-e-o-amigo-Guilherme.jpg\" alt=\"\" width=\"643\" height=\"973\" srcset=\"https:\/\/jorgezanoni.com.br\/2019\/wp-content\/uploads\/2021\/08\/Pai-Alexandre-Cordeiro-Silva-e-os-filhos-Eloa-de-Jesus-Ronald-de-Jesus-Gabriela-de-Jesus.-esposa-Jenifer-Aparecida-de-Jesus-e-o-amigo-Guilherme.jpg 643w, https:\/\/jorgezanoni.com.br\/2019\/wp-content\/uploads\/2021\/08\/Pai-Alexandre-Cordeiro-Silva-e-os-filhos-Eloa-de-Jesus-Ronald-de-Jesus-Gabriela-de-Jesus.-esposa-Jenifer-Aparecida-de-Jesus-e-o-amigo-Guilherme-198x300.jpg 198w, https:\/\/jorgezanoni.com.br\/2019\/wp-content\/uploads\/2021\/08\/Pai-Alexandre-Cordeiro-Silva-e-os-filhos-Eloa-de-Jesus-Ronald-de-Jesus-Gabriela-de-Jesus.-esposa-Jenifer-Aparecida-de-Jesus-e-o-amigo-Guilherme-278x420.jpg 278w\" sizes=\"auto, (max-width: 643px) 100vw, 643px\" \/>Pai Alexandre Cordeiro Silva e os filhos Elo\u00e1 de Jesus, Ronald de Jesus, Gabriela de Jesus. esposa Jenifer Aparecida de Jesus e o amigo Guilherme<\/p>\n<p style=\"text-align: justify;\"><img loading=\"lazy\" decoding=\"async\" class=\"alignnone size-full wp-image-51799\" src=\"https:\/\/jorgezanoni.com.br\/2019\/wp-content\/uploads\/2021\/08\/Pai-Antonio-Aparecido-Tenorio-de-Melo-e-esposa-Helena-Maria-dos-Santos-Melo-in-memoria-2.jpg\" alt=\"\" width=\"893\" height=\"890\" srcset=\"https:\/\/jorgezanoni.com.br\/2019\/wp-content\/uploads\/2021\/08\/Pai-Antonio-Aparecido-Tenorio-de-Melo-e-esposa-Helena-Maria-dos-Santos-Melo-in-memoria-2.jpg 893w, https:\/\/jorgezanoni.com.br\/2019\/wp-content\/uploads\/2021\/08\/Pai-Antonio-Aparecido-Tenorio-de-Melo-e-esposa-Helena-Maria-dos-Santos-Melo-in-memoria-2-300x300.jpg 300w, https:\/\/jorgezanoni.com.br\/2019\/wp-content\/uploads\/2021\/08\/Pai-Antonio-Aparecido-Tenorio-de-Melo-e-esposa-Helena-Maria-dos-Santos-Melo-in-memoria-2-150x150.jpg 150w, https:\/\/jorgezanoni.com.br\/2019\/wp-content\/uploads\/2021\/08\/Pai-Antonio-Aparecido-Tenorio-de-Melo-e-esposa-Helena-Maria-dos-Santos-Melo-in-memoria-2-768x765.jpg 768w, https:\/\/jorgezanoni.com.br\/2019\/wp-content\/uploads\/2021\/08\/Pai-Antonio-Aparecido-Tenorio-de-Melo-e-esposa-Helena-Maria-dos-Santos-Melo-in-memoria-2-696x694.jpg 696w, https:\/\/jorgezanoni.com.br\/2019\/wp-content\/uploads\/2021\/08\/Pai-Antonio-Aparecido-Tenorio-de-Melo-e-esposa-Helena-Maria-dos-Santos-Melo-in-memoria-2-421x420.jpg 421w\" sizes=\"auto, (max-width: 893px) 100vw, 893px\" \/>Pai Ant\u00f4nio Aparecido Ten\u00f3rio de Melo e esposa Helena Maria dos Santos Melo (in mem\u00f3ria)<\/p>\n<p style=\"text-align: justify;\"><img loading=\"lazy\" decoding=\"async\" class=\"alignnone size-full wp-image-51800\" src=\"https:\/\/jorgezanoni.com.br\/2019\/wp-content\/uploads\/2021\/08\/Pai-Antonio-Bataglia-e-a-filha-Lourdes-Ines-Bataglia-2.jpg\" alt=\"\" width=\"455\" height=\"618\" srcset=\"https:\/\/jorgezanoni.com.br\/2019\/wp-content\/uploads\/2021\/08\/Pai-Antonio-Bataglia-e-a-filha-Lourdes-Ines-Bataglia-2.jpg 455w, https:\/\/jorgezanoni.com.br\/2019\/wp-content\/uploads\/2021\/08\/Pai-Antonio-Bataglia-e-a-filha-Lourdes-Ines-Bataglia-2-221x300.jpg 221w, https:\/\/jorgezanoni.com.br\/2019\/wp-content\/uploads\/2021\/08\/Pai-Antonio-Bataglia-e-a-filha-Lourdes-Ines-Bataglia-2-309x420.jpg 309w\" sizes=\"auto, (max-width: 455px) 100vw, 455px\" \/>Pai Antonio Bataglia e a filha Lourdes In\u00eas Bataglia<\/p>\n<p><img loading=\"lazy\" decoding=\"async\" class=\"alignnone size-full wp-image-51801\" src=\"https:\/\/jorgezanoni.com.br\/2019\/wp-content\/uploads\/2021\/08\/Pai-Antonio-Botasso-com-suas-filhas-Ana-Paula-Renata-e-Claudia-2.jpg\" alt=\"\" width=\"1180\" height=\"932\" srcset=\"https:\/\/jorgezanoni.com.br\/2019\/wp-content\/uploads\/2021\/08\/Pai-Antonio-Botasso-com-suas-filhas-Ana-Paula-Renata-e-Claudia-2.jpg 1180w, https:\/\/jorgezanoni.com.br\/2019\/wp-content\/uploads\/2021\/08\/Pai-Antonio-Botasso-com-suas-filhas-Ana-Paula-Renata-e-Claudia-2-300x237.jpg 300w, https:\/\/jorgezanoni.com.br\/2019\/wp-content\/uploads\/2021\/08\/Pai-Antonio-Botasso-com-suas-filhas-Ana-Paula-Renata-e-Claudia-2-1024x809.jpg 1024w, https:\/\/jorgezanoni.com.br\/2019\/wp-content\/uploads\/2021\/08\/Pai-Antonio-Botasso-com-suas-filhas-Ana-Paula-Renata-e-Claudia-2-768x607.jpg 768w, https:\/\/jorgezanoni.com.br\/2019\/wp-content\/uploads\/2021\/08\/Pai-Antonio-Botasso-com-suas-filhas-Ana-Paula-Renata-e-Claudia-2-696x550.jpg 696w, https:\/\/jorgezanoni.com.br\/2019\/wp-content\/uploads\/2021\/08\/Pai-Antonio-Botasso-com-suas-filhas-Ana-Paula-Renata-e-Claudia-2-1068x844.jpg 1068w, https:\/\/jorgezanoni.com.br\/2019\/wp-content\/uploads\/2021\/08\/Pai-Antonio-Botasso-com-suas-filhas-Ana-Paula-Renata-e-Claudia-2-532x420.jpg 532w\" sizes=\"auto, (max-width: 1180px) 100vw, 1180px\" \/>Pai Ant\u00f4nio Botasso com suas filhas Ana Paula, Renata e Claudia<\/p>\n<p style=\"text-align: justify;\"><img loading=\"lazy\" decoding=\"async\" class=\"alignnone size-full wp-image-51802\" src=\"https:\/\/jorgezanoni.com.br\/2019\/wp-content\/uploads\/2021\/08\/Pai-Antonio-de-Oliveira-Antonio-Japones-homenagem-da-filha-Cristiane-Oliveira-2.jpg\" alt=\"\" width=\"645\" height=\"657\" srcset=\"https:\/\/jorgezanoni.com.br\/2019\/wp-content\/uploads\/2021\/08\/Pai-Antonio-de-Oliveira-Antonio-Japones-homenagem-da-filha-Cristiane-Oliveira-2.jpg 645w, https:\/\/jorgezanoni.com.br\/2019\/wp-content\/uploads\/2021\/08\/Pai-Antonio-de-Oliveira-Antonio-Japones-homenagem-da-filha-Cristiane-Oliveira-2-295x300.jpg 295w, https:\/\/jorgezanoni.com.br\/2019\/wp-content\/uploads\/2021\/08\/Pai-Antonio-de-Oliveira-Antonio-Japones-homenagem-da-filha-Cristiane-Oliveira-2-356x364.jpg 356w, https:\/\/jorgezanoni.com.br\/2019\/wp-content\/uploads\/2021\/08\/Pai-Antonio-de-Oliveira-Antonio-Japones-homenagem-da-filha-Cristiane-Oliveira-2-412x420.jpg 412w\" sizes=\"auto, (max-width: 645px) 100vw, 645px\" \/>Pai Ant\u00f4nio de Oliveira (Ant\u00f4nio Japon\u00eas) homenagem da filha Cristiane Oliveira<\/p>\n<p><img loading=\"lazy\" decoding=\"async\" class=\"alignnone size-full wp-image-51803\" src=\"https:\/\/jorgezanoni.com.br\/2019\/wp-content\/uploads\/2021\/08\/Pai-Antonio-Domingos-dos-Santos-e-a-filha-Maria-Lucia-dos-Santos-Barboza-2.jpg\" alt=\"\" width=\"730\" height=\"719\" srcset=\"https:\/\/jorgezanoni.com.br\/2019\/wp-content\/uploads\/2021\/08\/Pai-Antonio-Domingos-dos-Santos-e-a-filha-Maria-Lucia-dos-Santos-Barboza-2.jpg 730w, https:\/\/jorgezanoni.com.br\/2019\/wp-content\/uploads\/2021\/08\/Pai-Antonio-Domingos-dos-Santos-e-a-filha-Maria-Lucia-dos-Santos-Barboza-2-300x295.jpg 300w, https:\/\/jorgezanoni.com.br\/2019\/wp-content\/uploads\/2021\/08\/Pai-Antonio-Domingos-dos-Santos-e-a-filha-Maria-Lucia-dos-Santos-Barboza-2-696x686.jpg 696w, https:\/\/jorgezanoni.com.br\/2019\/wp-content\/uploads\/2021\/08\/Pai-Antonio-Domingos-dos-Santos-e-a-filha-Maria-Lucia-dos-Santos-Barboza-2-426x420.jpg 426w\" sizes=\"auto, (max-width: 730px) 100vw, 730px\" \/>Pai Antonio Domingos dos Santos e a filha Maria L\u00facia dos Santos Barboza<\/p>\n<p><img loading=\"lazy\" decoding=\"async\" class=\"alignnone size-full wp-image-51804\" src=\"https:\/\/jorgezanoni.com.br\/2019\/wp-content\/uploads\/2021\/08\/Pai-Antonio-Ferreira-de-Souza-com-os-filhos-Nicoly-Isaque-e-Fernando-2.jpg\" alt=\"\" width=\"834\" height=\"1031\" srcset=\"https:\/\/jorgezanoni.com.br\/2019\/wp-content\/uploads\/2021\/08\/Pai-Antonio-Ferreira-de-Souza-com-os-filhos-Nicoly-Isaque-e-Fernando-2.jpg 834w, https:\/\/jorgezanoni.com.br\/2019\/wp-content\/uploads\/2021\/08\/Pai-Antonio-Ferreira-de-Souza-com-os-filhos-Nicoly-Isaque-e-Fernando-2-243x300.jpg 243w, https:\/\/jorgezanoni.com.br\/2019\/wp-content\/uploads\/2021\/08\/Pai-Antonio-Ferreira-de-Souza-com-os-filhos-Nicoly-Isaque-e-Fernando-2-828x1024.jpg 828w, https:\/\/jorgezanoni.com.br\/2019\/wp-content\/uploads\/2021\/08\/Pai-Antonio-Ferreira-de-Souza-com-os-filhos-Nicoly-Isaque-e-Fernando-2-768x949.jpg 768w, https:\/\/jorgezanoni.com.br\/2019\/wp-content\/uploads\/2021\/08\/Pai-Antonio-Ferreira-de-Souza-com-os-filhos-Nicoly-Isaque-e-Fernando-2-324x400.jpg 324w, https:\/\/jorgezanoni.com.br\/2019\/wp-content\/uploads\/2021\/08\/Pai-Antonio-Ferreira-de-Souza-com-os-filhos-Nicoly-Isaque-e-Fernando-2-696x860.jpg 696w, https:\/\/jorgezanoni.com.br\/2019\/wp-content\/uploads\/2021\/08\/Pai-Antonio-Ferreira-de-Souza-com-os-filhos-Nicoly-Isaque-e-Fernando-2-340x420.jpg 340w\" sizes=\"auto, (max-width: 834px) 100vw, 834px\" \/>Pai Antonio Ferreira de Souza com os filhos Nicoly, Isaque e Fernando<\/p>\n<p><img loading=\"lazy\" decoding=\"async\" class=\"alignnone size-full wp-image-51805\" src=\"https:\/\/jorgezanoni.com.br\/2019\/wp-content\/uploads\/2021\/08\/Pai-Antonio-Jose-dos-Santos-e-a-Filha-Lucineia-Figueiredo-2.jpg\" alt=\"\" width=\"955\" height=\"656\" srcset=\"https:\/\/jorgezanoni.com.br\/2019\/wp-content\/uploads\/2021\/08\/Pai-Antonio-Jose-dos-Santos-e-a-Filha-Lucineia-Figueiredo-2.jpg 955w, https:\/\/jorgezanoni.com.br\/2019\/wp-content\/uploads\/2021\/08\/Pai-Antonio-Jose-dos-Santos-e-a-Filha-Lucineia-Figueiredo-2-300x206.jpg 300w, https:\/\/jorgezanoni.com.br\/2019\/wp-content\/uploads\/2021\/08\/Pai-Antonio-Jose-dos-Santos-e-a-Filha-Lucineia-Figueiredo-2-768x528.jpg 768w, https:\/\/jorgezanoni.com.br\/2019\/wp-content\/uploads\/2021\/08\/Pai-Antonio-Jose-dos-Santos-e-a-Filha-Lucineia-Figueiredo-2-100x70.jpg 100w, https:\/\/jorgezanoni.com.br\/2019\/wp-content\/uploads\/2021\/08\/Pai-Antonio-Jose-dos-Santos-e-a-Filha-Lucineia-Figueiredo-2-218x150.jpg 218w, https:\/\/jorgezanoni.com.br\/2019\/wp-content\/uploads\/2021\/08\/Pai-Antonio-Jose-dos-Santos-e-a-Filha-Lucineia-Figueiredo-2-696x478.jpg 696w, https:\/\/jorgezanoni.com.br\/2019\/wp-content\/uploads\/2021\/08\/Pai-Antonio-Jose-dos-Santos-e-a-Filha-Lucineia-Figueiredo-2-611x420.jpg 611w\" sizes=\"auto, (max-width: 955px) 100vw, 955px\" \/>Pai Ant\u00f4nio Jos\u00e9 dos Santos e a Filha Lucin\u00e9ia Figueiredo<\/p>\n<p><img loading=\"lazy\" decoding=\"async\" class=\"alignnone size-full wp-image-51806\" src=\"https:\/\/jorgezanoni.com.br\/2019\/wp-content\/uploads\/2021\/08\/Pai-Antonio-Parro-e-a-filha-Cassia-Regina-Parro.jpg\" alt=\"\" width=\"960\" height=\"1280\" srcset=\"https:\/\/jorgezanoni.com.br\/2019\/wp-content\/uploads\/2021\/08\/Pai-Antonio-Parro-e-a-filha-Cassia-Regina-Parro.jpg 960w, https:\/\/jorgezanoni.com.br\/2019\/wp-content\/uploads\/2021\/08\/Pai-Antonio-Parro-e-a-filha-Cassia-Regina-Parro-225x300.jpg 225w, https:\/\/jorgezanoni.com.br\/2019\/wp-content\/uploads\/2021\/08\/Pai-Antonio-Parro-e-a-filha-Cassia-Regina-Parro-768x1024.jpg 768w, https:\/\/jorgezanoni.com.br\/2019\/wp-content\/uploads\/2021\/08\/Pai-Antonio-Parro-e-a-filha-Cassia-Regina-Parro-696x928.jpg 696w, https:\/\/jorgezanoni.com.br\/2019\/wp-content\/uploads\/2021\/08\/Pai-Antonio-Parro-e-a-filha-Cassia-Regina-Parro-315x420.jpg 315w\" sizes=\"auto, (max-width: 960px) 100vw, 960px\" \/>Pai Antonio Parro e a filha Cassia Regina Parro<\/p>\n<p><img loading=\"lazy\" decoding=\"async\" class=\"alignnone size-full wp-image-51807\" src=\"https:\/\/jorgezanoni.com.br\/2019\/wp-content\/uploads\/2021\/08\/Pai-Aparecido-Pereira-do-Nascimento-2.jpg\" alt=\"\" width=\"293\" height=\"868\" srcset=\"https:\/\/jorgezanoni.com.br\/2019\/wp-content\/uploads\/2021\/08\/Pai-Aparecido-Pereira-do-Nascimento-2.jpg 293w, https:\/\/jorgezanoni.com.br\/2019\/wp-content\/uploads\/2021\/08\/Pai-Aparecido-Pereira-do-Nascimento-2-101x300.jpg 101w, https:\/\/jorgezanoni.com.br\/2019\/wp-content\/uploads\/2021\/08\/Pai-Aparecido-Pereira-do-Nascimento-2-142x420.jpg 142w\" sizes=\"auto, (max-width: 293px) 100vw, 293px\" \/>Pai Aparecido Pereira do Nascimento<\/p>\n<p><img loading=\"lazy\" decoding=\"async\" class=\"alignnone size-full wp-image-51808\" src=\"https:\/\/jorgezanoni.com.br\/2019\/wp-content\/uploads\/2021\/08\/Pai-Arlindo-Soares-da-Silva-Junior-e-os-filhos-Miguel-e-Julia-2.jpg\" alt=\"\" width=\"811\" height=\"885\" srcset=\"https:\/\/jorgezanoni.com.br\/2019\/wp-content\/uploads\/2021\/08\/Pai-Arlindo-Soares-da-Silva-Junior-e-os-filhos-Miguel-e-Julia-2.jpg 811w, https:\/\/jorgezanoni.com.br\/2019\/wp-content\/uploads\/2021\/08\/Pai-Arlindo-Soares-da-Silva-Junior-e-os-filhos-Miguel-e-Julia-2-275x300.jpg 275w, https:\/\/jorgezanoni.com.br\/2019\/wp-content\/uploads\/2021\/08\/Pai-Arlindo-Soares-da-Silva-Junior-e-os-filhos-Miguel-e-Julia-2-768x838.jpg 768w, https:\/\/jorgezanoni.com.br\/2019\/wp-content\/uploads\/2021\/08\/Pai-Arlindo-Soares-da-Silva-Junior-e-os-filhos-Miguel-e-Julia-2-696x760.jpg 696w, https:\/\/jorgezanoni.com.br\/2019\/wp-content\/uploads\/2021\/08\/Pai-Arlindo-Soares-da-Silva-Junior-e-os-filhos-Miguel-e-Julia-2-385x420.jpg 385w\" sizes=\"auto, (max-width: 811px) 100vw, 811px\" \/>Pai Arlindo Soares da Silva Junior e os filhos Miguel e Julia<\/p>\n<p><img loading=\"lazy\" decoding=\"async\" class=\"alignnone size-full wp-image-51809\" src=\"https:\/\/jorgezanoni.com.br\/2019\/wp-content\/uploads\/2021\/08\/Pai-Ataides-Machado-com-as-filhas-Keli-Suelen-e-Monica-2.jpg\" alt=\"\" width=\"707\" height=\"1059\" srcset=\"https:\/\/jorgezanoni.com.br\/2019\/wp-content\/uploads\/2021\/08\/Pai-Ataides-Machado-com-as-filhas-Keli-Suelen-e-Monica-2.jpg 707w, https:\/\/jorgezanoni.com.br\/2019\/wp-content\/uploads\/2021\/08\/Pai-Ataides-Machado-com-as-filhas-Keli-Suelen-e-Monica-2-200x300.jpg 200w, https:\/\/jorgezanoni.com.br\/2019\/wp-content\/uploads\/2021\/08\/Pai-Ataides-Machado-com-as-filhas-Keli-Suelen-e-Monica-2-684x1024.jpg 684w, https:\/\/jorgezanoni.com.br\/2019\/wp-content\/uploads\/2021\/08\/Pai-Ataides-Machado-com-as-filhas-Keli-Suelen-e-Monica-2-696x1043.jpg 696w, https:\/\/jorgezanoni.com.br\/2019\/wp-content\/uploads\/2021\/08\/Pai-Ataides-Machado-com-as-filhas-Keli-Suelen-e-Monica-2-280x420.jpg 280w\" sizes=\"auto, (max-width: 707px) 100vw, 707px\" \/>Pai Ataides Machado com as filhas Keli, Suelen e M\u00f4nica<\/p>\n<p><img loading=\"lazy\" decoding=\"async\" class=\"alignnone size-full wp-image-51919\" src=\"https:\/\/jorgezanoni.com.br\/2019\/wp-content\/uploads\/2021\/08\/Pai-Augusto-Silvino-Nunes-e-a-filha-Suzana-Bruneta-Novais-Nunes.jpg\" alt=\"\" width=\"1200\" height=\"1600\" srcset=\"https:\/\/jorgezanoni.com.br\/2019\/wp-content\/uploads\/2021\/08\/Pai-Augusto-Silvino-Nunes-e-a-filha-Suzana-Bruneta-Novais-Nunes.jpg 1200w, https:\/\/jorgezanoni.com.br\/2019\/wp-content\/uploads\/2021\/08\/Pai-Augusto-Silvino-Nunes-e-a-filha-Suzana-Bruneta-Novais-Nunes-225x300.jpg 225w, https:\/\/jorgezanoni.com.br\/2019\/wp-content\/uploads\/2021\/08\/Pai-Augusto-Silvino-Nunes-e-a-filha-Suzana-Bruneta-Novais-Nunes-768x1024.jpg 768w, https:\/\/jorgezanoni.com.br\/2019\/wp-content\/uploads\/2021\/08\/Pai-Augusto-Silvino-Nunes-e-a-filha-Suzana-Bruneta-Novais-Nunes-1152x1536.jpg 1152w, https:\/\/jorgezanoni.com.br\/2019\/wp-content\/uploads\/2021\/08\/Pai-Augusto-Silvino-Nunes-e-a-filha-Suzana-Bruneta-Novais-Nunes-696x928.jpg 696w, https:\/\/jorgezanoni.com.br\/2019\/wp-content\/uploads\/2021\/08\/Pai-Augusto-Silvino-Nunes-e-a-filha-Suzana-Bruneta-Novais-Nunes-1068x1424.jpg 1068w, https:\/\/jorgezanoni.com.br\/2019\/wp-content\/uploads\/2021\/08\/Pai-Augusto-Silvino-Nunes-e-a-filha-Suzana-Bruneta-Novais-Nunes-315x420.jpg 315w\" sizes=\"auto, (max-width: 1200px) 100vw, 1200px\" \/>Pai Augusto Silvino Nunes e a filha Suzana Bruneta Novais Nunes<\/p>\n<p><img loading=\"lazy\" decoding=\"async\" class=\"alignnone size-full wp-image-51810\" src=\"https:\/\/jorgezanoni.com.br\/2019\/wp-content\/uploads\/2021\/08\/Pai-Benedito-Aparecido-Mariano.jpg\" alt=\"\" width=\"340\" height=\"719\" srcset=\"https:\/\/jorgezanoni.com.br\/2019\/wp-content\/uploads\/2021\/08\/Pai-Benedito-Aparecido-Mariano.jpg 340w, https:\/\/jorgezanoni.com.br\/2019\/wp-content\/uploads\/2021\/08\/Pai-Benedito-Aparecido-Mariano-142x300.jpg 142w, https:\/\/jorgezanoni.com.br\/2019\/wp-content\/uploads\/2021\/08\/Pai-Benedito-Aparecido-Mariano-199x420.jpg 199w\" sizes=\"auto, (max-width: 340px) 100vw, 340px\" \/>Pai Benedito Aparecido Mariano<\/p>\n<p style=\"text-align: justify;\"><img loading=\"lazy\" decoding=\"async\" class=\"alignnone size-full wp-image-51811\" src=\"https:\/\/jorgezanoni.com.br\/2019\/wp-content\/uploads\/2021\/08\/Pai-Carlos-Luis-Calado-e-os-filhos-Bruna-Carla-Machado-Calado-e-Raul-Felipe-Machado-Calado-2.jpg\" alt=\"\" width=\"959\" height=\"832\" srcset=\"https:\/\/jorgezanoni.com.br\/2019\/wp-content\/uploads\/2021\/08\/Pai-Carlos-Luis-Calado-e-os-filhos-Bruna-Carla-Machado-Calado-e-Raul-Felipe-Machado-Calado-2.jpg 959w, https:\/\/jorgezanoni.com.br\/2019\/wp-content\/uploads\/2021\/08\/Pai-Carlos-Luis-Calado-e-os-filhos-Bruna-Carla-Machado-Calado-e-Raul-Felipe-Machado-Calado-2-300x260.jpg 300w, https:\/\/jorgezanoni.com.br\/2019\/wp-content\/uploads\/2021\/08\/Pai-Carlos-Luis-Calado-e-os-filhos-Bruna-Carla-Machado-Calado-e-Raul-Felipe-Machado-Calado-2-768x666.jpg 768w, https:\/\/jorgezanoni.com.br\/2019\/wp-content\/uploads\/2021\/08\/Pai-Carlos-Luis-Calado-e-os-filhos-Bruna-Carla-Machado-Calado-e-Raul-Felipe-Machado-Calado-2-534x462.jpg 534w, https:\/\/jorgezanoni.com.br\/2019\/wp-content\/uploads\/2021\/08\/Pai-Carlos-Luis-Calado-e-os-filhos-Bruna-Carla-Machado-Calado-e-Raul-Felipe-Machado-Calado-2-696x604.jpg 696w, https:\/\/jorgezanoni.com.br\/2019\/wp-content\/uploads\/2021\/08\/Pai-Carlos-Luis-Calado-e-os-filhos-Bruna-Carla-Machado-Calado-e-Raul-Felipe-Machado-Calado-2-484x420.jpg 484w\" sizes=\"auto, (max-width: 959px) 100vw, 959px\" \/>Pai Carlos Luis Calado e os filhos Bruna Carla Machado Calado e Raul Felipe Machado Calado<\/p>\n<p><img loading=\"lazy\" decoding=\"async\" class=\"alignnone size-full wp-image-51812\" src=\"https:\/\/jorgezanoni.com.br\/2019\/wp-content\/uploads\/2021\/08\/Pai-Cicero-Antonio-Marques-com-a-esposa-Joana-Peres-2.jpg\" alt=\"\" width=\"960\" height=\"1130\" srcset=\"https:\/\/jorgezanoni.com.br\/2019\/wp-content\/uploads\/2021\/08\/Pai-Cicero-Antonio-Marques-com-a-esposa-Joana-Peres-2.jpg 960w, https:\/\/jorgezanoni.com.br\/2019\/wp-content\/uploads\/2021\/08\/Pai-Cicero-Antonio-Marques-com-a-esposa-Joana-Peres-2-255x300.jpg 255w, https:\/\/jorgezanoni.com.br\/2019\/wp-content\/uploads\/2021\/08\/Pai-Cicero-Antonio-Marques-com-a-esposa-Joana-Peres-2-870x1024.jpg 870w, https:\/\/jorgezanoni.com.br\/2019\/wp-content\/uploads\/2021\/08\/Pai-Cicero-Antonio-Marques-com-a-esposa-Joana-Peres-2-768x904.jpg 768w, https:\/\/jorgezanoni.com.br\/2019\/wp-content\/uploads\/2021\/08\/Pai-Cicero-Antonio-Marques-com-a-esposa-Joana-Peres-2-696x819.jpg 696w, https:\/\/jorgezanoni.com.br\/2019\/wp-content\/uploads\/2021\/08\/Pai-Cicero-Antonio-Marques-com-a-esposa-Joana-Peres-2-357x420.jpg 357w\" sizes=\"auto, (max-width: 960px) 100vw, 960px\" \/>Pai Cicero Ant\u00f4nio Marques com a esposa Joana Peres<\/p>\n<p style=\"text-align: justify;\"><img loading=\"lazy\" decoding=\"async\" class=\"alignnone size-full wp-image-51813\" src=\"https:\/\/jorgezanoni.com.br\/2019\/wp-content\/uploads\/2021\/08\/Pai-Cicero-dos-Santos-com-Renata-Alves-2.jpg\" alt=\"\" width=\"496\" height=\"771\" srcset=\"https:\/\/jorgezanoni.com.br\/2019\/wp-content\/uploads\/2021\/08\/Pai-Cicero-dos-Santos-com-Renata-Alves-2.jpg 496w, https:\/\/jorgezanoni.com.br\/2019\/wp-content\/uploads\/2021\/08\/Pai-Cicero-dos-Santos-com-Renata-Alves-2-193x300.jpg 193w, https:\/\/jorgezanoni.com.br\/2019\/wp-content\/uploads\/2021\/08\/Pai-Cicero-dos-Santos-com-Renata-Alves-2-270x420.jpg 270w\" sizes=\"auto, (max-width: 496px) 100vw, 496px\" \/>Pai C\u00edcero dos Santos com Renata Alves<\/p>\n<p style=\"text-align: justify;\"><img loading=\"lazy\" decoding=\"async\" class=\"alignnone size-full wp-image-51814\" src=\"https:\/\/jorgezanoni.com.br\/2019\/wp-content\/uploads\/2021\/08\/Pai-Cicero-dos-Santos-e-a-filha-Viviane-Cristine-dos-Santos-Pessoa-2.jpg\" alt=\"\" width=\"364\" height=\"884\" srcset=\"https:\/\/jorgezanoni.com.br\/2019\/wp-content\/uploads\/2021\/08\/Pai-Cicero-dos-Santos-e-a-filha-Viviane-Cristine-dos-Santos-Pessoa-2.jpg 364w, https:\/\/jorgezanoni.com.br\/2019\/wp-content\/uploads\/2021\/08\/Pai-Cicero-dos-Santos-e-a-filha-Viviane-Cristine-dos-Santos-Pessoa-2-124x300.jpg 124w, https:\/\/jorgezanoni.com.br\/2019\/wp-content\/uploads\/2021\/08\/Pai-Cicero-dos-Santos-e-a-filha-Viviane-Cristine-dos-Santos-Pessoa-2-173x420.jpg 173w\" sizes=\"auto, (max-width: 364px) 100vw, 364px\" \/>Pai Cicero dos Santos e a filha Viviane Cristine dos Santos Pessoa<\/p>\n<p><img loading=\"lazy\" decoding=\"async\" class=\"alignnone size-full wp-image-51815\" src=\"https:\/\/jorgezanoni.com.br\/2019\/wp-content\/uploads\/2021\/08\/Pai-Cirso-Jose-Goncalves-e-a-filha-Isabela-Cristina-de-Melo-Goncalves-2.jpg\" alt=\"\" width=\"898\" height=\"1378\" srcset=\"https:\/\/jorgezanoni.com.br\/2019\/wp-content\/uploads\/2021\/08\/Pai-Cirso-Jose-Goncalves-e-a-filha-Isabela-Cristina-de-Melo-Goncalves-2.jpg 898w, https:\/\/jorgezanoni.com.br\/2019\/wp-content\/uploads\/2021\/08\/Pai-Cirso-Jose-Goncalves-e-a-filha-Isabela-Cristina-de-Melo-Goncalves-2-196x300.jpg 196w, https:\/\/jorgezanoni.com.br\/2019\/wp-content\/uploads\/2021\/08\/Pai-Cirso-Jose-Goncalves-e-a-filha-Isabela-Cristina-de-Melo-Goncalves-2-667x1024.jpg 667w, https:\/\/jorgezanoni.com.br\/2019\/wp-content\/uploads\/2021\/08\/Pai-Cirso-Jose-Goncalves-e-a-filha-Isabela-Cristina-de-Melo-Goncalves-2-768x1179.jpg 768w, https:\/\/jorgezanoni.com.br\/2019\/wp-content\/uploads\/2021\/08\/Pai-Cirso-Jose-Goncalves-e-a-filha-Isabela-Cristina-de-Melo-Goncalves-2-696x1068.jpg 696w, https:\/\/jorgezanoni.com.br\/2019\/wp-content\/uploads\/2021\/08\/Pai-Cirso-Jose-Goncalves-e-a-filha-Isabela-Cristina-de-Melo-Goncalves-2-274x420.jpg 274w\" sizes=\"auto, (max-width: 898px) 100vw, 898px\" \/>Pai Cirso Jos\u00e9 Gon\u00e7alves e a filha Isabela Cristina de Melo Gon\u00e7alves<\/p>\n<p><img loading=\"lazy\" decoding=\"async\" class=\"alignnone size-full wp-image-51816\" src=\"https:\/\/jorgezanoni.com.br\/2019\/wp-content\/uploads\/2021\/08\/Pai-Claudio-de-Almeida-Garcia-Junior-e-os-filhos-Gabriel-Garcia-e-Joao-Lucas-Garcia-2.jpg\" alt=\"\" width=\"1133\" height=\"791\" srcset=\"https:\/\/jorgezanoni.com.br\/2019\/wp-content\/uploads\/2021\/08\/Pai-Claudio-de-Almeida-Garcia-Junior-e-os-filhos-Gabriel-Garcia-e-Joao-Lucas-Garcia-2.jpg 1133w, https:\/\/jorgezanoni.com.br\/2019\/wp-content\/uploads\/2021\/08\/Pai-Claudio-de-Almeida-Garcia-Junior-e-os-filhos-Gabriel-Garcia-e-Joao-Lucas-Garcia-2-300x209.jpg 300w, https:\/\/jorgezanoni.com.br\/2019\/wp-content\/uploads\/2021\/08\/Pai-Claudio-de-Almeida-Garcia-Junior-e-os-filhos-Gabriel-Garcia-e-Joao-Lucas-Garcia-2-1024x715.jpg 1024w, https:\/\/jorgezanoni.com.br\/2019\/wp-content\/uploads\/2021\/08\/Pai-Claudio-de-Almeida-Garcia-Junior-e-os-filhos-Gabriel-Garcia-e-Joao-Lucas-Garcia-2-768x536.jpg 768w, https:\/\/jorgezanoni.com.br\/2019\/wp-content\/uploads\/2021\/08\/Pai-Claudio-de-Almeida-Garcia-Junior-e-os-filhos-Gabriel-Garcia-e-Joao-Lucas-Garcia-2-100x70.jpg 100w, https:\/\/jorgezanoni.com.br\/2019\/wp-content\/uploads\/2021\/08\/Pai-Claudio-de-Almeida-Garcia-Junior-e-os-filhos-Gabriel-Garcia-e-Joao-Lucas-Garcia-2-696x486.jpg 696w, https:\/\/jorgezanoni.com.br\/2019\/wp-content\/uploads\/2021\/08\/Pai-Claudio-de-Almeida-Garcia-Junior-e-os-filhos-Gabriel-Garcia-e-Joao-Lucas-Garcia-2-1068x746.jpg 1068w, https:\/\/jorgezanoni.com.br\/2019\/wp-content\/uploads\/2021\/08\/Pai-Claudio-de-Almeida-Garcia-Junior-e-os-filhos-Gabriel-Garcia-e-Joao-Lucas-Garcia-2-602x420.jpg 602w\" sizes=\"auto, (max-width: 1133px) 100vw, 1133px\" \/>Pai Cl\u00e1udio de Almeida Garcia J\u00fanior e os filhos Gabriel Garcia e Jo\u00e3o Lucas Garcia<\/p>\n<p style=\"text-align: justify;\"><img loading=\"lazy\" decoding=\"async\" class=\"alignnone size-full wp-image-51817\" src=\"https:\/\/jorgezanoni.com.br\/2019\/wp-content\/uploads\/2021\/08\/Pai-Claudio-Rodrigues-Junior-a-esposa-Adriana-Farias-e-a-filha-Maria-Luiza-2.jpg\" alt=\"\" width=\"492\" height=\"537\" srcset=\"https:\/\/jorgezanoni.com.br\/2019\/wp-content\/uploads\/2021\/08\/Pai-Claudio-Rodrigues-Junior-a-esposa-Adriana-Farias-e-a-filha-Maria-Luiza-2.jpg 492w, https:\/\/jorgezanoni.com.br\/2019\/wp-content\/uploads\/2021\/08\/Pai-Claudio-Rodrigues-Junior-a-esposa-Adriana-Farias-e-a-filha-Maria-Luiza-2-275x300.jpg 275w, https:\/\/jorgezanoni.com.br\/2019\/wp-content\/uploads\/2021\/08\/Pai-Claudio-Rodrigues-Junior-a-esposa-Adriana-Farias-e-a-filha-Maria-Luiza-2-385x420.jpg 385w\" sizes=\"auto, (max-width: 492px) 100vw, 492px\" \/>Pai Claudio Rodrigues Junior a esposa Adriana Farias e a filha Maria Luiza<\/p>\n<p style=\"text-align: justify;\"><img loading=\"lazy\" decoding=\"async\" class=\"alignnone size-full wp-image-51818\" src=\"https:\/\/jorgezanoni.com.br\/2019\/wp-content\/uploads\/2021\/08\/Pai-Claudio-Rodrigues-Junior-e-a-esposa-Adriana-Faria-Cruz.jpg\" alt=\"\" width=\"560\" height=\"560\" srcset=\"https:\/\/jorgezanoni.com.br\/2019\/wp-content\/uploads\/2021\/08\/Pai-Claudio-Rodrigues-Junior-e-a-esposa-Adriana-Faria-Cruz.jpg 560w, https:\/\/jorgezanoni.com.br\/2019\/wp-content\/uploads\/2021\/08\/Pai-Claudio-Rodrigues-Junior-e-a-esposa-Adriana-Faria-Cruz-300x300.jpg 300w, https:\/\/jorgezanoni.com.br\/2019\/wp-content\/uploads\/2021\/08\/Pai-Claudio-Rodrigues-Junior-e-a-esposa-Adriana-Faria-Cruz-150x150.jpg 150w, https:\/\/jorgezanoni.com.br\/2019\/wp-content\/uploads\/2021\/08\/Pai-Claudio-Rodrigues-Junior-e-a-esposa-Adriana-Faria-Cruz-420x420.jpg 420w\" sizes=\"auto, (max-width: 560px) 100vw, 560px\" \/>Pai Claudio Rodrigues Junior e a esposa Adriana Faria Cruz<\/p>\n<p><img loading=\"lazy\" decoding=\"async\" class=\"alignnone size-full wp-image-51819\" src=\"https:\/\/jorgezanoni.com.br\/2019\/wp-content\/uploads\/2021\/08\/Pai-Claudio-Salvador-Sanches-e-o-filho-Lucas-Eduardo-Paim-Sanhces.jpg\" alt=\"\" width=\"720\" height=\"960\" srcset=\"https:\/\/jorgezanoni.com.br\/2019\/wp-content\/uploads\/2021\/08\/Pai-Claudio-Salvador-Sanches-e-o-filho-Lucas-Eduardo-Paim-Sanhces.jpg 720w, https:\/\/jorgezanoni.com.br\/2019\/wp-content\/uploads\/2021\/08\/Pai-Claudio-Salvador-Sanches-e-o-filho-Lucas-Eduardo-Paim-Sanhces-225x300.jpg 225w, https:\/\/jorgezanoni.com.br\/2019\/wp-content\/uploads\/2021\/08\/Pai-Claudio-Salvador-Sanches-e-o-filho-Lucas-Eduardo-Paim-Sanhces-696x928.jpg 696w, https:\/\/jorgezanoni.com.br\/2019\/wp-content\/uploads\/2021\/08\/Pai-Claudio-Salvador-Sanches-e-o-filho-Lucas-Eduardo-Paim-Sanhces-315x420.jpg 315w\" sizes=\"auto, (max-width: 720px) 100vw, 720px\" \/>Pai Cl\u00e1udio Salvador Sanches e o filho Lucas Eduardo Paim Sanches<\/p>\n<p style=\"text-align: justify;\"><img loading=\"lazy\" decoding=\"async\" class=\"alignnone size-full wp-image-51820\" src=\"https:\/\/jorgezanoni.com.br\/2019\/wp-content\/uploads\/2021\/08\/Pai-Cristiano-Bittanti-e-a-esposa-Amanda-Gravida-2.jpg\" alt=\"\" width=\"332\" height=\"690\" srcset=\"https:\/\/jorgezanoni.com.br\/2019\/wp-content\/uploads\/2021\/08\/Pai-Cristiano-Bittanti-e-a-esposa-Amanda-Gravida-2.jpg 332w, https:\/\/jorgezanoni.com.br\/2019\/wp-content\/uploads\/2021\/08\/Pai-Cristiano-Bittanti-e-a-esposa-Amanda-Gravida-2-144x300.jpg 144w, https:\/\/jorgezanoni.com.br\/2019\/wp-content\/uploads\/2021\/08\/Pai-Cristiano-Bittanti-e-a-esposa-Amanda-Gravida-2-202x420.jpg 202w\" sizes=\"auto, (max-width: 332px) 100vw, 332px\" \/>Pai Cristiano Bittanti e a esposa Amanda (Gr\u00e1vida)<\/p>\n<p style=\"text-align: justify;\"><img loading=\"lazy\" decoding=\"async\" class=\"alignnone size-full wp-image-51821\" src=\"https:\/\/jorgezanoni.com.br\/2019\/wp-content\/uploads\/2021\/08\/Pai-Daniel-Miyagui-com-o-filho-Pedro-de-Carvalho-Miyagui-2.jpg\" alt=\"\" width=\"515\" height=\"395\" srcset=\"https:\/\/jorgezanoni.com.br\/2019\/wp-content\/uploads\/2021\/08\/Pai-Daniel-Miyagui-com-o-filho-Pedro-de-Carvalho-Miyagui-2.jpg 515w, https:\/\/jorgezanoni.com.br\/2019\/wp-content\/uploads\/2021\/08\/Pai-Daniel-Miyagui-com-o-filho-Pedro-de-Carvalho-Miyagui-2-300x230.jpg 300w, https:\/\/jorgezanoni.com.br\/2019\/wp-content\/uploads\/2021\/08\/Pai-Daniel-Miyagui-com-o-filho-Pedro-de-Carvalho-Miyagui-2-80x60.jpg 80w\" sizes=\"auto, (max-width: 515px) 100vw, 515px\" \/>Pai Daniel Miyagui com o filho Pedro de Carvalho Miyagui<\/p>\n<p><img loading=\"lazy\" decoding=\"async\" class=\"alignnone size-full wp-image-51822\" src=\"https:\/\/jorgezanoni.com.br\/2019\/wp-content\/uploads\/2021\/08\/Pai-David-Noronha-com-os-filhos-Sophia-Casemiro-da-Silva-e-Theo-Casemiro-da-Silva-2.jpg\" alt=\"\" width=\"1076\" height=\"768\" srcset=\"https:\/\/jorgezanoni.com.br\/2019\/wp-content\/uploads\/2021\/08\/Pai-David-Noronha-com-os-filhos-Sophia-Casemiro-da-Silva-e-Theo-Casemiro-da-Silva-2.jpg 1076w, https:\/\/jorgezanoni.com.br\/2019\/wp-content\/uploads\/2021\/08\/Pai-David-Noronha-com-os-filhos-Sophia-Casemiro-da-Silva-e-Theo-Casemiro-da-Silva-2-300x214.jpg 300w, https:\/\/jorgezanoni.com.br\/2019\/wp-content\/uploads\/2021\/08\/Pai-David-Noronha-com-os-filhos-Sophia-Casemiro-da-Silva-e-Theo-Casemiro-da-Silva-2-1024x731.jpg 1024w, https:\/\/jorgezanoni.com.br\/2019\/wp-content\/uploads\/2021\/08\/Pai-David-Noronha-com-os-filhos-Sophia-Casemiro-da-Silva-e-Theo-Casemiro-da-Silva-2-768x548.jpg 768w, https:\/\/jorgezanoni.com.br\/2019\/wp-content\/uploads\/2021\/08\/Pai-David-Noronha-com-os-filhos-Sophia-Casemiro-da-Silva-e-Theo-Casemiro-da-Silva-2-100x70.jpg 100w, https:\/\/jorgezanoni.com.br\/2019\/wp-content\/uploads\/2021\/08\/Pai-David-Noronha-com-os-filhos-Sophia-Casemiro-da-Silva-e-Theo-Casemiro-da-Silva-2-696x497.jpg 696w, https:\/\/jorgezanoni.com.br\/2019\/wp-content\/uploads\/2021\/08\/Pai-David-Noronha-com-os-filhos-Sophia-Casemiro-da-Silva-e-Theo-Casemiro-da-Silva-2-1068x762.jpg 1068w, https:\/\/jorgezanoni.com.br\/2019\/wp-content\/uploads\/2021\/08\/Pai-David-Noronha-com-os-filhos-Sophia-Casemiro-da-Silva-e-Theo-Casemiro-da-Silva-2-588x420.jpg 588w\" sizes=\"auto, (max-width: 1076px) 100vw, 1076px\" \/>Pai David Noronha com os filhos Sophia Casemiro da Silva e Th\u00e9o Casemiro da Silva<\/p>\n<p style=\"text-align: justify;\"><img loading=\"lazy\" decoding=\"async\" class=\"alignnone size-full wp-image-51823\" src=\"https:\/\/jorgezanoni.com.br\/2019\/wp-content\/uploads\/2021\/08\/Pai-Domingos-Antonio-Nascimento-e-esposa-Daiane-Silva-Arcanjo-Nascimento-com-os-filhos-Melissa-Vitoria-do-Nascimento-e-Marcelo-Augusto-Arcanjo-Nascimento.jpg\" alt=\"\" width=\"1599\" height=\"899\" srcset=\"https:\/\/jorgezanoni.com.br\/2019\/wp-content\/uploads\/2021\/08\/Pai-Domingos-Antonio-Nascimento-e-esposa-Daiane-Silva-Arcanjo-Nascimento-com-os-filhos-Melissa-Vitoria-do-Nascimento-e-Marcelo-Augusto-Arcanjo-Nascimento.jpg 1599w, https:\/\/jorgezanoni.com.br\/2019\/wp-content\/uploads\/2021\/08\/Pai-Domingos-Antonio-Nascimento-e-esposa-Daiane-Silva-Arcanjo-Nascimento-com-os-filhos-Melissa-Vitoria-do-Nascimento-e-Marcelo-Augusto-Arcanjo-Nascimento-300x169.jpg 300w, https:\/\/jorgezanoni.com.br\/2019\/wp-content\/uploads\/2021\/08\/Pai-Domingos-Antonio-Nascimento-e-esposa-Daiane-Silva-Arcanjo-Nascimento-com-os-filhos-Melissa-Vitoria-do-Nascimento-e-Marcelo-Augusto-Arcanjo-Nascimento-1024x576.jpg 1024w, https:\/\/jorgezanoni.com.br\/2019\/wp-content\/uploads\/2021\/08\/Pai-Domingos-Antonio-Nascimento-e-esposa-Daiane-Silva-Arcanjo-Nascimento-com-os-filhos-Melissa-Vitoria-do-Nascimento-e-Marcelo-Augusto-Arcanjo-Nascimento-768x432.jpg 768w, https:\/\/jorgezanoni.com.br\/2019\/wp-content\/uploads\/2021\/08\/Pai-Domingos-Antonio-Nascimento-e-esposa-Daiane-Silva-Arcanjo-Nascimento-com-os-filhos-Melissa-Vitoria-do-Nascimento-e-Marcelo-Augusto-Arcanjo-Nascimento-1536x864.jpg 1536w, https:\/\/jorgezanoni.com.br\/2019\/wp-content\/uploads\/2021\/08\/Pai-Domingos-Antonio-Nascimento-e-esposa-Daiane-Silva-Arcanjo-Nascimento-com-os-filhos-Melissa-Vitoria-do-Nascimento-e-Marcelo-Augusto-Arcanjo-Nascimento-696x391.jpg 696w, https:\/\/jorgezanoni.com.br\/2019\/wp-content\/uploads\/2021\/08\/Pai-Domingos-Antonio-Nascimento-e-esposa-Daiane-Silva-Arcanjo-Nascimento-com-os-filhos-Melissa-Vitoria-do-Nascimento-e-Marcelo-Augusto-Arcanjo-Nascimento-1068x600.jpg 1068w, https:\/\/jorgezanoni.com.br\/2019\/wp-content\/uploads\/2021\/08\/Pai-Domingos-Antonio-Nascimento-e-esposa-Daiane-Silva-Arcanjo-Nascimento-com-os-filhos-Melissa-Vitoria-do-Nascimento-e-Marcelo-Augusto-Arcanjo-Nascimento-747x420.jpg 747w\" sizes=\"auto, (max-width: 1599px) 100vw, 1599px\" \/>Pai Domingos Antonio Nascimento e esposa Daiane Silva Arcanjo Nascimento com os filhos Melissa Vit\u00f3ria do Nascimento e Marcelo Augusto Arcanjo Nascimento<\/p>\n<p style=\"text-align: justify;\"><img loading=\"lazy\" decoding=\"async\" class=\"alignnone size-full wp-image-51824\" src=\"https:\/\/jorgezanoni.com.br\/2019\/wp-content\/uploads\/2021\/08\/Pai-e-avo-Benicio-Machado-Guimaraes-com-o-neto-Lorenzo-2.jpg\" alt=\"\" width=\"241\" height=\"523\" srcset=\"https:\/\/jorgezanoni.com.br\/2019\/wp-content\/uploads\/2021\/08\/Pai-e-avo-Benicio-Machado-Guimaraes-com-o-neto-Lorenzo-2.jpg 241w, https:\/\/jorgezanoni.com.br\/2019\/wp-content\/uploads\/2021\/08\/Pai-e-avo-Benicio-Machado-Guimaraes-com-o-neto-Lorenzo-2-138x300.jpg 138w, https:\/\/jorgezanoni.com.br\/2019\/wp-content\/uploads\/2021\/08\/Pai-e-avo-Benicio-Machado-Guimaraes-com-o-neto-Lorenzo-2-194x420.jpg 194w\" sizes=\"auto, (max-width: 241px) 100vw, 241px\" \/>Pai e av\u00f4 Ben\u00edcio Machado Guimar\u00e3es com o neto Lorenzo<\/p>\n<p style=\"text-align: justify;\"><img loading=\"lazy\" decoding=\"async\" class=\"alignnone size-full wp-image-51825\" src=\"https:\/\/jorgezanoni.com.br\/2019\/wp-content\/uploads\/2021\/08\/Pai-e-avo-Jorge-com-a-neta-Larissa-2.jpg\" alt=\"\" width=\"507\" height=\"875\" srcset=\"https:\/\/jorgezanoni.com.br\/2019\/wp-content\/uploads\/2021\/08\/Pai-e-avo-Jorge-com-a-neta-Larissa-2.jpg 507w, https:\/\/jorgezanoni.com.br\/2019\/wp-content\/uploads\/2021\/08\/Pai-e-avo-Jorge-com-a-neta-Larissa-2-174x300.jpg 174w, https:\/\/jorgezanoni.com.br\/2019\/wp-content\/uploads\/2021\/08\/Pai-e-avo-Jorge-com-a-neta-Larissa-2-243x420.jpg 243w\" sizes=\"auto, (max-width: 507px) 100vw, 507px\" \/>Pai e av\u00f4 Jorge com a neta Larissa<\/p>\n<p><img loading=\"lazy\" decoding=\"async\" class=\"alignnone size-full wp-image-51826\" src=\"https:\/\/jorgezanoni.com.br\/2019\/wp-content\/uploads\/2021\/08\/Pai-e-avo-Jorge-Takashi-Miyagui-e-o-neto-Bruno-Vinicius-Miyagui-Despencieri.jpg\" alt=\"\" width=\"1600\" height=\"900\" srcset=\"https:\/\/jorgezanoni.com.br\/2019\/wp-content\/uploads\/2021\/08\/Pai-e-avo-Jorge-Takashi-Miyagui-e-o-neto-Bruno-Vinicius-Miyagui-Despencieri.jpg 1600w, https:\/\/jorgezanoni.com.br\/2019\/wp-content\/uploads\/2021\/08\/Pai-e-avo-Jorge-Takashi-Miyagui-e-o-neto-Bruno-Vinicius-Miyagui-Despencieri-300x169.jpg 300w, https:\/\/jorgezanoni.com.br\/2019\/wp-content\/uploads\/2021\/08\/Pai-e-avo-Jorge-Takashi-Miyagui-e-o-neto-Bruno-Vinicius-Miyagui-Despencieri-1024x576.jpg 1024w, https:\/\/jorgezanoni.com.br\/2019\/wp-content\/uploads\/2021\/08\/Pai-e-avo-Jorge-Takashi-Miyagui-e-o-neto-Bruno-Vinicius-Miyagui-Despencieri-768x432.jpg 768w, https:\/\/jorgezanoni.com.br\/2019\/wp-content\/uploads\/2021\/08\/Pai-e-avo-Jorge-Takashi-Miyagui-e-o-neto-Bruno-Vinicius-Miyagui-Despencieri-1536x864.jpg 1536w, https:\/\/jorgezanoni.com.br\/2019\/wp-content\/uploads\/2021\/08\/Pai-e-avo-Jorge-Takashi-Miyagui-e-o-neto-Bruno-Vinicius-Miyagui-Despencieri-696x392.jpg 696w, https:\/\/jorgezanoni.com.br\/2019\/wp-content\/uploads\/2021\/08\/Pai-e-avo-Jorge-Takashi-Miyagui-e-o-neto-Bruno-Vinicius-Miyagui-Despencieri-1068x601.jpg 1068w, https:\/\/jorgezanoni.com.br\/2019\/wp-content\/uploads\/2021\/08\/Pai-e-avo-Jorge-Takashi-Miyagui-e-o-neto-Bruno-Vinicius-Miyagui-Despencieri-747x420.jpg 747w\" sizes=\"auto, (max-width: 1600px) 100vw, 1600px\" \/>Pai e av\u00f4 Jorge Takashi Miyagui e o neto Bruno Vin\u00edcius Miyagui Despencieri<\/p>\n<p><img loading=\"lazy\" decoding=\"async\" class=\"alignnone size-full wp-image-51827\" src=\"https:\/\/jorgezanoni.com.br\/2019\/wp-content\/uploads\/2021\/08\/Pai-e-avo-Jose-Leite-da-Silva-com-os-netos-Daiane-Fernanda-e-Talita-Sabrina-2.jpg\" alt=\"\" width=\"742\" height=\"1225\" srcset=\"https:\/\/jorgezanoni.com.br\/2019\/wp-content\/uploads\/2021\/08\/Pai-e-avo-Jose-Leite-da-Silva-com-os-netos-Daiane-Fernanda-e-Talita-Sabrina-2.jpg 742w, https:\/\/jorgezanoni.com.br\/2019\/wp-content\/uploads\/2021\/08\/Pai-e-avo-Jose-Leite-da-Silva-com-os-netos-Daiane-Fernanda-e-Talita-Sabrina-2-182x300.jpg 182w, https:\/\/jorgezanoni.com.br\/2019\/wp-content\/uploads\/2021\/08\/Pai-e-avo-Jose-Leite-da-Silva-com-os-netos-Daiane-Fernanda-e-Talita-Sabrina-2-620x1024.jpg 620w, https:\/\/jorgezanoni.com.br\/2019\/wp-content\/uploads\/2021\/08\/Pai-e-avo-Jose-Leite-da-Silva-com-os-netos-Daiane-Fernanda-e-Talita-Sabrina-2-696x1149.jpg 696w, https:\/\/jorgezanoni.com.br\/2019\/wp-content\/uploads\/2021\/08\/Pai-e-avo-Jose-Leite-da-Silva-com-os-netos-Daiane-Fernanda-e-Talita-Sabrina-2-254x420.jpg 254w\" sizes=\"auto, (max-width: 742px) 100vw, 742px\" \/>Pai e av\u00f4 Jos\u00e9 Leite da Silva com os netos Daiane Fernanda e Talita Sabrina<\/p>\n<p><img loading=\"lazy\" decoding=\"async\" class=\"alignnone size-full wp-image-51828\" src=\"https:\/\/jorgezanoni.com.br\/2019\/wp-content\/uploads\/2021\/08\/Pai-e-Avo-Moises-Tagliari-2.jpg\" alt=\"\" width=\"701\" height=\"939\" srcset=\"https:\/\/jorgezanoni.com.br\/2019\/wp-content\/uploads\/2021\/08\/Pai-e-Avo-Moises-Tagliari-2.jpg 701w, https:\/\/jorgezanoni.com.br\/2019\/wp-content\/uploads\/2021\/08\/Pai-e-Avo-Moises-Tagliari-2-224x300.jpg 224w, https:\/\/jorgezanoni.com.br\/2019\/wp-content\/uploads\/2021\/08\/Pai-e-Avo-Moises-Tagliari-2-696x932.jpg 696w, https:\/\/jorgezanoni.com.br\/2019\/wp-content\/uploads\/2021\/08\/Pai-e-Avo-Moises-Tagliari-2-314x420.jpg 314w\" sizes=\"auto, (max-width: 701px) 100vw, 701px\" \/>Pai e Av\u00f4 Mois\u00e9s Tagliari<\/p>\n<p><img loading=\"lazy\" decoding=\"async\" class=\"alignnone size-full wp-image-51829\" src=\"https:\/\/jorgezanoni.com.br\/2019\/wp-content\/uploads\/2021\/08\/Pai-e-Avo-Valdemir-neto-Nicolas-e-filho-Guilherme-2.jpg\" alt=\"\" width=\"994\" height=\"1320\" srcset=\"https:\/\/jorgezanoni.com.br\/2019\/wp-content\/uploads\/2021\/08\/Pai-e-Avo-Valdemir-neto-Nicolas-e-filho-Guilherme-2.jpg 994w, https:\/\/jorgezanoni.com.br\/2019\/wp-content\/uploads\/2021\/08\/Pai-e-Avo-Valdemir-neto-Nicolas-e-filho-Guilherme-2-226x300.jpg 226w, https:\/\/jorgezanoni.com.br\/2019\/wp-content\/uploads\/2021\/08\/Pai-e-Avo-Valdemir-neto-Nicolas-e-filho-Guilherme-2-771x1024.jpg 771w, https:\/\/jorgezanoni.com.br\/2019\/wp-content\/uploads\/2021\/08\/Pai-e-Avo-Valdemir-neto-Nicolas-e-filho-Guilherme-2-768x1020.jpg 768w, https:\/\/jorgezanoni.com.br\/2019\/wp-content\/uploads\/2021\/08\/Pai-e-Avo-Valdemir-neto-Nicolas-e-filho-Guilherme-2-696x924.jpg 696w, https:\/\/jorgezanoni.com.br\/2019\/wp-content\/uploads\/2021\/08\/Pai-e-Avo-Valdemir-neto-Nicolas-e-filho-Guilherme-2-316x420.jpg 316w\" sizes=\"auto, (max-width: 994px) 100vw, 994px\" \/>Pai e Av\u00f4 Valdemir, neto Nicolas e filho Guilherme<\/p>\n<p><img loading=\"lazy\" decoding=\"async\" class=\"alignnone size-full wp-image-51830\" src=\"https:\/\/jorgezanoni.com.br\/2019\/wp-content\/uploads\/2021\/08\/Pai-e-Mae-Sonia-de-Souza-Silva-e-a-filha-Daiane-Silva-Arcanjo-Nascimento-2.jpg\" alt=\"\" width=\"714\" height=\"959\" srcset=\"https:\/\/jorgezanoni.com.br\/2019\/wp-content\/uploads\/2021\/08\/Pai-e-Mae-Sonia-de-Souza-Silva-e-a-filha-Daiane-Silva-Arcanjo-Nascimento-2.jpg 714w, https:\/\/jorgezanoni.com.br\/2019\/wp-content\/uploads\/2021\/08\/Pai-e-Mae-Sonia-de-Souza-Silva-e-a-filha-Daiane-Silva-Arcanjo-Nascimento-2-223x300.jpg 223w, https:\/\/jorgezanoni.com.br\/2019\/wp-content\/uploads\/2021\/08\/Pai-e-Mae-Sonia-de-Souza-Silva-e-a-filha-Daiane-Silva-Arcanjo-Nascimento-2-696x935.jpg 696w, https:\/\/jorgezanoni.com.br\/2019\/wp-content\/uploads\/2021\/08\/Pai-e-Mae-Sonia-de-Souza-Silva-e-a-filha-Daiane-Silva-Arcanjo-Nascimento-2-313x420.jpg 313w\" sizes=\"auto, (max-width: 714px) 100vw, 714px\" \/>Pai e M\u00e3e S\u00f4nia de Souza Silva e a filha Daiane Silva Arcanjo Nascimento<\/p>\n<p><img loading=\"lazy\" decoding=\"async\" class=\"alignnone size-full wp-image-51831\" src=\"https:\/\/jorgezanoni.com.br\/2019\/wp-content\/uploads\/2021\/08\/Pai-Edesio-Pereira-Rodrigues-Dezao-do-Violao.jpg\" alt=\"\" width=\"891\" height=\"1600\" srcset=\"https:\/\/jorgezanoni.com.br\/2019\/wp-content\/uploads\/2021\/08\/Pai-Edesio-Pereira-Rodrigues-Dezao-do-Violao.jpg 891w, https:\/\/jorgezanoni.com.br\/2019\/wp-content\/uploads\/2021\/08\/Pai-Edesio-Pereira-Rodrigues-Dezao-do-Violao-167x300.jpg 167w, https:\/\/jorgezanoni.com.br\/2019\/wp-content\/uploads\/2021\/08\/Pai-Edesio-Pereira-Rodrigues-Dezao-do-Violao-570x1024.jpg 570w, https:\/\/jorgezanoni.com.br\/2019\/wp-content\/uploads\/2021\/08\/Pai-Edesio-Pereira-Rodrigues-Dezao-do-Violao-768x1379.jpg 768w, https:\/\/jorgezanoni.com.br\/2019\/wp-content\/uploads\/2021\/08\/Pai-Edesio-Pereira-Rodrigues-Dezao-do-Violao-855x1536.jpg 855w, https:\/\/jorgezanoni.com.br\/2019\/wp-content\/uploads\/2021\/08\/Pai-Edesio-Pereira-Rodrigues-Dezao-do-Violao-696x1250.jpg 696w, https:\/\/jorgezanoni.com.br\/2019\/wp-content\/uploads\/2021\/08\/Pai-Edesio-Pereira-Rodrigues-Dezao-do-Violao-234x420.jpg 234w\" sizes=\"auto, (max-width: 891px) 100vw, 891px\" \/>Pai Edesio Pereira Rodrigues (Dez\u00e3o do Viol\u00e3o)<\/p>\n<p><img loading=\"lazy\" decoding=\"async\" class=\"alignnone size-full wp-image-51832\" src=\"https:\/\/jorgezanoni.com.br\/2019\/wp-content\/uploads\/2021\/08\/Pai-Emerson-Lopes-com-os-filhos-Henrique-Matheus-e-Maria-Eduarda-2.jpg\" alt=\"\" width=\"985\" height=\"879\" srcset=\"https:\/\/jorgezanoni.com.br\/2019\/wp-content\/uploads\/2021\/08\/Pai-Emerson-Lopes-com-os-filhos-Henrique-Matheus-e-Maria-Eduarda-2.jpg 985w, https:\/\/jorgezanoni.com.br\/2019\/wp-content\/uploads\/2021\/08\/Pai-Emerson-Lopes-com-os-filhos-Henrique-Matheus-e-Maria-Eduarda-2-300x268.jpg 300w, https:\/\/jorgezanoni.com.br\/2019\/wp-content\/uploads\/2021\/08\/Pai-Emerson-Lopes-com-os-filhos-Henrique-Matheus-e-Maria-Eduarda-2-768x685.jpg 768w, https:\/\/jorgezanoni.com.br\/2019\/wp-content\/uploads\/2021\/08\/Pai-Emerson-Lopes-com-os-filhos-Henrique-Matheus-e-Maria-Eduarda-2-696x621.jpg 696w, https:\/\/jorgezanoni.com.br\/2019\/wp-content\/uploads\/2021\/08\/Pai-Emerson-Lopes-com-os-filhos-Henrique-Matheus-e-Maria-Eduarda-2-471x420.jpg 471w\" sizes=\"auto, (max-width: 985px) 100vw, 985px\" \/>Pai Emerson Lopes com os filhos Henrique Matheus e Maria Eduarda<\/p>\n<p style=\"text-align: justify;\"><img loading=\"lazy\" decoding=\"async\" class=\"alignnone size-full wp-image-51833\" src=\"https:\/\/jorgezanoni.com.br\/2019\/wp-content\/uploads\/2021\/08\/Pai-Everton-Pereira-de-Souza-e-as-filhas-Maria-Silva-Pereira-e-Alice-Silva-Pereira-2.jpg\" alt=\"\" width=\"558\" height=\"787\" srcset=\"https:\/\/jorgezanoni.com.br\/2019\/wp-content\/uploads\/2021\/08\/Pai-Everton-Pereira-de-Souza-e-as-filhas-Maria-Silva-Pereira-e-Alice-Silva-Pereira-2.jpg 558w, https:\/\/jorgezanoni.com.br\/2019\/wp-content\/uploads\/2021\/08\/Pai-Everton-Pereira-de-Souza-e-as-filhas-Maria-Silva-Pereira-e-Alice-Silva-Pereira-2-213x300.jpg 213w, https:\/\/jorgezanoni.com.br\/2019\/wp-content\/uploads\/2021\/08\/Pai-Everton-Pereira-de-Souza-e-as-filhas-Maria-Silva-Pereira-e-Alice-Silva-Pereira-2-298x420.jpg 298w\" sizes=\"auto, (max-width: 558px) 100vw, 558px\" \/>Pai Everton Pereira de Souza e as filhas Maria Silva Pereira e Alice Silva Pereira<\/p>\n<p style=\"text-align: justify;\"><img loading=\"lazy\" decoding=\"async\" class=\"alignnone size-full wp-image-51834\" src=\"https:\/\/jorgezanoni.com.br\/2019\/wp-content\/uploads\/2021\/08\/Pai-Fabiano-Matheus-com-a-filha-Helo-Matheus-2.jpg\" alt=\"\" width=\"388\" height=\"464\" srcset=\"https:\/\/jorgezanoni.com.br\/2019\/wp-content\/uploads\/2021\/08\/Pai-Fabiano-Matheus-com-a-filha-Helo-Matheus-2.jpg 388w, https:\/\/jorgezanoni.com.br\/2019\/wp-content\/uploads\/2021\/08\/Pai-Fabiano-Matheus-com-a-filha-Helo-Matheus-2-251x300.jpg 251w, https:\/\/jorgezanoni.com.br\/2019\/wp-content\/uploads\/2021\/08\/Pai-Fabiano-Matheus-com-a-filha-Helo-Matheus-2-351x420.jpg 351w\" sizes=\"auto, (max-width: 388px) 100vw, 388px\" \/>Pai Fabiano Matheus com a filha Hel\u00f4 Matheus<\/p>\n<p style=\"text-align: justify;\"><img loading=\"lazy\" decoding=\"async\" class=\"alignnone size-full wp-image-51835\" src=\"https:\/\/jorgezanoni.com.br\/2019\/wp-content\/uploads\/2021\/08\/Pai-Fabricio-Araujo-2.jpg\" alt=\"\" width=\"647\" height=\"1166\" srcset=\"https:\/\/jorgezanoni.com.br\/2019\/wp-content\/uploads\/2021\/08\/Pai-Fabricio-Araujo-2.jpg 647w, https:\/\/jorgezanoni.com.br\/2019\/wp-content\/uploads\/2021\/08\/Pai-Fabricio-Araujo-2-166x300.jpg 166w, https:\/\/jorgezanoni.com.br\/2019\/wp-content\/uploads\/2021\/08\/Pai-Fabricio-Araujo-2-568x1024.jpg 568w, https:\/\/jorgezanoni.com.br\/2019\/wp-content\/uploads\/2021\/08\/Pai-Fabricio-Araujo-2-233x420.jpg 233w\" sizes=\"auto, (max-width: 647px) 100vw, 647px\" \/>Pai Fabricio Araujo<\/p>\n<p style=\"text-align: justify;\"><img loading=\"lazy\" decoding=\"async\" class=\"alignnone size-full wp-image-51836\" src=\"https:\/\/jorgezanoni.com.br\/2019\/wp-content\/uploads\/2021\/08\/Pai-Feres-Cury-Karam-e-a-filha-Mariana-Karam-2.jpg\" alt=\"\" width=\"546\" height=\"378\" srcset=\"https:\/\/jorgezanoni.com.br\/2019\/wp-content\/uploads\/2021\/08\/Pai-Feres-Cury-Karam-e-a-filha-Mariana-Karam-2.jpg 546w, https:\/\/jorgezanoni.com.br\/2019\/wp-content\/uploads\/2021\/08\/Pai-Feres-Cury-Karam-e-a-filha-Mariana-Karam-2-300x208.jpg 300w, https:\/\/jorgezanoni.com.br\/2019\/wp-content\/uploads\/2021\/08\/Pai-Feres-Cury-Karam-e-a-filha-Mariana-Karam-2-100x70.jpg 100w, https:\/\/jorgezanoni.com.br\/2019\/wp-content\/uploads\/2021\/08\/Pai-Feres-Cury-Karam-e-a-filha-Mariana-Karam-2-218x150.jpg 218w\" sizes=\"auto, (max-width: 546px) 100vw, 546px\" \/>Pai F\u00e9res Cury Karam e a filha Mariana Karam<\/p>\n<p style=\"text-align: justify;\"><img loading=\"lazy\" decoding=\"async\" class=\"alignnone size-full wp-image-51837\" src=\"https:\/\/jorgezanoni.com.br\/2019\/wp-content\/uploads\/2021\/08\/Pai-Francisco-Alves-Pereira-im-memoria-recebe-homenagem-das-filhas-Ana-Aparecida-Pereira-Maria-Alves-Pereira-e-Adilia-Alves-Pereira-Burim.jpg\" alt=\"\" width=\"899\" height=\"1599\" srcset=\"https:\/\/jorgezanoni.com.br\/2019\/wp-content\/uploads\/2021\/08\/Pai-Francisco-Alves-Pereira-im-memoria-recebe-homenagem-das-filhas-Ana-Aparecida-Pereira-Maria-Alves-Pereira-e-Adilia-Alves-Pereira-Burim.jpg 899w, https:\/\/jorgezanoni.com.br\/2019\/wp-content\/uploads\/2021\/08\/Pai-Francisco-Alves-Pereira-im-memoria-recebe-homenagem-das-filhas-Ana-Aparecida-Pereira-Maria-Alves-Pereira-e-Adilia-Alves-Pereira-Burim-169x300.jpg 169w, https:\/\/jorgezanoni.com.br\/2019\/wp-content\/uploads\/2021\/08\/Pai-Francisco-Alves-Pereira-im-memoria-recebe-homenagem-das-filhas-Ana-Aparecida-Pereira-Maria-Alves-Pereira-e-Adilia-Alves-Pereira-Burim-576x1024.jpg 576w, https:\/\/jorgezanoni.com.br\/2019\/wp-content\/uploads\/2021\/08\/Pai-Francisco-Alves-Pereira-im-memoria-recebe-homenagem-das-filhas-Ana-Aparecida-Pereira-Maria-Alves-Pereira-e-Adilia-Alves-Pereira-Burim-768x1366.jpg 768w, https:\/\/jorgezanoni.com.br\/2019\/wp-content\/uploads\/2021\/08\/Pai-Francisco-Alves-Pereira-im-memoria-recebe-homenagem-das-filhas-Ana-Aparecida-Pereira-Maria-Alves-Pereira-e-Adilia-Alves-Pereira-Burim-864x1536.jpg 864w, https:\/\/jorgezanoni.com.br\/2019\/wp-content\/uploads\/2021\/08\/Pai-Francisco-Alves-Pereira-im-memoria-recebe-homenagem-das-filhas-Ana-Aparecida-Pereira-Maria-Alves-Pereira-e-Adilia-Alves-Pereira-Burim-696x1238.jpg 696w, https:\/\/jorgezanoni.com.br\/2019\/wp-content\/uploads\/2021\/08\/Pai-Francisco-Alves-Pereira-im-memoria-recebe-homenagem-das-filhas-Ana-Aparecida-Pereira-Maria-Alves-Pereira-e-Adilia-Alves-Pereira-Burim-236x420.jpg 236w\" sizes=\"auto, (max-width: 899px) 100vw, 899px\" \/>Pai Francisco Alves Pereira (im mem\u00f3ria), recebe homenagem das filhas Ana Aparecida Pereira, Maria Alves Pereira e Adilia Alves Pereira Burim<\/p>\n<p><img loading=\"lazy\" decoding=\"async\" class=\"alignnone size-full wp-image-51838\" src=\"https:\/\/jorgezanoni.com.br\/2019\/wp-content\/uploads\/2021\/08\/Pai-Francisco-Dias-Ferreira-com-a-filha-Patricia-de-Oliveira-Ferreira-Pocaia-2.jpg\" alt=\"\" width=\"673\" height=\"1060\" srcset=\"https:\/\/jorgezanoni.com.br\/2019\/wp-content\/uploads\/2021\/08\/Pai-Francisco-Dias-Ferreira-com-a-filha-Patricia-de-Oliveira-Ferreira-Pocaia-2.jpg 673w, https:\/\/jorgezanoni.com.br\/2019\/wp-content\/uploads\/2021\/08\/Pai-Francisco-Dias-Ferreira-com-a-filha-Patricia-de-Oliveira-Ferreira-Pocaia-2-190x300.jpg 190w, https:\/\/jorgezanoni.com.br\/2019\/wp-content\/uploads\/2021\/08\/Pai-Francisco-Dias-Ferreira-com-a-filha-Patricia-de-Oliveira-Ferreira-Pocaia-2-650x1024.jpg 650w, https:\/\/jorgezanoni.com.br\/2019\/wp-content\/uploads\/2021\/08\/Pai-Francisco-Dias-Ferreira-com-a-filha-Patricia-de-Oliveira-Ferreira-Pocaia-2-267x420.jpg 267w\" sizes=\"auto, (max-width: 673px) 100vw, 673px\" \/>Pai Francisco Dias Ferreira com a filha Patr\u00edcia de Oliveira Ferreira Pocaia<\/p>\n<p><img loading=\"lazy\" decoding=\"async\" class=\"alignnone size-full wp-image-51839\" src=\"https:\/\/jorgezanoni.com.br\/2019\/wp-content\/uploads\/2021\/08\/Pai-Francisco-Paulino-com-a-filha-Ana-Paula-e-a-neta-Polyana-2.jpg\" alt=\"\" width=\"715\" height=\"820\" srcset=\"https:\/\/jorgezanoni.com.br\/2019\/wp-content\/uploads\/2021\/08\/Pai-Francisco-Paulino-com-a-filha-Ana-Paula-e-a-neta-Polyana-2.jpg 715w, https:\/\/jorgezanoni.com.br\/2019\/wp-content\/uploads\/2021\/08\/Pai-Francisco-Paulino-com-a-filha-Ana-Paula-e-a-neta-Polyana-2-262x300.jpg 262w, https:\/\/jorgezanoni.com.br\/2019\/wp-content\/uploads\/2021\/08\/Pai-Francisco-Paulino-com-a-filha-Ana-Paula-e-a-neta-Polyana-2-696x798.jpg 696w, https:\/\/jorgezanoni.com.br\/2019\/wp-content\/uploads\/2021\/08\/Pai-Francisco-Paulino-com-a-filha-Ana-Paula-e-a-neta-Polyana-2-366x420.jpg 366w\" sizes=\"auto, (max-width: 715px) 100vw, 715px\" \/>Pai Francisco Paulino com a filha Ana Paula e a neta Polyana<\/p>\n<p style=\"text-align: justify;\"><img loading=\"lazy\" decoding=\"async\" class=\"alignnone size-full wp-image-51840\" src=\"https:\/\/jorgezanoni.com.br\/2019\/wp-content\/uploads\/2021\/08\/Pai-Gilberto-com-a-esposa-Elisangela-e-os-filhos-Ronie-Cassia-e-Junior-e-os-netos-Samuel-e-Helena.jpg\" alt=\"\" width=\"1216\" height=\"935\" srcset=\"https:\/\/jorgezanoni.com.br\/2019\/wp-content\/uploads\/2021\/08\/Pai-Gilberto-com-a-esposa-Elisangela-e-os-filhos-Ronie-Cassia-e-Junior-e-os-netos-Samuel-e-Helena.jpg 1216w, https:\/\/jorgezanoni.com.br\/2019\/wp-content\/uploads\/2021\/08\/Pai-Gilberto-com-a-esposa-Elisangela-e-os-filhos-Ronie-Cassia-e-Junior-e-os-netos-Samuel-e-Helena-300x231.jpg 300w, https:\/\/jorgezanoni.com.br\/2019\/wp-content\/uploads\/2021\/08\/Pai-Gilberto-com-a-esposa-Elisangela-e-os-filhos-Ronie-Cassia-e-Junior-e-os-netos-Samuel-e-Helena-1024x787.jpg 1024w, https:\/\/jorgezanoni.com.br\/2019\/wp-content\/uploads\/2021\/08\/Pai-Gilberto-com-a-esposa-Elisangela-e-os-filhos-Ronie-Cassia-e-Junior-e-os-netos-Samuel-e-Helena-768x591.jpg 768w, https:\/\/jorgezanoni.com.br\/2019\/wp-content\/uploads\/2021\/08\/Pai-Gilberto-com-a-esposa-Elisangela-e-os-filhos-Ronie-Cassia-e-Junior-e-os-netos-Samuel-e-Helena-696x535.jpg 696w, https:\/\/jorgezanoni.com.br\/2019\/wp-content\/uploads\/2021\/08\/Pai-Gilberto-com-a-esposa-Elisangela-e-os-filhos-Ronie-Cassia-e-Junior-e-os-netos-Samuel-e-Helena-1068x821.jpg 1068w, https:\/\/jorgezanoni.com.br\/2019\/wp-content\/uploads\/2021\/08\/Pai-Gilberto-com-a-esposa-Elisangela-e-os-filhos-Ronie-Cassia-e-Junior-e-os-netos-Samuel-e-Helena-546x420.jpg 546w\" sizes=\"auto, (max-width: 1216px) 100vw, 1216px\" \/>Pai Gilberto com a esposa Elisangela e os filhos Ronie, C\u00e1ssia e J\u00fanior e os netos Samuel e Helena<\/p>\n<p><img loading=\"lazy\" decoding=\"async\" class=\"alignnone size-full wp-image-51841\" src=\"https:\/\/jorgezanoni.com.br\/2019\/wp-content\/uploads\/2021\/08\/Pai-Gilberto-Goncalves-Mendes-e-esposa-Elisangela-com-os-filhos-Junior-e-Cassia-2.jpg\" alt=\"\" width=\"1103\" height=\"560\" srcset=\"https:\/\/jorgezanoni.com.br\/2019\/wp-content\/uploads\/2021\/08\/Pai-Gilberto-Goncalves-Mendes-e-esposa-Elisangela-com-os-filhos-Junior-e-Cassia-2.jpg 1103w, https:\/\/jorgezanoni.com.br\/2019\/wp-content\/uploads\/2021\/08\/Pai-Gilberto-Goncalves-Mendes-e-esposa-Elisangela-com-os-filhos-Junior-e-Cassia-2-300x152.jpg 300w, https:\/\/jorgezanoni.com.br\/2019\/wp-content\/uploads\/2021\/08\/Pai-Gilberto-Goncalves-Mendes-e-esposa-Elisangela-com-os-filhos-Junior-e-Cassia-2-1024x520.jpg 1024w, https:\/\/jorgezanoni.com.br\/2019\/wp-content\/uploads\/2021\/08\/Pai-Gilberto-Goncalves-Mendes-e-esposa-Elisangela-com-os-filhos-Junior-e-Cassia-2-768x390.jpg 768w, https:\/\/jorgezanoni.com.br\/2019\/wp-content\/uploads\/2021\/08\/Pai-Gilberto-Goncalves-Mendes-e-esposa-Elisangela-com-os-filhos-Junior-e-Cassia-2-696x353.jpg 696w, https:\/\/jorgezanoni.com.br\/2019\/wp-content\/uploads\/2021\/08\/Pai-Gilberto-Goncalves-Mendes-e-esposa-Elisangela-com-os-filhos-Junior-e-Cassia-2-1068x542.jpg 1068w, https:\/\/jorgezanoni.com.br\/2019\/wp-content\/uploads\/2021\/08\/Pai-Gilberto-Goncalves-Mendes-e-esposa-Elisangela-com-os-filhos-Junior-e-Cassia-2-827x420.jpg 827w\" sizes=\"auto, (max-width: 1103px) 100vw, 1103px\" \/>Pai Gilberto Gon\u00e7alves Mendes e esposa Elis\u00e2ngela com os filhos J\u00fanior e C\u00e1ssia<\/p>\n<p><img loading=\"lazy\" decoding=\"async\" class=\"alignnone size-full wp-image-51842\" src=\"https:\/\/jorgezanoni.com.br\/2019\/wp-content\/uploads\/2021\/08\/Pai-Guilherme-Henrique-Garcia-Cardoso-e-o-filho-Nicolas-Ceni-Brianez-Cardoso.jpg\" alt=\"\" width=\"960\" height=\"1280\" srcset=\"https:\/\/jorgezanoni.com.br\/2019\/wp-content\/uploads\/2021\/08\/Pai-Guilherme-Henrique-Garcia-Cardoso-e-o-filho-Nicolas-Ceni-Brianez-Cardoso.jpg 960w, https:\/\/jorgezanoni.com.br\/2019\/wp-content\/uploads\/2021\/08\/Pai-Guilherme-Henrique-Garcia-Cardoso-e-o-filho-Nicolas-Ceni-Brianez-Cardoso-225x300.jpg 225w, https:\/\/jorgezanoni.com.br\/2019\/wp-content\/uploads\/2021\/08\/Pai-Guilherme-Henrique-Garcia-Cardoso-e-o-filho-Nicolas-Ceni-Brianez-Cardoso-768x1024.jpg 768w, https:\/\/jorgezanoni.com.br\/2019\/wp-content\/uploads\/2021\/08\/Pai-Guilherme-Henrique-Garcia-Cardoso-e-o-filho-Nicolas-Ceni-Brianez-Cardoso-696x928.jpg 696w, https:\/\/jorgezanoni.com.br\/2019\/wp-content\/uploads\/2021\/08\/Pai-Guilherme-Henrique-Garcia-Cardoso-e-o-filho-Nicolas-Ceni-Brianez-Cardoso-315x420.jpg 315w\" sizes=\"auto, (max-width: 960px) 100vw, 960px\" \/>Pai Guilherme Henrique Garcia Cardoso e o filho Nicolas Ceni Brianez Cardoso<\/p>\n<p><img loading=\"lazy\" decoding=\"async\" class=\"alignnone size-full wp-image-51843\" src=\"https:\/\/jorgezanoni.com.br\/2019\/wp-content\/uploads\/2021\/08\/Pai-Haruo-Kakamoto-e-a-esposa-Eliza-Souza-com-os-filhos-Aghata-Gabriel-e-Alanna.jpg\" alt=\"\" width=\"720\" height=\"540\" srcset=\"https:\/\/jorgezanoni.com.br\/2019\/wp-content\/uploads\/2021\/08\/Pai-Haruo-Kakamoto-e-a-esposa-Eliza-Souza-com-os-filhos-Aghata-Gabriel-e-Alanna.jpg 720w, https:\/\/jorgezanoni.com.br\/2019\/wp-content\/uploads\/2021\/08\/Pai-Haruo-Kakamoto-e-a-esposa-Eliza-Souza-com-os-filhos-Aghata-Gabriel-e-Alanna-300x225.jpg 300w, https:\/\/jorgezanoni.com.br\/2019\/wp-content\/uploads\/2021\/08\/Pai-Haruo-Kakamoto-e-a-esposa-Eliza-Souza-com-os-filhos-Aghata-Gabriel-e-Alanna-80x60.jpg 80w, https:\/\/jorgezanoni.com.br\/2019\/wp-content\/uploads\/2021\/08\/Pai-Haruo-Kakamoto-e-a-esposa-Eliza-Souza-com-os-filhos-Aghata-Gabriel-e-Alanna-265x198.jpg 265w, https:\/\/jorgezanoni.com.br\/2019\/wp-content\/uploads\/2021\/08\/Pai-Haruo-Kakamoto-e-a-esposa-Eliza-Souza-com-os-filhos-Aghata-Gabriel-e-Alanna-696x522.jpg 696w, https:\/\/jorgezanoni.com.br\/2019\/wp-content\/uploads\/2021\/08\/Pai-Haruo-Kakamoto-e-a-esposa-Eliza-Souza-com-os-filhos-Aghata-Gabriel-e-Alanna-560x420.jpg 560w\" sizes=\"auto, (max-width: 720px) 100vw, 720px\" \/>Pai Haruo Kakamoto e a esposa Eliza Souza com os filhos Aghata, Gabriel e Alanna<\/p>\n<p><img loading=\"lazy\" decoding=\"async\" class=\"alignnone size-full wp-image-51844\" src=\"https:\/\/jorgezanoni.com.br\/2019\/wp-content\/uploads\/2021\/08\/Pai-Jacinto-Luiz-Perna-Miola-e-a-filha-Mariana-Falcao-Miola-2.jpg\" alt=\"\" width=\"972\" height=\"1047\" srcset=\"https:\/\/jorgezanoni.com.br\/2019\/wp-content\/uploads\/2021\/08\/Pai-Jacinto-Luiz-Perna-Miola-e-a-filha-Mariana-Falcao-Miola-2.jpg 972w, https:\/\/jorgezanoni.com.br\/2019\/wp-content\/uploads\/2021\/08\/Pai-Jacinto-Luiz-Perna-Miola-e-a-filha-Mariana-Falcao-Miola-2-279x300.jpg 279w, https:\/\/jorgezanoni.com.br\/2019\/wp-content\/uploads\/2021\/08\/Pai-Jacinto-Luiz-Perna-Miola-e-a-filha-Mariana-Falcao-Miola-2-951x1024.jpg 951w, https:\/\/jorgezanoni.com.br\/2019\/wp-content\/uploads\/2021\/08\/Pai-Jacinto-Luiz-Perna-Miola-e-a-filha-Mariana-Falcao-Miola-2-768x827.jpg 768w, https:\/\/jorgezanoni.com.br\/2019\/wp-content\/uploads\/2021\/08\/Pai-Jacinto-Luiz-Perna-Miola-e-a-filha-Mariana-Falcao-Miola-2-696x750.jpg 696w, https:\/\/jorgezanoni.com.br\/2019\/wp-content\/uploads\/2021\/08\/Pai-Jacinto-Luiz-Perna-Miola-e-a-filha-Mariana-Falcao-Miola-2-390x420.jpg 390w\" sizes=\"auto, (max-width: 972px) 100vw, 972px\" \/>Pai Jacinto Luiz Perna Miola e a filha Mariana Falc\u00e3o Miola<\/p>\n<p style=\"text-align: justify;\"><img loading=\"lazy\" decoding=\"async\" class=\"alignnone size-full wp-image-51845\" src=\"https:\/\/jorgezanoni.com.br\/2019\/wp-content\/uploads\/2021\/08\/Pai-Jacyr-da-Silva-Costa-In-memoria-2.jpg\" alt=\"\" width=\"547\" height=\"839\" srcset=\"https:\/\/jorgezanoni.com.br\/2019\/wp-content\/uploads\/2021\/08\/Pai-Jacyr-da-Silva-Costa-In-memoria-2.jpg 547w, https:\/\/jorgezanoni.com.br\/2019\/wp-content\/uploads\/2021\/08\/Pai-Jacyr-da-Silva-Costa-In-memoria-2-196x300.jpg 196w, https:\/\/jorgezanoni.com.br\/2019\/wp-content\/uploads\/2021\/08\/Pai-Jacyr-da-Silva-Costa-In-memoria-2-274x420.jpg 274w\" sizes=\"auto, (max-width: 547px) 100vw, 547px\" \/>Pai Jacyr da Silva Costa (In mem\u00f3ria)<\/p>\n<p><img loading=\"lazy\" decoding=\"async\" class=\"alignnone size-full wp-image-51846\" src=\"https:\/\/jorgezanoni.com.br\/2019\/wp-content\/uploads\/2021\/08\/Pai-Jaime-Franco-In-memoria-e-o-filho-Joao-Rafael-Aguiar-Franco-2.jpg\" alt=\"\" width=\"811\" height=\"700\" srcset=\"https:\/\/jorgezanoni.com.br\/2019\/wp-content\/uploads\/2021\/08\/Pai-Jaime-Franco-In-memoria-e-o-filho-Joao-Rafael-Aguiar-Franco-2.jpg 811w, https:\/\/jorgezanoni.com.br\/2019\/wp-content\/uploads\/2021\/08\/Pai-Jaime-Franco-In-memoria-e-o-filho-Joao-Rafael-Aguiar-Franco-2-300x259.jpg 300w, https:\/\/jorgezanoni.com.br\/2019\/wp-content\/uploads\/2021\/08\/Pai-Jaime-Franco-In-memoria-e-o-filho-Joao-Rafael-Aguiar-Franco-2-768x663.jpg 768w, https:\/\/jorgezanoni.com.br\/2019\/wp-content\/uploads\/2021\/08\/Pai-Jaime-Franco-In-memoria-e-o-filho-Joao-Rafael-Aguiar-Franco-2-534x462.jpg 534w, https:\/\/jorgezanoni.com.br\/2019\/wp-content\/uploads\/2021\/08\/Pai-Jaime-Franco-In-memoria-e-o-filho-Joao-Rafael-Aguiar-Franco-2-696x601.jpg 696w, https:\/\/jorgezanoni.com.br\/2019\/wp-content\/uploads\/2021\/08\/Pai-Jaime-Franco-In-memoria-e-o-filho-Joao-Rafael-Aguiar-Franco-2-487x420.jpg 487w\" sizes=\"auto, (max-width: 811px) 100vw, 811px\" \/>Pai Jaime Franco (In mem\u00f3ria) e o filho Jo\u00e3o Rafael Aguiar Franco<\/p>\n<p style=\"text-align: justify;\"><img loading=\"lazy\" decoding=\"async\" class=\"alignnone size-full wp-image-51847\" src=\"https:\/\/jorgezanoni.com.br\/2019\/wp-content\/uploads\/2021\/08\/Pai-Jamil-Racaneli-e-esposa-Ieda-com-os-flhos-Rhuan-Favaro-Racaneli-Karen-Favaro-Racaneli-e-Bianca-Favaro-Racaneli-2.jpg\" alt=\"\" width=\"1351\" height=\"943\" srcset=\"https:\/\/jorgezanoni.com.br\/2019\/wp-content\/uploads\/2021\/08\/Pai-Jamil-Racaneli-e-esposa-Ieda-com-os-flhos-Rhuan-Favaro-Racaneli-Karen-Favaro-Racaneli-e-Bianca-Favaro-Racaneli-2.jpg 1351w, https:\/\/jorgezanoni.com.br\/2019\/wp-content\/uploads\/2021\/08\/Pai-Jamil-Racaneli-e-esposa-Ieda-com-os-flhos-Rhuan-Favaro-Racaneli-Karen-Favaro-Racaneli-e-Bianca-Favaro-Racaneli-2-300x209.jpg 300w, https:\/\/jorgezanoni.com.br\/2019\/wp-content\/uploads\/2021\/08\/Pai-Jamil-Racaneli-e-esposa-Ieda-com-os-flhos-Rhuan-Favaro-Racaneli-Karen-Favaro-Racaneli-e-Bianca-Favaro-Racaneli-2-1024x715.jpg 1024w, https:\/\/jorgezanoni.com.br\/2019\/wp-content\/uploads\/2021\/08\/Pai-Jamil-Racaneli-e-esposa-Ieda-com-os-flhos-Rhuan-Favaro-Racaneli-Karen-Favaro-Racaneli-e-Bianca-Favaro-Racaneli-2-768x536.jpg 768w, https:\/\/jorgezanoni.com.br\/2019\/wp-content\/uploads\/2021\/08\/Pai-Jamil-Racaneli-e-esposa-Ieda-com-os-flhos-Rhuan-Favaro-Racaneli-Karen-Favaro-Racaneli-e-Bianca-Favaro-Racaneli-2-100x70.jpg 100w, https:\/\/jorgezanoni.com.br\/2019\/wp-content\/uploads\/2021\/08\/Pai-Jamil-Racaneli-e-esposa-Ieda-com-os-flhos-Rhuan-Favaro-Racaneli-Karen-Favaro-Racaneli-e-Bianca-Favaro-Racaneli-2-696x486.jpg 696w, https:\/\/jorgezanoni.com.br\/2019\/wp-content\/uploads\/2021\/08\/Pai-Jamil-Racaneli-e-esposa-Ieda-com-os-flhos-Rhuan-Favaro-Racaneli-Karen-Favaro-Racaneli-e-Bianca-Favaro-Racaneli-2-1068x745.jpg 1068w, https:\/\/jorgezanoni.com.br\/2019\/wp-content\/uploads\/2021\/08\/Pai-Jamil-Racaneli-e-esposa-Ieda-com-os-flhos-Rhuan-Favaro-Racaneli-Karen-Favaro-Racaneli-e-Bianca-Favaro-Racaneli-2-602x420.jpg 602w\" sizes=\"auto, (max-width: 1351px) 100vw, 1351px\" \/>Pai Jamil Racaneli e esposa Ieda com os flhos Rhuan F\u00e1varo Racaneli, Karen F\u00e1varo Racaneli e Bianca F\u00e1varo Racaneli<\/p>\n<p style=\"text-align: justify;\"><img loading=\"lazy\" decoding=\"async\" class=\"alignnone size-full wp-image-51848\" src=\"https:\/\/jorgezanoni.com.br\/2019\/wp-content\/uploads\/2021\/08\/Pai-Joao-Augusto-Bianchini-e-os-filhos-Samuel-Augusto-Bianchini-e-Joao-Gabriel-Bianchini-2.jpg\" alt=\"\" width=\"716\" height=\"1071\" srcset=\"https:\/\/jorgezanoni.com.br\/2019\/wp-content\/uploads\/2021\/08\/Pai-Joao-Augusto-Bianchini-e-os-filhos-Samuel-Augusto-Bianchini-e-Joao-Gabriel-Bianchini-2.jpg 716w, https:\/\/jorgezanoni.com.br\/2019\/wp-content\/uploads\/2021\/08\/Pai-Joao-Augusto-Bianchini-e-os-filhos-Samuel-Augusto-Bianchini-e-Joao-Gabriel-Bianchini-2-201x300.jpg 201w, https:\/\/jorgezanoni.com.br\/2019\/wp-content\/uploads\/2021\/08\/Pai-Joao-Augusto-Bianchini-e-os-filhos-Samuel-Augusto-Bianchini-e-Joao-Gabriel-Bianchini-2-685x1024.jpg 685w, https:\/\/jorgezanoni.com.br\/2019\/wp-content\/uploads\/2021\/08\/Pai-Joao-Augusto-Bianchini-e-os-filhos-Samuel-Augusto-Bianchini-e-Joao-Gabriel-Bianchini-2-696x1041.jpg 696w, https:\/\/jorgezanoni.com.br\/2019\/wp-content\/uploads\/2021\/08\/Pai-Joao-Augusto-Bianchini-e-os-filhos-Samuel-Augusto-Bianchini-e-Joao-Gabriel-Bianchini-2-281x420.jpg 281w\" sizes=\"auto, (max-width: 716px) 100vw, 716px\" \/>Pai Jo\u00e3o Augusto Bianchini e os filhos Samuel Augusto Bianchini e Jo\u00e3o Gabriel Bianchini<\/p>\n<p><img loading=\"lazy\" decoding=\"async\" class=\"alignnone size-full wp-image-51849\" src=\"https:\/\/jorgezanoni.com.br\/2019\/wp-content\/uploads\/2021\/08\/Pai-Jonatan-Santos-e-os-filhos-Eduarda-e-Miguel-2.jpg\" alt=\"\" width=\"714\" height=\"1189\" srcset=\"https:\/\/jorgezanoni.com.br\/2019\/wp-content\/uploads\/2021\/08\/Pai-Jonatan-Santos-e-os-filhos-Eduarda-e-Miguel-2.jpg 714w, https:\/\/jorgezanoni.com.br\/2019\/wp-content\/uploads\/2021\/08\/Pai-Jonatan-Santos-e-os-filhos-Eduarda-e-Miguel-2-180x300.jpg 180w, https:\/\/jorgezanoni.com.br\/2019\/wp-content\/uploads\/2021\/08\/Pai-Jonatan-Santos-e-os-filhos-Eduarda-e-Miguel-2-615x1024.jpg 615w, https:\/\/jorgezanoni.com.br\/2019\/wp-content\/uploads\/2021\/08\/Pai-Jonatan-Santos-e-os-filhos-Eduarda-e-Miguel-2-696x1159.jpg 696w, https:\/\/jorgezanoni.com.br\/2019\/wp-content\/uploads\/2021\/08\/Pai-Jonatan-Santos-e-os-filhos-Eduarda-e-Miguel-2-252x420.jpg 252w\" sizes=\"auto, (max-width: 714px) 100vw, 714px\" \/>Pai Jonatan Santos e os filhos Eduarda e Miguel<\/p>\n<p style=\"text-align: justify;\"><img loading=\"lazy\" decoding=\"async\" class=\"alignnone size-full wp-image-51850\" src=\"https:\/\/jorgezanoni.com.br\/2019\/wp-content\/uploads\/2021\/08\/Pai-Jorge-Braz-Jordao-e-as-filhas-Paloma-Bras-e-Josimare-Braz-2.jpg\" alt=\"\" width=\"504\" height=\"399\" srcset=\"https:\/\/jorgezanoni.com.br\/2019\/wp-content\/uploads\/2021\/08\/Pai-Jorge-Braz-Jordao-e-as-filhas-Paloma-Bras-e-Josimare-Braz-2.jpg 504w, https:\/\/jorgezanoni.com.br\/2019\/wp-content\/uploads\/2021\/08\/Pai-Jorge-Braz-Jordao-e-as-filhas-Paloma-Bras-e-Josimare-Braz-2-300x238.jpg 300w\" sizes=\"auto, (max-width: 504px) 100vw, 504px\" \/>Pai Jorge Braz Jord\u00e3o e as filhas Paloma Bras e Josimare Braz<\/p>\n<p><img loading=\"lazy\" decoding=\"async\" class=\"alignnone size-full wp-image-51924\" src=\"https:\/\/jorgezanoni.com.br\/2019\/wp-content\/uploads\/2021\/08\/Pai-Jorge-Henrique-Zanoni-e-a-filha-Manuella.jpg\" alt=\"\" width=\"1440\" height=\"1440\" srcset=\"https:\/\/jorgezanoni.com.br\/2019\/wp-content\/uploads\/2021\/08\/Pai-Jorge-Henrique-Zanoni-e-a-filha-Manuella.jpg 1440w, https:\/\/jorgezanoni.com.br\/2019\/wp-content\/uploads\/2021\/08\/Pai-Jorge-Henrique-Zanoni-e-a-filha-Manuella-300x300.jpg 300w, https:\/\/jorgezanoni.com.br\/2019\/wp-content\/uploads\/2021\/08\/Pai-Jorge-Henrique-Zanoni-e-a-filha-Manuella-1024x1024.jpg 1024w, https:\/\/jorgezanoni.com.br\/2019\/wp-content\/uploads\/2021\/08\/Pai-Jorge-Henrique-Zanoni-e-a-filha-Manuella-150x150.jpg 150w, https:\/\/jorgezanoni.com.br\/2019\/wp-content\/uploads\/2021\/08\/Pai-Jorge-Henrique-Zanoni-e-a-filha-Manuella-768x768.jpg 768w, https:\/\/jorgezanoni.com.br\/2019\/wp-content\/uploads\/2021\/08\/Pai-Jorge-Henrique-Zanoni-e-a-filha-Manuella-696x696.jpg 696w, https:\/\/jorgezanoni.com.br\/2019\/wp-content\/uploads\/2021\/08\/Pai-Jorge-Henrique-Zanoni-e-a-filha-Manuella-1068x1068.jpg 1068w, https:\/\/jorgezanoni.com.br\/2019\/wp-content\/uploads\/2021\/08\/Pai-Jorge-Henrique-Zanoni-e-a-filha-Manuella-420x420.jpg 420w\" sizes=\"auto, (max-width: 1440px) 100vw, 1440px\" \/>Pai Jorge Henrique C. Zanoni e a filha Manuella<\/p>\n<p><img loading=\"lazy\" decoding=\"async\" class=\"alignnone size-full wp-image-51925\" src=\"https:\/\/jorgezanoni.com.br\/2019\/wp-content\/uploads\/2021\/08\/Pai-Jorge-Luiz-Zanoni-e-o-filho-Jorge-Henrique.jpg\" alt=\"\" width=\"900\" height=\"718\" srcset=\"https:\/\/jorgezanoni.com.br\/2019\/wp-content\/uploads\/2021\/08\/Pai-Jorge-Luiz-Zanoni-e-o-filho-Jorge-Henrique.jpg 900w, https:\/\/jorgezanoni.com.br\/2019\/wp-content\/uploads\/2021\/08\/Pai-Jorge-Luiz-Zanoni-e-o-filho-Jorge-Henrique-300x239.jpg 300w, https:\/\/jorgezanoni.com.br\/2019\/wp-content\/uploads\/2021\/08\/Pai-Jorge-Luiz-Zanoni-e-o-filho-Jorge-Henrique-768x613.jpg 768w, https:\/\/jorgezanoni.com.br\/2019\/wp-content\/uploads\/2021\/08\/Pai-Jorge-Luiz-Zanoni-e-o-filho-Jorge-Henrique-696x555.jpg 696w, https:\/\/jorgezanoni.com.br\/2019\/wp-content\/uploads\/2021\/08\/Pai-Jorge-Luiz-Zanoni-e-o-filho-Jorge-Henrique-526x420.jpg 526w\" sizes=\"auto, (max-width: 900px) 100vw, 900px\" \/>Pai Jorge Luiz Zanoni e o filho Jorge Henrique<\/p>\n<p><img loading=\"lazy\" decoding=\"async\" class=\"alignnone size-full wp-image-51851\" src=\"https:\/\/jorgezanoni.com.br\/2019\/wp-content\/uploads\/2021\/08\/Pai-Jorge-Luiz-P.-Costa-2.jpg\" alt=\"\" width=\"400\" height=\"860\" srcset=\"https:\/\/jorgezanoni.com.br\/2019\/wp-content\/uploads\/2021\/08\/Pai-Jorge-Luiz-P.-Costa-2.jpg 400w, https:\/\/jorgezanoni.com.br\/2019\/wp-content\/uploads\/2021\/08\/Pai-Jorge-Luiz-P.-Costa-2-140x300.jpg 140w, https:\/\/jorgezanoni.com.br\/2019\/wp-content\/uploads\/2021\/08\/Pai-Jorge-Luiz-P.-Costa-2-195x420.jpg 195w\" sizes=\"auto, (max-width: 400px) 100vw, 400px\" \/>Pai Jorge Luiz P. Costa<\/p>\n<p style=\"text-align: justify;\"><img loading=\"lazy\" decoding=\"async\" class=\"alignnone size-full wp-image-51852\" src=\"https:\/\/jorgezanoni.com.br\/2019\/wp-content\/uploads\/2021\/08\/Pai-Jose-Antonio-Messias-de-Almeida-e-esposa-Juliana-Ricardo-Mussato-com-os-filhos-Arthur-Mussato-de-Almeida-e-Andrei-Mussato-de-Almeida-2.jpg\" alt=\"\" width=\"1053\" height=\"1161\" srcset=\"https:\/\/jorgezanoni.com.br\/2019\/wp-content\/uploads\/2021\/08\/Pai-Jose-Antonio-Messias-de-Almeida-e-esposa-Juliana-Ricardo-Mussato-com-os-filhos-Arthur-Mussato-de-Almeida-e-Andrei-Mussato-de-Almeida-2.jpg 1053w, https:\/\/jorgezanoni.com.br\/2019\/wp-content\/uploads\/2021\/08\/Pai-Jose-Antonio-Messias-de-Almeida-e-esposa-Juliana-Ricardo-Mussato-com-os-filhos-Arthur-Mussato-de-Almeida-e-Andrei-Mussato-de-Almeida-2-272x300.jpg 272w, https:\/\/jorgezanoni.com.br\/2019\/wp-content\/uploads\/2021\/08\/Pai-Jose-Antonio-Messias-de-Almeida-e-esposa-Juliana-Ricardo-Mussato-com-os-filhos-Arthur-Mussato-de-Almeida-e-Andrei-Mussato-de-Almeida-2-929x1024.jpg 929w, https:\/\/jorgezanoni.com.br\/2019\/wp-content\/uploads\/2021\/08\/Pai-Jose-Antonio-Messias-de-Almeida-e-esposa-Juliana-Ricardo-Mussato-com-os-filhos-Arthur-Mussato-de-Almeida-e-Andrei-Mussato-de-Almeida-2-768x847.jpg 768w, https:\/\/jorgezanoni.com.br\/2019\/wp-content\/uploads\/2021\/08\/Pai-Jose-Antonio-Messias-de-Almeida-e-esposa-Juliana-Ricardo-Mussato-com-os-filhos-Arthur-Mussato-de-Almeida-e-Andrei-Mussato-de-Almeida-2-696x767.jpg 696w, https:\/\/jorgezanoni.com.br\/2019\/wp-content\/uploads\/2021\/08\/Pai-Jose-Antonio-Messias-de-Almeida-e-esposa-Juliana-Ricardo-Mussato-com-os-filhos-Arthur-Mussato-de-Almeida-e-Andrei-Mussato-de-Almeida-2-381x420.jpg 381w\" sizes=\"auto, (max-width: 1053px) 100vw, 1053px\" \/>Pai Jos\u00e9 Ant\u00f4nio Messias de Almeida e esposa Juliana Ricardo Mussato com os filhos Arthur Mussato de Almeida e Andrei Mussato de Almeida<\/p>\n<p style=\"text-align: justify;\"><img loading=\"lazy\" decoding=\"async\" class=\"alignnone size-full wp-image-51853\" src=\"https:\/\/jorgezanoni.com.br\/2019\/wp-content\/uploads\/2021\/08\/Pai-Jose-Antunes-David-e-a-filha-Claudineia-Alves-David-2.jpg\" alt=\"\" width=\"507\" height=\"387\" srcset=\"https:\/\/jorgezanoni.com.br\/2019\/wp-content\/uploads\/2021\/08\/Pai-Jose-Antunes-David-e-a-filha-Claudineia-Alves-David-2.jpg 507w, https:\/\/jorgezanoni.com.br\/2019\/wp-content\/uploads\/2021\/08\/Pai-Jose-Antunes-David-e-a-filha-Claudineia-Alves-David-2-300x229.jpg 300w, https:\/\/jorgezanoni.com.br\/2019\/wp-content\/uploads\/2021\/08\/Pai-Jose-Antunes-David-e-a-filha-Claudineia-Alves-David-2-80x60.jpg 80w\" sizes=\"auto, (max-width: 507px) 100vw, 507px\" \/>Pai Jos\u00e9 Antunes David e a filha Claudineia Alves David<\/p>\n<p style=\"text-align: justify;\"><img loading=\"lazy\" decoding=\"async\" class=\"alignnone size-full wp-image-51854\" src=\"https:\/\/jorgezanoni.com.br\/2019\/wp-content\/uploads\/2021\/08\/Pai-Jose-Augusto-Pereira-de-Souza-homenagem-dos-enteados-Fabio-Willian-e-Fabiana-Aline-2.jpg\" alt=\"\" width=\"547\" height=\"955\" srcset=\"https:\/\/jorgezanoni.com.br\/2019\/wp-content\/uploads\/2021\/08\/Pai-Jose-Augusto-Pereira-de-Souza-homenagem-dos-enteados-Fabio-Willian-e-Fabiana-Aline-2.jpg 547w, https:\/\/jorgezanoni.com.br\/2019\/wp-content\/uploads\/2021\/08\/Pai-Jose-Augusto-Pereira-de-Souza-homenagem-dos-enteados-Fabio-Willian-e-Fabiana-Aline-2-172x300.jpg 172w, https:\/\/jorgezanoni.com.br\/2019\/wp-content\/uploads\/2021\/08\/Pai-Jose-Augusto-Pereira-de-Souza-homenagem-dos-enteados-Fabio-Willian-e-Fabiana-Aline-2-241x420.jpg 241w\" sizes=\"auto, (max-width: 547px) 100vw, 547px\" \/>Pai Jos\u00e9 Augusto Pereira de Souza homenagem dos enteados F\u00e1bio Willian e Fabiana Aline<\/p>\n<p><img loading=\"lazy\" decoding=\"async\" class=\"alignnone size-full wp-image-51855\" src=\"https:\/\/jorgezanoni.com.br\/2019\/wp-content\/uploads\/2021\/08\/Pai-Jose-Barreto-esposa-Nilcea-Barreto-e-o-filho-Rodrigo-Barreto.jpg\" alt=\"\" width=\"720\" height=\"720\" srcset=\"https:\/\/jorgezanoni.com.br\/2019\/wp-content\/uploads\/2021\/08\/Pai-Jose-Barreto-esposa-Nilcea-Barreto-e-o-filho-Rodrigo-Barreto.jpg 720w, https:\/\/jorgezanoni.com.br\/2019\/wp-content\/uploads\/2021\/08\/Pai-Jose-Barreto-esposa-Nilcea-Barreto-e-o-filho-Rodrigo-Barreto-300x300.jpg 300w, https:\/\/jorgezanoni.com.br\/2019\/wp-content\/uploads\/2021\/08\/Pai-Jose-Barreto-esposa-Nilcea-Barreto-e-o-filho-Rodrigo-Barreto-150x150.jpg 150w, https:\/\/jorgezanoni.com.br\/2019\/wp-content\/uploads\/2021\/08\/Pai-Jose-Barreto-esposa-Nilcea-Barreto-e-o-filho-Rodrigo-Barreto-696x696.jpg 696w, https:\/\/jorgezanoni.com.br\/2019\/wp-content\/uploads\/2021\/08\/Pai-Jose-Barreto-esposa-Nilcea-Barreto-e-o-filho-Rodrigo-Barreto-420x420.jpg 420w\" sizes=\"auto, (max-width: 720px) 100vw, 720px\" \/>Pai Jos\u00e9 Barreto, esposa Nilc\u00e9a Barreto e o filho Rodrigo Barreto<\/p>\n<p><img loading=\"lazy\" decoding=\"async\" class=\"alignnone size-full wp-image-51856\" src=\"https:\/\/jorgezanoni.com.br\/2019\/wp-content\/uploads\/2021\/08\/Pai-Jose-de-Sousa-e-filha-Giulia-2.jpg\" alt=\"\" width=\"1064\" height=\"960\" srcset=\"https:\/\/jorgezanoni.com.br\/2019\/wp-content\/uploads\/2021\/08\/Pai-Jose-de-Sousa-e-filha-Giulia-2.jpg 1064w, https:\/\/jorgezanoni.com.br\/2019\/wp-content\/uploads\/2021\/08\/Pai-Jose-de-Sousa-e-filha-Giulia-2-300x271.jpg 300w, https:\/\/jorgezanoni.com.br\/2019\/wp-content\/uploads\/2021\/08\/Pai-Jose-de-Sousa-e-filha-Giulia-2-1024x924.jpg 1024w, https:\/\/jorgezanoni.com.br\/2019\/wp-content\/uploads\/2021\/08\/Pai-Jose-de-Sousa-e-filha-Giulia-2-768x693.jpg 768w, https:\/\/jorgezanoni.com.br\/2019\/wp-content\/uploads\/2021\/08\/Pai-Jose-de-Sousa-e-filha-Giulia-2-696x628.jpg 696w, https:\/\/jorgezanoni.com.br\/2019\/wp-content\/uploads\/2021\/08\/Pai-Jose-de-Sousa-e-filha-Giulia-2-466x420.jpg 466w\" sizes=\"auto, (max-width: 1064px) 100vw, 1064px\" \/>Pai Jos\u00e9 de Sousa e filha Giulia<\/p>\n<p><img loading=\"lazy\" decoding=\"async\" class=\"alignnone size-full wp-image-51857\" src=\"https:\/\/jorgezanoni.com.br\/2019\/wp-content\/uploads\/2021\/08\/Pai-Jose-Eduardo-e-a-filha-Anandha-2.jpg\" alt=\"\" width=\"715\" height=\"1138\" srcset=\"https:\/\/jorgezanoni.com.br\/2019\/wp-content\/uploads\/2021\/08\/Pai-Jose-Eduardo-e-a-filha-Anandha-2.jpg 715w, https:\/\/jorgezanoni.com.br\/2019\/wp-content\/uploads\/2021\/08\/Pai-Jose-Eduardo-e-a-filha-Anandha-2-188x300.jpg 188w, https:\/\/jorgezanoni.com.br\/2019\/wp-content\/uploads\/2021\/08\/Pai-Jose-Eduardo-e-a-filha-Anandha-2-643x1024.jpg 643w, https:\/\/jorgezanoni.com.br\/2019\/wp-content\/uploads\/2021\/08\/Pai-Jose-Eduardo-e-a-filha-Anandha-2-696x1108.jpg 696w, https:\/\/jorgezanoni.com.br\/2019\/wp-content\/uploads\/2021\/08\/Pai-Jose-Eduardo-e-a-filha-Anandha-2-264x420.jpg 264w\" sizes=\"auto, (max-width: 715px) 100vw, 715px\" \/>Pai Jos\u00e9 Eduardo e a filha Anandha<\/p>\n<p style=\"text-align: justify;\"><img loading=\"lazy\" decoding=\"async\" class=\"alignnone size-full wp-image-51858\" src=\"https:\/\/jorgezanoni.com.br\/2019\/wp-content\/uploads\/2021\/08\/Pai-Jose-Feliciano-Lino-de-Oliveira-e-o-filho-Fernando-Cardoso-de-Oliveira-Souza.jpg\" alt=\"\" width=\"480\" height=\"480\" srcset=\"https:\/\/jorgezanoni.com.br\/2019\/wp-content\/uploads\/2021\/08\/Pai-Jose-Feliciano-Lino-de-Oliveira-e-o-filho-Fernando-Cardoso-de-Oliveira-Souza.jpg 480w, https:\/\/jorgezanoni.com.br\/2019\/wp-content\/uploads\/2021\/08\/Pai-Jose-Feliciano-Lino-de-Oliveira-e-o-filho-Fernando-Cardoso-de-Oliveira-Souza-300x300.jpg 300w, https:\/\/jorgezanoni.com.br\/2019\/wp-content\/uploads\/2021\/08\/Pai-Jose-Feliciano-Lino-de-Oliveira-e-o-filho-Fernando-Cardoso-de-Oliveira-Souza-150x150.jpg 150w, https:\/\/jorgezanoni.com.br\/2019\/wp-content\/uploads\/2021\/08\/Pai-Jose-Feliciano-Lino-de-Oliveira-e-o-filho-Fernando-Cardoso-de-Oliveira-Souza-420x420.jpg 420w\" sizes=\"auto, (max-width: 480px) 100vw, 480px\" \/>Pai Jos\u00e9 Feliciano Lino de Oliveira e o filho Fernando Cardoso de Oliveira Souza<\/p>\n<p style=\"text-align: justify;\"><img loading=\"lazy\" decoding=\"async\" class=\"alignnone size-full wp-image-51859\" src=\"https:\/\/jorgezanoni.com.br\/2019\/wp-content\/uploads\/2021\/08\/Pai-Jose-Guedes-homenagem-da-filha-Katia-Aguiar-Franco-2.jpg\" alt=\"\" width=\"497\" height=\"432\" srcset=\"https:\/\/jorgezanoni.com.br\/2019\/wp-content\/uploads\/2021\/08\/Pai-Jose-Guedes-homenagem-da-filha-Katia-Aguiar-Franco-2.jpg 497w, https:\/\/jorgezanoni.com.br\/2019\/wp-content\/uploads\/2021\/08\/Pai-Jose-Guedes-homenagem-da-filha-Katia-Aguiar-Franco-2-300x261.jpg 300w, https:\/\/jorgezanoni.com.br\/2019\/wp-content\/uploads\/2021\/08\/Pai-Jose-Guedes-homenagem-da-filha-Katia-Aguiar-Franco-2-483x420.jpg 483w\" sizes=\"auto, (max-width: 497px) 100vw, 497px\" \/>Pai Jos\u00e9 Guedes (homenagem da filha K\u00e1tia Aguiar Franco)<\/p>\n<p style=\"text-align: justify;\"><img loading=\"lazy\" decoding=\"async\" class=\"alignnone size-full wp-image-51860\" src=\"https:\/\/jorgezanoni.com.br\/2019\/wp-content\/uploads\/2021\/08\/Pai-Jose-Jacom-Carcolares-homenagem-dos-filhos-Filhos-Maria-Gisele-e-Roberto-2.jpg\" alt=\"\" width=\"533\" height=\"1037\" srcset=\"https:\/\/jorgezanoni.com.br\/2019\/wp-content\/uploads\/2021\/08\/Pai-Jose-Jacom-Carcolares-homenagem-dos-filhos-Filhos-Maria-Gisele-e-Roberto-2.jpg 533w, https:\/\/jorgezanoni.com.br\/2019\/wp-content\/uploads\/2021\/08\/Pai-Jose-Jacom-Carcolares-homenagem-dos-filhos-Filhos-Maria-Gisele-e-Roberto-2-154x300.jpg 154w, https:\/\/jorgezanoni.com.br\/2019\/wp-content\/uploads\/2021\/08\/Pai-Jose-Jacom-Carcolares-homenagem-dos-filhos-Filhos-Maria-Gisele-e-Roberto-2-526x1024.jpg 526w, https:\/\/jorgezanoni.com.br\/2019\/wp-content\/uploads\/2021\/08\/Pai-Jose-Jacom-Carcolares-homenagem-dos-filhos-Filhos-Maria-Gisele-e-Roberto-2-216x420.jpg 216w\" sizes=\"auto, (max-width: 533px) 100vw, 533px\" \/>Pai Jos\u00e9 J\u00e1com Carcolares, homenagem dos filhos Maria, Gisele e Roberto<\/p>\n<p style=\"text-align: justify;\"><img loading=\"lazy\" decoding=\"async\" class=\"alignnone size-full wp-image-51861\" src=\"https:\/\/jorgezanoni.com.br\/2019\/wp-content\/uploads\/2021\/08\/Pai-Jovino-Moreira-de-Freitas-Vino-In-Memoria-com-o-neto-Hector-Brasil-Cardoso-de-Freitas-2.jpg\" alt=\"\" width=\"387\" height=\"331\" srcset=\"https:\/\/jorgezanoni.com.br\/2019\/wp-content\/uploads\/2021\/08\/Pai-Jovino-Moreira-de-Freitas-Vino-In-Memoria-com-o-neto-Hector-Brasil-Cardoso-de-Freitas-2.jpg 387w, https:\/\/jorgezanoni.com.br\/2019\/wp-content\/uploads\/2021\/08\/Pai-Jovino-Moreira-de-Freitas-Vino-In-Memoria-com-o-neto-Hector-Brasil-Cardoso-de-Freitas-2-300x257.jpg 300w\" sizes=\"auto, (max-width: 387px) 100vw, 387px\" \/>Pai Jovino Moreira de Freitas (Vino) (In Mem\u00f3ria com o neto Hector Brasil Cardoso de Freitas<\/p>\n<p><img loading=\"lazy\" decoding=\"async\" class=\"alignnone size-full wp-image-51862\" src=\"https:\/\/jorgezanoni.com.br\/2019\/wp-content\/uploads\/2021\/08\/Pai-Juarez-Tenorio-de-Albuquerque-2.jpg\" alt=\"\" width=\"709\" height=\"950\" srcset=\"https:\/\/jorgezanoni.com.br\/2019\/wp-content\/uploads\/2021\/08\/Pai-Juarez-Tenorio-de-Albuquerque-2.jpg 709w, https:\/\/jorgezanoni.com.br\/2019\/wp-content\/uploads\/2021\/08\/Pai-Juarez-Tenorio-de-Albuquerque-2-224x300.jpg 224w, https:\/\/jorgezanoni.com.br\/2019\/wp-content\/uploads\/2021\/08\/Pai-Juarez-Tenorio-de-Albuquerque-2-696x933.jpg 696w, https:\/\/jorgezanoni.com.br\/2019\/wp-content\/uploads\/2021\/08\/Pai-Juarez-Tenorio-de-Albuquerque-2-313x420.jpg 313w\" sizes=\"auto, (max-width: 709px) 100vw, 709px\" \/>Pai Juarez Ten\u00f3rio de Albuquerque<\/p>\n<p style=\"text-align: justify;\"><img loading=\"lazy\" decoding=\"async\" class=\"alignnone size-full wp-image-51863\" src=\"https:\/\/jorgezanoni.com.br\/2019\/wp-content\/uploads\/2021\/08\/Pai-Juraci-Novaes-de-Almeida-2.jpg\" alt=\"\" width=\"479\" height=\"753\" srcset=\"https:\/\/jorgezanoni.com.br\/2019\/wp-content\/uploads\/2021\/08\/Pai-Juraci-Novaes-de-Almeida-2.jpg 479w, https:\/\/jorgezanoni.com.br\/2019\/wp-content\/uploads\/2021\/08\/Pai-Juraci-Novaes-de-Almeida-2-191x300.jpg 191w, https:\/\/jorgezanoni.com.br\/2019\/wp-content\/uploads\/2021\/08\/Pai-Juraci-Novaes-de-Almeida-2-267x420.jpg 267w\" sizes=\"auto, (max-width: 479px) 100vw, 479px\" \/>Pai Juraci Novaes de Almeida<\/p>\n<p><img loading=\"lazy\" decoding=\"async\" class=\"alignnone size-full wp-image-51864\" src=\"https:\/\/jorgezanoni.com.br\/2019\/wp-content\/uploads\/2021\/08\/Pai-Leiswladio-Pereira-Souza-e-o-filho-Luis-Miguel-2.jpg\" alt=\"\" width=\"716\" height=\"448\" srcset=\"https:\/\/jorgezanoni.com.br\/2019\/wp-content\/uploads\/2021\/08\/Pai-Leiswladio-Pereira-Souza-e-o-filho-Luis-Miguel-2.jpg 716w, https:\/\/jorgezanoni.com.br\/2019\/wp-content\/uploads\/2021\/08\/Pai-Leiswladio-Pereira-Souza-e-o-filho-Luis-Miguel-2-300x188.jpg 300w, https:\/\/jorgezanoni.com.br\/2019\/wp-content\/uploads\/2021\/08\/Pai-Leiswladio-Pereira-Souza-e-o-filho-Luis-Miguel-2-696x435.jpg 696w, https:\/\/jorgezanoni.com.br\/2019\/wp-content\/uploads\/2021\/08\/Pai-Leiswladio-Pereira-Souza-e-o-filho-Luis-Miguel-2-671x420.jpg 671w\" sizes=\"auto, (max-width: 716px) 100vw, 716px\" \/>Pai Leiswladio Pereira Souza e o filho Lu\u00eds Miguel<\/p>\n<p><img loading=\"lazy\" decoding=\"async\" class=\"alignnone size-full wp-image-51865\" src=\"https:\/\/jorgezanoni.com.br\/2019\/wp-content\/uploads\/2021\/08\/Pai-Lidio-Galetti-2.jpg\" alt=\"\" width=\"484\" height=\"887\" srcset=\"https:\/\/jorgezanoni.com.br\/2019\/wp-content\/uploads\/2021\/08\/Pai-Lidio-Galetti-2.jpg 484w, https:\/\/jorgezanoni.com.br\/2019\/wp-content\/uploads\/2021\/08\/Pai-Lidio-Galetti-2-164x300.jpg 164w, https:\/\/jorgezanoni.com.br\/2019\/wp-content\/uploads\/2021\/08\/Pai-Lidio-Galetti-2-229x420.jpg 229w\" sizes=\"auto, (max-width: 484px) 100vw, 484px\" \/>Pai Lidio Galetti<\/p>\n<p style=\"text-align: justify;\"><img loading=\"lazy\" decoding=\"async\" class=\"alignnone size-full wp-image-51866\" src=\"https:\/\/jorgezanoni.com.br\/2019\/wp-content\/uploads\/2021\/08\/Pai-Luan-e-a-filha-Eloa-Helena-2.jpg\" alt=\"\" width=\"616\" height=\"916\" srcset=\"https:\/\/jorgezanoni.com.br\/2019\/wp-content\/uploads\/2021\/08\/Pai-Luan-e-a-filha-Eloa-Helena-2.jpg 616w, https:\/\/jorgezanoni.com.br\/2019\/wp-content\/uploads\/2021\/08\/Pai-Luan-e-a-filha-Eloa-Helena-2-202x300.jpg 202w, https:\/\/jorgezanoni.com.br\/2019\/wp-content\/uploads\/2021\/08\/Pai-Luan-e-a-filha-Eloa-Helena-2-282x420.jpg 282w\" sizes=\"auto, (max-width: 616px) 100vw, 616px\" \/>Pai Luan e a filha Elo\u00e1 Helena<\/p>\n<p style=\"text-align: justify;\"><img loading=\"lazy\" decoding=\"async\" class=\"alignnone size-full wp-image-51867\" src=\"https:\/\/jorgezanoni.com.br\/2019\/wp-content\/uploads\/2021\/08\/Pai-Luis-Pereira-com-os-filhos-Vagner-Raquel-e-Leia-2.jpg\" alt=\"\" width=\"516\" height=\"415\" srcset=\"https:\/\/jorgezanoni.com.br\/2019\/wp-content\/uploads\/2021\/08\/Pai-Luis-Pereira-com-os-filhos-Vagner-Raquel-e-Leia-2.jpg 516w, https:\/\/jorgezanoni.com.br\/2019\/wp-content\/uploads\/2021\/08\/Pai-Luis-Pereira-com-os-filhos-Vagner-Raquel-e-Leia-2-300x241.jpg 300w\" sizes=\"auto, (max-width: 516px) 100vw, 516px\" \/>Pai Luis Pereira com os filhos Vagner, Raquel e L\u00e9ia<\/p>\n<p style=\"text-align: justify;\"><img loading=\"lazy\" decoding=\"async\" class=\"alignnone size-full wp-image-51868\" src=\"https:\/\/jorgezanoni.com.br\/2019\/wp-content\/uploads\/2021\/08\/Pai-Luiz-Carlos-do-Prado-com-as-filhs-Daiane-e-Janaina-2.jpg\" alt=\"\" width=\"635\" height=\"429\" srcset=\"https:\/\/jorgezanoni.com.br\/2019\/wp-content\/uploads\/2021\/08\/Pai-Luiz-Carlos-do-Prado-com-as-filhs-Daiane-e-Janaina-2.jpg 635w, https:\/\/jorgezanoni.com.br\/2019\/wp-content\/uploads\/2021\/08\/Pai-Luiz-Carlos-do-Prado-com-as-filhs-Daiane-e-Janaina-2-300x203.jpg 300w, https:\/\/jorgezanoni.com.br\/2019\/wp-content\/uploads\/2021\/08\/Pai-Luiz-Carlos-do-Prado-com-as-filhs-Daiane-e-Janaina-2-622x420.jpg 622w\" sizes=\"auto, (max-width: 635px) 100vw, 635px\" \/>Pai Luiz Carlos do Prado com as filhs Daiane e Jana\u00edna<\/p>\n<p><img loading=\"lazy\" decoding=\"async\" class=\"alignnone size-full wp-image-51869\" src=\"https:\/\/jorgezanoni.com.br\/2019\/wp-content\/uploads\/2021\/08\/Pai-Luiz-Nunes-Falcao-Sobrinho-e-a-filha-Rosana-Falcao-2.jpg\" alt=\"\" width=\"1540\" height=\"975\" srcset=\"https:\/\/jorgezanoni.com.br\/2019\/wp-content\/uploads\/2021\/08\/Pai-Luiz-Nunes-Falcao-Sobrinho-e-a-filha-Rosana-Falcao-2.jpg 1540w, https:\/\/jorgezanoni.com.br\/2019\/wp-content\/uploads\/2021\/08\/Pai-Luiz-Nunes-Falcao-Sobrinho-e-a-filha-Rosana-Falcao-2-300x190.jpg 300w, https:\/\/jorgezanoni.com.br\/2019\/wp-content\/uploads\/2021\/08\/Pai-Luiz-Nunes-Falcao-Sobrinho-e-a-filha-Rosana-Falcao-2-1024x648.jpg 1024w, https:\/\/jorgezanoni.com.br\/2019\/wp-content\/uploads\/2021\/08\/Pai-Luiz-Nunes-Falcao-Sobrinho-e-a-filha-Rosana-Falcao-2-768x486.jpg 768w, https:\/\/jorgezanoni.com.br\/2019\/wp-content\/uploads\/2021\/08\/Pai-Luiz-Nunes-Falcao-Sobrinho-e-a-filha-Rosana-Falcao-2-1536x972.jpg 1536w, https:\/\/jorgezanoni.com.br\/2019\/wp-content\/uploads\/2021\/08\/Pai-Luiz-Nunes-Falcao-Sobrinho-e-a-filha-Rosana-Falcao-2-696x441.jpg 696w, https:\/\/jorgezanoni.com.br\/2019\/wp-content\/uploads\/2021\/08\/Pai-Luiz-Nunes-Falcao-Sobrinho-e-a-filha-Rosana-Falcao-2-1068x676.jpg 1068w, https:\/\/jorgezanoni.com.br\/2019\/wp-content\/uploads\/2021\/08\/Pai-Luiz-Nunes-Falcao-Sobrinho-e-a-filha-Rosana-Falcao-2-663x420.jpg 663w\" sizes=\"auto, (max-width: 1540px) 100vw, 1540px\" \/>Pai Luiz Nunes Falc\u00e3o Sobrinho e a filha Rosana Falc\u00e3o<\/p>\n<p><img loading=\"lazy\" decoding=\"async\" class=\"alignnone size-full wp-image-51870\" src=\"https:\/\/jorgezanoni.com.br\/2019\/wp-content\/uploads\/2021\/08\/Pai-Marcelo-Oliveira-Silva-e-e-a-esposa-Tatiane-com-as-filhas-Ana-Clara-e-Marcela..jpg\" alt=\"\" width=\"1080\" height=\"937\" srcset=\"https:\/\/jorgezanoni.com.br\/2019\/wp-content\/uploads\/2021\/08\/Pai-Marcelo-Oliveira-Silva-e-e-a-esposa-Tatiane-com-as-filhas-Ana-Clara-e-Marcela..jpg 1080w, https:\/\/jorgezanoni.com.br\/2019\/wp-content\/uploads\/2021\/08\/Pai-Marcelo-Oliveira-Silva-e-e-a-esposa-Tatiane-com-as-filhas-Ana-Clara-e-Marcela.-300x260.jpg 300w, https:\/\/jorgezanoni.com.br\/2019\/wp-content\/uploads\/2021\/08\/Pai-Marcelo-Oliveira-Silva-e-e-a-esposa-Tatiane-com-as-filhas-Ana-Clara-e-Marcela.-1024x888.jpg 1024w, https:\/\/jorgezanoni.com.br\/2019\/wp-content\/uploads\/2021\/08\/Pai-Marcelo-Oliveira-Silva-e-e-a-esposa-Tatiane-com-as-filhas-Ana-Clara-e-Marcela.-768x666.jpg 768w, https:\/\/jorgezanoni.com.br\/2019\/wp-content\/uploads\/2021\/08\/Pai-Marcelo-Oliveira-Silva-e-e-a-esposa-Tatiane-com-as-filhas-Ana-Clara-e-Marcela.-534x462.jpg 534w, https:\/\/jorgezanoni.com.br\/2019\/wp-content\/uploads\/2021\/08\/Pai-Marcelo-Oliveira-Silva-e-e-a-esposa-Tatiane-com-as-filhas-Ana-Clara-e-Marcela.-696x604.jpg 696w, https:\/\/jorgezanoni.com.br\/2019\/wp-content\/uploads\/2021\/08\/Pai-Marcelo-Oliveira-Silva-e-e-a-esposa-Tatiane-com-as-filhas-Ana-Clara-e-Marcela.-1068x927.jpg 1068w, https:\/\/jorgezanoni.com.br\/2019\/wp-content\/uploads\/2021\/08\/Pai-Marcelo-Oliveira-Silva-e-e-a-esposa-Tatiane-com-as-filhas-Ana-Clara-e-Marcela.-484x420.jpg 484w\" sizes=\"auto, (max-width: 1080px) 100vw, 1080px\" \/>Pai Marcelo Oliveira Silva e esposa Tatiana com as filhas Ana Clara e Marcela<\/p>\n<p><img loading=\"lazy\" decoding=\"async\" class=\"alignnone size-full wp-image-51871\" src=\"https:\/\/jorgezanoni.com.br\/2019\/wp-content\/uploads\/2021\/08\/Pai-Marcelo-Viana-Eva-e-esposa-Eloiza-com-os-filhos-Pedro-Lucca-e-Matheus-Jose-2.jpg\" alt=\"\" width=\"954\" height=\"826\" srcset=\"https:\/\/jorgezanoni.com.br\/2019\/wp-content\/uploads\/2021\/08\/Pai-Marcelo-Viana-Eva-e-esposa-Eloiza-com-os-filhos-Pedro-Lucca-e-Matheus-Jose-2.jpg 954w, https:\/\/jorgezanoni.com.br\/2019\/wp-content\/uploads\/2021\/08\/Pai-Marcelo-Viana-Eva-e-esposa-Eloiza-com-os-filhos-Pedro-Lucca-e-Matheus-Jose-2-300x260.jpg 300w, https:\/\/jorgezanoni.com.br\/2019\/wp-content\/uploads\/2021\/08\/Pai-Marcelo-Viana-Eva-e-esposa-Eloiza-com-os-filhos-Pedro-Lucca-e-Matheus-Jose-2-768x665.jpg 768w, https:\/\/jorgezanoni.com.br\/2019\/wp-content\/uploads\/2021\/08\/Pai-Marcelo-Viana-Eva-e-esposa-Eloiza-com-os-filhos-Pedro-Lucca-e-Matheus-Jose-2-534x462.jpg 534w, https:\/\/jorgezanoni.com.br\/2019\/wp-content\/uploads\/2021\/08\/Pai-Marcelo-Viana-Eva-e-esposa-Eloiza-com-os-filhos-Pedro-Lucca-e-Matheus-Jose-2-696x603.jpg 696w, https:\/\/jorgezanoni.com.br\/2019\/wp-content\/uploads\/2021\/08\/Pai-Marcelo-Viana-Eva-e-esposa-Eloiza-com-os-filhos-Pedro-Lucca-e-Matheus-Jose-2-485x420.jpg 485w\" sizes=\"auto, (max-width: 954px) 100vw, 954px\" \/>Pai Marcelo Viana Eva e esposa Eloiza com os filhos Pedro Lucca e Matheus Jos\u00e9<\/p>\n<p style=\"text-align: justify;\"><img loading=\"lazy\" decoding=\"async\" class=\"alignnone size-full wp-image-51872\" src=\"https:\/\/jorgezanoni.com.br\/2019\/wp-content\/uploads\/2021\/08\/Pai-Marcos-Batista-e-esposa-Meriele-Bittanti-com-o-filho-Ecktor-2.jpg\" alt=\"\" width=\"294\" height=\"506\" srcset=\"https:\/\/jorgezanoni.com.br\/2019\/wp-content\/uploads\/2021\/08\/Pai-Marcos-Batista-e-esposa-Meriele-Bittanti-com-o-filho-Ecktor-2.jpg 294w, https:\/\/jorgezanoni.com.br\/2019\/wp-content\/uploads\/2021\/08\/Pai-Marcos-Batista-e-esposa-Meriele-Bittanti-com-o-filho-Ecktor-2-174x300.jpg 174w, https:\/\/jorgezanoni.com.br\/2019\/wp-content\/uploads\/2021\/08\/Pai-Marcos-Batista-e-esposa-Meriele-Bittanti-com-o-filho-Ecktor-2-244x420.jpg 244w\" sizes=\"auto, (max-width: 294px) 100vw, 294px\" \/>Pai Marcos Batista e esposa Meriele Bittanti com o filho Ecktor<\/p>\n<p style=\"text-align: justify;\"><img loading=\"lazy\" decoding=\"async\" class=\"alignnone size-full wp-image-51873\" src=\"https:\/\/jorgezanoni.com.br\/2019\/wp-content\/uploads\/2021\/08\/Pai-Marcos-Rogerio-Arcas-e-a-filha-Natany-G.-da-S.-Arcas-2.jpg\" alt=\"\" width=\"652\" height=\"849\" srcset=\"https:\/\/jorgezanoni.com.br\/2019\/wp-content\/uploads\/2021\/08\/Pai-Marcos-Rogerio-Arcas-e-a-filha-Natany-G.-da-S.-Arcas-2.jpg 652w, https:\/\/jorgezanoni.com.br\/2019\/wp-content\/uploads\/2021\/08\/Pai-Marcos-Rogerio-Arcas-e-a-filha-Natany-G.-da-S.-Arcas-2-230x300.jpg 230w, https:\/\/jorgezanoni.com.br\/2019\/wp-content\/uploads\/2021\/08\/Pai-Marcos-Rogerio-Arcas-e-a-filha-Natany-G.-da-S.-Arcas-2-323x420.jpg 323w\" sizes=\"auto, (max-width: 652px) 100vw, 652px\" \/>Pai Marcos Rog\u00e9rio Arcas e a filha Natany G. da S. Arcas<\/p>\n<p style=\"text-align: justify;\"><img loading=\"lazy\" decoding=\"async\" class=\"alignnone size-full wp-image-51874\" src=\"https:\/\/jorgezanoni.com.br\/2019\/wp-content\/uploads\/2021\/08\/Pai-Melo-e-os-filhos-Miriely-Dafne-Emily-e-Arthur-esposa-Dafne-Alexandra-genro-Matheus-e-nora-Geovana-netos-Pedro-Henrique-Davi-Miguel-e-Maria-Alice-2.jpg\" alt=\"\" width=\"1191\" height=\"776\" srcset=\"https:\/\/jorgezanoni.com.br\/2019\/wp-content\/uploads\/2021\/08\/Pai-Melo-e-os-filhos-Miriely-Dafne-Emily-e-Arthur-esposa-Dafne-Alexandra-genro-Matheus-e-nora-Geovana-netos-Pedro-Henrique-Davi-Miguel-e-Maria-Alice-2.jpg 1191w, https:\/\/jorgezanoni.com.br\/2019\/wp-content\/uploads\/2021\/08\/Pai-Melo-e-os-filhos-Miriely-Dafne-Emily-e-Arthur-esposa-Dafne-Alexandra-genro-Matheus-e-nora-Geovana-netos-Pedro-Henrique-Davi-Miguel-e-Maria-Alice-2-300x195.jpg 300w, https:\/\/jorgezanoni.com.br\/2019\/wp-content\/uploads\/2021\/08\/Pai-Melo-e-os-filhos-Miriely-Dafne-Emily-e-Arthur-esposa-Dafne-Alexandra-genro-Matheus-e-nora-Geovana-netos-Pedro-Henrique-Davi-Miguel-e-Maria-Alice-2-1024x667.jpg 1024w, https:\/\/jorgezanoni.com.br\/2019\/wp-content\/uploads\/2021\/08\/Pai-Melo-e-os-filhos-Miriely-Dafne-Emily-e-Arthur-esposa-Dafne-Alexandra-genro-Matheus-e-nora-Geovana-netos-Pedro-Henrique-Davi-Miguel-e-Maria-Alice-2-768x500.jpg 768w, https:\/\/jorgezanoni.com.br\/2019\/wp-content\/uploads\/2021\/08\/Pai-Melo-e-os-filhos-Miriely-Dafne-Emily-e-Arthur-esposa-Dafne-Alexandra-genro-Matheus-e-nora-Geovana-netos-Pedro-Henrique-Davi-Miguel-e-Maria-Alice-2-696x453.jpg 696w, https:\/\/jorgezanoni.com.br\/2019\/wp-content\/uploads\/2021\/08\/Pai-Melo-e-os-filhos-Miriely-Dafne-Emily-e-Arthur-esposa-Dafne-Alexandra-genro-Matheus-e-nora-Geovana-netos-Pedro-Henrique-Davi-Miguel-e-Maria-Alice-2-1068x696.jpg 1068w, https:\/\/jorgezanoni.com.br\/2019\/wp-content\/uploads\/2021\/08\/Pai-Melo-e-os-filhos-Miriely-Dafne-Emily-e-Arthur-esposa-Dafne-Alexandra-genro-Matheus-e-nora-Geovana-netos-Pedro-Henrique-Davi-Miguel-e-Maria-Alice-2-645x420.jpg 645w\" sizes=\"auto, (max-width: 1191px) 100vw, 1191px\" \/>Pai Melo e os filhos Miriely, Dafne Emily e Arthur, esposa Dafne Alexandra, genro Matheus e nora Geovana, netos Pedro Henrique, Davi, Miguel e Maria Alice<\/p>\n<p style=\"text-align: justify;\"><img loading=\"lazy\" decoding=\"async\" class=\"alignnone size-full wp-image-51875\" src=\"https:\/\/jorgezanoni.com.br\/2019\/wp-content\/uploads\/2021\/08\/Pai-Miguel-manzano-In-memoria-2.jpg\" alt=\"\" width=\"548\" height=\"825\" srcset=\"https:\/\/jorgezanoni.com.br\/2019\/wp-content\/uploads\/2021\/08\/Pai-Miguel-manzano-In-memoria-2.jpg 548w, https:\/\/jorgezanoni.com.br\/2019\/wp-content\/uploads\/2021\/08\/Pai-Miguel-manzano-In-memoria-2-199x300.jpg 199w, https:\/\/jorgezanoni.com.br\/2019\/wp-content\/uploads\/2021\/08\/Pai-Miguel-manzano-In-memoria-2-279x420.jpg 279w\" sizes=\"auto, (max-width: 548px) 100vw, 548px\" \/>Pai Miguel Manzano (In mem\u00f3ria)<\/p>\n<p><img loading=\"lazy\" decoding=\"async\" class=\"alignnone size-full wp-image-51876\" src=\"https:\/\/jorgezanoni.com.br\/2019\/wp-content\/uploads\/2021\/08\/Pai-Miranda-e-a-filha-Cida-Melchiades-2.jpg\" alt=\"\" width=\"696\" height=\"1314\" srcset=\"https:\/\/jorgezanoni.com.br\/2019\/wp-content\/uploads\/2021\/08\/Pai-Miranda-e-a-filha-Cida-Melchiades-2.jpg 696w, https:\/\/jorgezanoni.com.br\/2019\/wp-content\/uploads\/2021\/08\/Pai-Miranda-e-a-filha-Cida-Melchiades-2-159x300.jpg 159w, https:\/\/jorgezanoni.com.br\/2019\/wp-content\/uploads\/2021\/08\/Pai-Miranda-e-a-filha-Cida-Melchiades-2-542x1024.jpg 542w, https:\/\/jorgezanoni.com.br\/2019\/wp-content\/uploads\/2021\/08\/Pai-Miranda-e-a-filha-Cida-Melchiades-2-222x420.jpg 222w\" sizes=\"auto, (max-width: 696px) 100vw, 696px\" \/>Pai Miranda e a filha Cida Melchiades<\/p>\n<p style=\"text-align: justify;\"><img loading=\"lazy\" decoding=\"async\" class=\"alignnone size-full wp-image-51877\" src=\"https:\/\/jorgezanoni.com.br\/2019\/wp-content\/uploads\/2021\/08\/Pai-Nagibe-Naife-Mamede-In-memoria-e-o-filho-Anuar-Mamede-2.jpg\" alt=\"\" width=\"534\" height=\"736\" srcset=\"https:\/\/jorgezanoni.com.br\/2019\/wp-content\/uploads\/2021\/08\/Pai-Nagibe-Naife-Mamede-In-memoria-e-o-filho-Anuar-Mamede-2.jpg 534w, https:\/\/jorgezanoni.com.br\/2019\/wp-content\/uploads\/2021\/08\/Pai-Nagibe-Naife-Mamede-In-memoria-e-o-filho-Anuar-Mamede-2-218x300.jpg 218w, https:\/\/jorgezanoni.com.br\/2019\/wp-content\/uploads\/2021\/08\/Pai-Nagibe-Naife-Mamede-In-memoria-e-o-filho-Anuar-Mamede-2-305x420.jpg 305w\" sizes=\"auto, (max-width: 534px) 100vw, 534px\" \/>Pai Nagibe Naife Mamede (In mem\u00f3ria) e o filho Anuar Mamede<\/p>\n<p><img loading=\"lazy\" decoding=\"async\" class=\"alignnone size-full wp-image-51878\" src=\"https:\/\/jorgezanoni.com.br\/2019\/wp-content\/uploads\/2021\/08\/Pai-Nelson-Antonio-de-Oliveira-2.jpg\" alt=\"\" width=\"714\" height=\"1129\" srcset=\"https:\/\/jorgezanoni.com.br\/2019\/wp-content\/uploads\/2021\/08\/Pai-Nelson-Antonio-de-Oliveira-2.jpg 714w, https:\/\/jorgezanoni.com.br\/2019\/wp-content\/uploads\/2021\/08\/Pai-Nelson-Antonio-de-Oliveira-2-190x300.jpg 190w, https:\/\/jorgezanoni.com.br\/2019\/wp-content\/uploads\/2021\/08\/Pai-Nelson-Antonio-de-Oliveira-2-648x1024.jpg 648w, https:\/\/jorgezanoni.com.br\/2019\/wp-content\/uploads\/2021\/08\/Pai-Nelson-Antonio-de-Oliveira-2-696x1101.jpg 696w, https:\/\/jorgezanoni.com.br\/2019\/wp-content\/uploads\/2021\/08\/Pai-Nelson-Antonio-de-Oliveira-2-266x420.jpg 266w\" sizes=\"auto, (max-width: 714px) 100vw, 714px\" \/>Pai Nelson Antonio de Oliveira<\/p>\n<p><img loading=\"lazy\" decoding=\"async\" class=\"alignnone size-full wp-image-51879\" src=\"https:\/\/jorgezanoni.com.br\/2019\/wp-content\/uploads\/2021\/08\/Pai-Nicanor-Rosa-dos-Santos-Noca.jpg\" alt=\"\" width=\"1080\" height=\"1080\" srcset=\"https:\/\/jorgezanoni.com.br\/2019\/wp-content\/uploads\/2021\/08\/Pai-Nicanor-Rosa-dos-Santos-Noca.jpg 1080w, https:\/\/jorgezanoni.com.br\/2019\/wp-content\/uploads\/2021\/08\/Pai-Nicanor-Rosa-dos-Santos-Noca-300x300.jpg 300w, https:\/\/jorgezanoni.com.br\/2019\/wp-content\/uploads\/2021\/08\/Pai-Nicanor-Rosa-dos-Santos-Noca-1024x1024.jpg 1024w, https:\/\/jorgezanoni.com.br\/2019\/wp-content\/uploads\/2021\/08\/Pai-Nicanor-Rosa-dos-Santos-Noca-150x150.jpg 150w, https:\/\/jorgezanoni.com.br\/2019\/wp-content\/uploads\/2021\/08\/Pai-Nicanor-Rosa-dos-Santos-Noca-768x768.jpg 768w, https:\/\/jorgezanoni.com.br\/2019\/wp-content\/uploads\/2021\/08\/Pai-Nicanor-Rosa-dos-Santos-Noca-696x696.jpg 696w, https:\/\/jorgezanoni.com.br\/2019\/wp-content\/uploads\/2021\/08\/Pai-Nicanor-Rosa-dos-Santos-Noca-1068x1068.jpg 1068w, https:\/\/jorgezanoni.com.br\/2019\/wp-content\/uploads\/2021\/08\/Pai-Nicanor-Rosa-dos-Santos-Noca-420x420.jpg 420w\" sizes=\"auto, (max-width: 1080px) 100vw, 1080px\" \/>Pai Nicanor Rosa dos Santos (Noca)<\/p>\n<p style=\"text-align: justify;\"><img loading=\"lazy\" decoding=\"async\" class=\"alignnone size-full wp-image-51880\" src=\"https:\/\/jorgezanoni.com.br\/2019\/wp-content\/uploads\/2021\/08\/Pai-Nilson-Bittanti-In-memoria-com-os-filhos-Cristiano-Bittanti-e-Meriele-Bittanti-2.jpg\" alt=\"\" width=\"474\" height=\"736\" srcset=\"https:\/\/jorgezanoni.com.br\/2019\/wp-content\/uploads\/2021\/08\/Pai-Nilson-Bittanti-In-memoria-com-os-filhos-Cristiano-Bittanti-e-Meriele-Bittanti-2.jpg 474w, https:\/\/jorgezanoni.com.br\/2019\/wp-content\/uploads\/2021\/08\/Pai-Nilson-Bittanti-In-memoria-com-os-filhos-Cristiano-Bittanti-e-Meriele-Bittanti-2-193x300.jpg 193w, https:\/\/jorgezanoni.com.br\/2019\/wp-content\/uploads\/2021\/08\/Pai-Nilson-Bittanti-In-memoria-com-os-filhos-Cristiano-Bittanti-e-Meriele-Bittanti-2-270x420.jpg 270w\" sizes=\"auto, (max-width: 474px) 100vw, 474px\" \/>Pai Nilson Bittanti (In mem\u00f3ria) com os filhos Cristiano Bittanti e Meriele Bittanti<\/p>\n<p style=\"text-align: justify;\"><img loading=\"lazy\" decoding=\"async\" class=\"alignnone size-full wp-image-51881\" src=\"https:\/\/jorgezanoni.com.br\/2019\/wp-content\/uploads\/2021\/08\/Pai-Nilson-Bittanti-In-memoria-e-o-filho-Cristiano-Bittanti-2.jpg\" alt=\"\" width=\"632\" height=\"713\" srcset=\"https:\/\/jorgezanoni.com.br\/2019\/wp-content\/uploads\/2021\/08\/Pai-Nilson-Bittanti-In-memoria-e-o-filho-Cristiano-Bittanti-2.jpg 632w, https:\/\/jorgezanoni.com.br\/2019\/wp-content\/uploads\/2021\/08\/Pai-Nilson-Bittanti-In-memoria-e-o-filho-Cristiano-Bittanti-2-266x300.jpg 266w, https:\/\/jorgezanoni.com.br\/2019\/wp-content\/uploads\/2021\/08\/Pai-Nilson-Bittanti-In-memoria-e-o-filho-Cristiano-Bittanti-2-372x420.jpg 372w\" sizes=\"auto, (max-width: 632px) 100vw, 632px\" \/>Pai Nilson Bittanti (In mem\u00f3ria) e o filho Cristiano Bittanti<\/p>\n<p><img loading=\"lazy\" decoding=\"async\" class=\"alignnone size-full wp-image-51882\" src=\"https:\/\/jorgezanoni.com.br\/2019\/wp-content\/uploads\/2021\/08\/Pai-Nilson-Domingues-com-a-esposa-Adriana-Alkmin-e-o-filho-Lucas-Alkmin-2.jpg\" alt=\"\" width=\"715\" height=\"409\" srcset=\"https:\/\/jorgezanoni.com.br\/2019\/wp-content\/uploads\/2021\/08\/Pai-Nilson-Domingues-com-a-esposa-Adriana-Alkmin-e-o-filho-Lucas-Alkmin-2.jpg 715w, https:\/\/jorgezanoni.com.br\/2019\/wp-content\/uploads\/2021\/08\/Pai-Nilson-Domingues-com-a-esposa-Adriana-Alkmin-e-o-filho-Lucas-Alkmin-2-300x172.jpg 300w, https:\/\/jorgezanoni.com.br\/2019\/wp-content\/uploads\/2021\/08\/Pai-Nilson-Domingues-com-a-esposa-Adriana-Alkmin-e-o-filho-Lucas-Alkmin-2-696x398.jpg 696w\" sizes=\"auto, (max-width: 715px) 100vw, 715px\" \/>Pai Nilson Domingues com a esposa Adriana Alkmin e o filho Lucas Alkmin<\/p>\n<p><img loading=\"lazy\" decoding=\"async\" class=\"alignnone size-full wp-image-51883\" src=\"https:\/\/jorgezanoni.com.br\/2019\/wp-content\/uploads\/2021\/08\/Pai-Osvaldo-Zanoni-In-memoria-homenagem-dos-filhos-Rose-Regiane-e-Fernando..jpg\" alt=\"\" width=\"640\" height=\"960\" srcset=\"https:\/\/jorgezanoni.com.br\/2019\/wp-content\/uploads\/2021\/08\/Pai-Osvaldo-Zanoni-In-memoria-homenagem-dos-filhos-Rose-Regiane-e-Fernando..jpg 640w, https:\/\/jorgezanoni.com.br\/2019\/wp-content\/uploads\/2021\/08\/Pai-Osvaldo-Zanoni-In-memoria-homenagem-dos-filhos-Rose-Regiane-e-Fernando.-200x300.jpg 200w, https:\/\/jorgezanoni.com.br\/2019\/wp-content\/uploads\/2021\/08\/Pai-Osvaldo-Zanoni-In-memoria-homenagem-dos-filhos-Rose-Regiane-e-Fernando.-280x420.jpg 280w\" sizes=\"auto, (max-width: 640px) 100vw, 640px\" \/>Pai Osvaldo Zanoni (In mem\u00f3ria) homenagem dos filhos Rose, Regiane e Fernando<\/p>\n<p><img loading=\"lazy\" decoding=\"async\" class=\"alignnone size-full wp-image-51884\" src=\"https:\/\/jorgezanoni.com.br\/2019\/wp-content\/uploads\/2021\/08\/Pai-Paulo-Henrique-Pereira-2.jpg\" alt=\"\" width=\"840\" height=\"827\" srcset=\"https:\/\/jorgezanoni.com.br\/2019\/wp-content\/uploads\/2021\/08\/Pai-Paulo-Henrique-Pereira-2.jpg 840w, https:\/\/jorgezanoni.com.br\/2019\/wp-content\/uploads\/2021\/08\/Pai-Paulo-Henrique-Pereira-2-300x295.jpg 300w, https:\/\/jorgezanoni.com.br\/2019\/wp-content\/uploads\/2021\/08\/Pai-Paulo-Henrique-Pereira-2-768x756.jpg 768w, https:\/\/jorgezanoni.com.br\/2019\/wp-content\/uploads\/2021\/08\/Pai-Paulo-Henrique-Pereira-2-696x685.jpg 696w, https:\/\/jorgezanoni.com.br\/2019\/wp-content\/uploads\/2021\/08\/Pai-Paulo-Henrique-Pereira-2-427x420.jpg 427w\" sizes=\"auto, (max-width: 840px) 100vw, 840px\" \/>Pai Paulo Henrique Pereira<\/p>\n<p><img loading=\"lazy\" decoding=\"async\" class=\"alignnone size-full wp-image-51939\" src=\"https:\/\/jorgezanoni.com.br\/2019\/wp-content\/uploads\/2021\/08\/Pai-Paulo-Henrique-Verginassi-Pocaia-e-o-filho-Arthur-Henrique-de-Oliveira-Pocaia.jpg\" alt=\"\" width=\"684\" height=\"1280\" srcset=\"https:\/\/jorgezanoni.com.br\/2019\/wp-content\/uploads\/2021\/08\/Pai-Paulo-Henrique-Verginassi-Pocaia-e-o-filho-Arthur-Henrique-de-Oliveira-Pocaia.jpg 684w, https:\/\/jorgezanoni.com.br\/2019\/wp-content\/uploads\/2021\/08\/Pai-Paulo-Henrique-Verginassi-Pocaia-e-o-filho-Arthur-Henrique-de-Oliveira-Pocaia-160x300.jpg 160w, https:\/\/jorgezanoni.com.br\/2019\/wp-content\/uploads\/2021\/08\/Pai-Paulo-Henrique-Verginassi-Pocaia-e-o-filho-Arthur-Henrique-de-Oliveira-Pocaia-547x1024.jpg 547w, https:\/\/jorgezanoni.com.br\/2019\/wp-content\/uploads\/2021\/08\/Pai-Paulo-Henrique-Verginassi-Pocaia-e-o-filho-Arthur-Henrique-de-Oliveira-Pocaia-224x420.jpg 224w\" sizes=\"auto, (max-width: 684px) 100vw, 684px\" \/>Pai Paulo Henrique Verginassi Pocaia e o filho Arthur Henrique de Oliveira Pocaia<\/p>\n<p><img loading=\"lazy\" decoding=\"async\" class=\"alignnone size-full wp-image-51885\" src=\"https:\/\/jorgezanoni.com.br\/2019\/wp-content\/uploads\/2021\/08\/Pai-Paulo-Sergio-Ferreira-In-memoria.jpg\" alt=\"\" width=\"234\" height=\"264\" \/>Pai Paulo S\u00e9rgio Ferreira ( In mem\u00f3ria)<\/p>\n<p style=\"text-align: justify;\"><img loading=\"lazy\" decoding=\"async\" class=\"alignnone size-full wp-image-51886\" src=\"https:\/\/jorgezanoni.com.br\/2019\/wp-content\/uploads\/2021\/08\/Pai-Pedro-Henrique-Ferreira-da-Silva-esposa-Susan-Helena-com-os-filhos-Pedro-Henrique-e-Beatriz-Vitoria-2.jpg\" alt=\"\" width=\"598\" height=\"499\" srcset=\"https:\/\/jorgezanoni.com.br\/2019\/wp-content\/uploads\/2021\/08\/Pai-Pedro-Henrique-Ferreira-da-Silva-esposa-Susan-Helena-com-os-filhos-Pedro-Henrique-e-Beatriz-Vitoria-2.jpg 598w, https:\/\/jorgezanoni.com.br\/2019\/wp-content\/uploads\/2021\/08\/Pai-Pedro-Henrique-Ferreira-da-Silva-esposa-Susan-Helena-com-os-filhos-Pedro-Henrique-e-Beatriz-Vitoria-2-300x250.jpg 300w, https:\/\/jorgezanoni.com.br\/2019\/wp-content\/uploads\/2021\/08\/Pai-Pedro-Henrique-Ferreira-da-Silva-esposa-Susan-Helena-com-os-filhos-Pedro-Henrique-e-Beatriz-Vitoria-2-503x420.jpg 503w\" sizes=\"auto, (max-width: 598px) 100vw, 598px\" \/>Pai Pedro Henrique Ferreira da Silva, esposa Susan Helena com os filhos Pedro Henrique e Beatriz Vit\u00f3ria<\/p>\n<p><img loading=\"lazy\" decoding=\"async\" class=\"alignnone size-full wp-image-51887\" src=\"https:\/\/jorgezanoni.com.br\/2019\/wp-content\/uploads\/2021\/08\/Pai-Rafael-Almeida-e-a-filha-Lara-Beatriz-Almeida-2.jpg\" alt=\"\" width=\"1143\" height=\"1451\" srcset=\"https:\/\/jorgezanoni.com.br\/2019\/wp-content\/uploads\/2021\/08\/Pai-Rafael-Almeida-e-a-filha-Lara-Beatriz-Almeida-2.jpg 1143w, https:\/\/jorgezanoni.com.br\/2019\/wp-content\/uploads\/2021\/08\/Pai-Rafael-Almeida-e-a-filha-Lara-Beatriz-Almeida-2-236x300.jpg 236w, https:\/\/jorgezanoni.com.br\/2019\/wp-content\/uploads\/2021\/08\/Pai-Rafael-Almeida-e-a-filha-Lara-Beatriz-Almeida-2-807x1024.jpg 807w, https:\/\/jorgezanoni.com.br\/2019\/wp-content\/uploads\/2021\/08\/Pai-Rafael-Almeida-e-a-filha-Lara-Beatriz-Almeida-2-768x975.jpg 768w, https:\/\/jorgezanoni.com.br\/2019\/wp-content\/uploads\/2021\/08\/Pai-Rafael-Almeida-e-a-filha-Lara-Beatriz-Almeida-2-696x884.jpg 696w, https:\/\/jorgezanoni.com.br\/2019\/wp-content\/uploads\/2021\/08\/Pai-Rafael-Almeida-e-a-filha-Lara-Beatriz-Almeida-2-1068x1356.jpg 1068w, https:\/\/jorgezanoni.com.br\/2019\/wp-content\/uploads\/2021\/08\/Pai-Rafael-Almeida-e-a-filha-Lara-Beatriz-Almeida-2-331x420.jpg 331w\" sizes=\"auto, (max-width: 1143px) 100vw, 1143px\" \/>Pai Rafael Almeida e a filha Lara Beatriz Almeida<\/p>\n<p style=\"text-align: justify;\"><img loading=\"lazy\" decoding=\"async\" class=\"alignnone size-full wp-image-51888\" src=\"https:\/\/jorgezanoni.com.br\/2019\/wp-content\/uploads\/2021\/08\/Pai-Renato-Maciel-Costa-e-a-filha-Amanda-Freitas-2.jpg\" alt=\"\" width=\"535\" height=\"812\" srcset=\"https:\/\/jorgezanoni.com.br\/2019\/wp-content\/uploads\/2021\/08\/Pai-Renato-Maciel-Costa-e-a-filha-Amanda-Freitas-2.jpg 535w, https:\/\/jorgezanoni.com.br\/2019\/wp-content\/uploads\/2021\/08\/Pai-Renato-Maciel-Costa-e-a-filha-Amanda-Freitas-2-198x300.jpg 198w, https:\/\/jorgezanoni.com.br\/2019\/wp-content\/uploads\/2021\/08\/Pai-Renato-Maciel-Costa-e-a-filha-Amanda-Freitas-2-277x420.jpg 277w\" sizes=\"auto, (max-width: 535px) 100vw, 535px\" \/>Pai Renato Maciel Costa e a filha Amanda Freitas<\/p>\n<p><img loading=\"lazy\" decoding=\"async\" class=\"alignnone size-full wp-image-51889\" src=\"https:\/\/jorgezanoni.com.br\/2019\/wp-content\/uploads\/2021\/08\/Pai-Roberto-Cruz-e-os-filhos-Julio-Vinicius-e-Adriana-de-Farias-2.jpg\" alt=\"\" width=\"677\" height=\"836\" srcset=\"https:\/\/jorgezanoni.com.br\/2019\/wp-content\/uploads\/2021\/08\/Pai-Roberto-Cruz-e-os-filhos-Julio-Vinicius-e-Adriana-de-Farias-2.jpg 677w, https:\/\/jorgezanoni.com.br\/2019\/wp-content\/uploads\/2021\/08\/Pai-Roberto-Cruz-e-os-filhos-Julio-Vinicius-e-Adriana-de-Farias-2-243x300.jpg 243w, https:\/\/jorgezanoni.com.br\/2019\/wp-content\/uploads\/2021\/08\/Pai-Roberto-Cruz-e-os-filhos-Julio-Vinicius-e-Adriana-de-Farias-2-324x400.jpg 324w, https:\/\/jorgezanoni.com.br\/2019\/wp-content\/uploads\/2021\/08\/Pai-Roberto-Cruz-e-os-filhos-Julio-Vinicius-e-Adriana-de-Farias-2-340x420.jpg 340w\" sizes=\"auto, (max-width: 677px) 100vw, 677px\" \/>Pai Roberto Cruz e os filhos Julio Vinicius e Adriana de Farias<\/p>\n<p><img loading=\"lazy\" decoding=\"async\" class=\"alignnone size-full wp-image-51890\" src=\"https:\/\/jorgezanoni.com.br\/2019\/wp-content\/uploads\/2021\/08\/Pai-Robson-Leandro-Raimundo-com-Ines-Graff-Raimundo-2.jpg\" alt=\"\" width=\"680\" height=\"639\" srcset=\"https:\/\/jorgezanoni.com.br\/2019\/wp-content\/uploads\/2021\/08\/Pai-Robson-Leandro-Raimundo-com-Ines-Graff-Raimundo-2.jpg 680w, https:\/\/jorgezanoni.com.br\/2019\/wp-content\/uploads\/2021\/08\/Pai-Robson-Leandro-Raimundo-com-Ines-Graff-Raimundo-2-300x282.jpg 300w, https:\/\/jorgezanoni.com.br\/2019\/wp-content\/uploads\/2021\/08\/Pai-Robson-Leandro-Raimundo-com-Ines-Graff-Raimundo-2-447x420.jpg 447w\" sizes=\"auto, (max-width: 680px) 100vw, 680px\" \/>Pai Robson Leandro Raimundo com Ines Graff Raimundo<\/p>\n<p><img loading=\"lazy\" decoding=\"async\" class=\"alignnone size-full wp-image-51891\" src=\"https:\/\/jorgezanoni.com.br\/2019\/wp-content\/uploads\/2021\/08\/Pai-Rogerio-Alves-Belo-e-a-filha-Isadora-Graton-Alves-2.jpg\" alt=\"\" width=\"714\" height=\"1030\" srcset=\"https:\/\/jorgezanoni.com.br\/2019\/wp-content\/uploads\/2021\/08\/Pai-Rogerio-Alves-Belo-e-a-filha-Isadora-Graton-Alves-2.jpg 714w, https:\/\/jorgezanoni.com.br\/2019\/wp-content\/uploads\/2021\/08\/Pai-Rogerio-Alves-Belo-e-a-filha-Isadora-Graton-Alves-2-208x300.jpg 208w, https:\/\/jorgezanoni.com.br\/2019\/wp-content\/uploads\/2021\/08\/Pai-Rogerio-Alves-Belo-e-a-filha-Isadora-Graton-Alves-2-710x1024.jpg 710w, https:\/\/jorgezanoni.com.br\/2019\/wp-content\/uploads\/2021\/08\/Pai-Rogerio-Alves-Belo-e-a-filha-Isadora-Graton-Alves-2-696x1004.jpg 696w, https:\/\/jorgezanoni.com.br\/2019\/wp-content\/uploads\/2021\/08\/Pai-Rogerio-Alves-Belo-e-a-filha-Isadora-Graton-Alves-2-291x420.jpg 291w\" sizes=\"auto, (max-width: 714px) 100vw, 714px\" \/>Pai Rogerio Alves (Belo) e a filha Isadora Graton Alves<\/p>\n<p><img loading=\"lazy\" decoding=\"async\" class=\"alignnone size-full wp-image-51892\" src=\"https:\/\/jorgezanoni.com.br\/2019\/wp-content\/uploads\/2021\/08\/Pai-Ronaldo-Balbino-Felix-e-Fernanda-Martins-dos-Santos-2.jpg\" alt=\"\" width=\"1123\" height=\"846\" srcset=\"https:\/\/jorgezanoni.com.br\/2019\/wp-content\/uploads\/2021\/08\/Pai-Ronaldo-Balbino-Felix-e-Fernanda-Martins-dos-Santos-2.jpg 1123w, https:\/\/jorgezanoni.com.br\/2019\/wp-content\/uploads\/2021\/08\/Pai-Ronaldo-Balbino-Felix-e-Fernanda-Martins-dos-Santos-2-300x226.jpg 300w, https:\/\/jorgezanoni.com.br\/2019\/wp-content\/uploads\/2021\/08\/Pai-Ronaldo-Balbino-Felix-e-Fernanda-Martins-dos-Santos-2-1024x771.jpg 1024w, https:\/\/jorgezanoni.com.br\/2019\/wp-content\/uploads\/2021\/08\/Pai-Ronaldo-Balbino-Felix-e-Fernanda-Martins-dos-Santos-2-768x579.jpg 768w, https:\/\/jorgezanoni.com.br\/2019\/wp-content\/uploads\/2021\/08\/Pai-Ronaldo-Balbino-Felix-e-Fernanda-Martins-dos-Santos-2-80x60.jpg 80w, https:\/\/jorgezanoni.com.br\/2019\/wp-content\/uploads\/2021\/08\/Pai-Ronaldo-Balbino-Felix-e-Fernanda-Martins-dos-Santos-2-696x524.jpg 696w, https:\/\/jorgezanoni.com.br\/2019\/wp-content\/uploads\/2021\/08\/Pai-Ronaldo-Balbino-Felix-e-Fernanda-Martins-dos-Santos-2-1068x805.jpg 1068w, https:\/\/jorgezanoni.com.br\/2019\/wp-content\/uploads\/2021\/08\/Pai-Ronaldo-Balbino-Felix-e-Fernanda-Martins-dos-Santos-2-558x420.jpg 558w\" sizes=\"auto, (max-width: 1123px) 100vw, 1123px\" \/>Pai Ronaldo Balbino Felix e Fernanda Martins dos Santos<\/p>\n<p><img loading=\"lazy\" decoding=\"async\" class=\"alignnone size-full wp-image-51893\" src=\"https:\/\/jorgezanoni.com.br\/2019\/wp-content\/uploads\/2021\/08\/Pai-Rubens-Pereira-Coelho-Rubao.jpg\" alt=\"\" width=\"634\" height=\"850\" srcset=\"https:\/\/jorgezanoni.com.br\/2019\/wp-content\/uploads\/2021\/08\/Pai-Rubens-Pereira-Coelho-Rubao.jpg 634w, https:\/\/jorgezanoni.com.br\/2019\/wp-content\/uploads\/2021\/08\/Pai-Rubens-Pereira-Coelho-Rubao-224x300.jpg 224w, https:\/\/jorgezanoni.com.br\/2019\/wp-content\/uploads\/2021\/08\/Pai-Rubens-Pereira-Coelho-Rubao-313x420.jpg 313w\" sizes=\"auto, (max-width: 634px) 100vw, 634px\" \/>Pai Rubens Pereira Coelho (Rub\u00e3o)<\/p>\n<p><img loading=\"lazy\" decoding=\"async\" class=\"alignnone size-full wp-image-51894\" src=\"https:\/\/jorgezanoni.com.br\/2019\/wp-content\/uploads\/2021\/08\/Pai-Sandro-Alkmin-e-as-filhas-Lorena-Jade-Liz-e-Maria-Clara-2.jpg\" alt=\"\" width=\"1074\" height=\"984\" srcset=\"https:\/\/jorgezanoni.com.br\/2019\/wp-content\/uploads\/2021\/08\/Pai-Sandro-Alkmin-e-as-filhas-Lorena-Jade-Liz-e-Maria-Clara-2.jpg 1074w, https:\/\/jorgezanoni.com.br\/2019\/wp-content\/uploads\/2021\/08\/Pai-Sandro-Alkmin-e-as-filhas-Lorena-Jade-Liz-e-Maria-Clara-2-300x275.jpg 300w, https:\/\/jorgezanoni.com.br\/2019\/wp-content\/uploads\/2021\/08\/Pai-Sandro-Alkmin-e-as-filhas-Lorena-Jade-Liz-e-Maria-Clara-2-1024x938.jpg 1024w, https:\/\/jorgezanoni.com.br\/2019\/wp-content\/uploads\/2021\/08\/Pai-Sandro-Alkmin-e-as-filhas-Lorena-Jade-Liz-e-Maria-Clara-2-768x704.jpg 768w, https:\/\/jorgezanoni.com.br\/2019\/wp-content\/uploads\/2021\/08\/Pai-Sandro-Alkmin-e-as-filhas-Lorena-Jade-Liz-e-Maria-Clara-2-696x638.jpg 696w, https:\/\/jorgezanoni.com.br\/2019\/wp-content\/uploads\/2021\/08\/Pai-Sandro-Alkmin-e-as-filhas-Lorena-Jade-Liz-e-Maria-Clara-2-1068x979.jpg 1068w, https:\/\/jorgezanoni.com.br\/2019\/wp-content\/uploads\/2021\/08\/Pai-Sandro-Alkmin-e-as-filhas-Lorena-Jade-Liz-e-Maria-Clara-2-458x420.jpg 458w\" sizes=\"auto, (max-width: 1074px) 100vw, 1074px\" \/>Pai Sandro Alkmin e as filhas Lorena, Jade, Liz e Maria Clara<\/p>\n<p><img loading=\"lazy\" decoding=\"async\" class=\"alignnone size-full wp-image-51895\" src=\"https:\/\/jorgezanoni.com.br\/2019\/wp-content\/uploads\/2021\/08\/Pai-Sebastiao-Aleixo-da-Silva.jpg\" alt=\"\" width=\"715\" height=\"715\" srcset=\"https:\/\/jorgezanoni.com.br\/2019\/wp-content\/uploads\/2021\/08\/Pai-Sebastiao-Aleixo-da-Silva.jpg 715w, https:\/\/jorgezanoni.com.br\/2019\/wp-content\/uploads\/2021\/08\/Pai-Sebastiao-Aleixo-da-Silva-300x300.jpg 300w, https:\/\/jorgezanoni.com.br\/2019\/wp-content\/uploads\/2021\/08\/Pai-Sebastiao-Aleixo-da-Silva-150x150.jpg 150w, https:\/\/jorgezanoni.com.br\/2019\/wp-content\/uploads\/2021\/08\/Pai-Sebastiao-Aleixo-da-Silva-696x696.jpg 696w, https:\/\/jorgezanoni.com.br\/2019\/wp-content\/uploads\/2021\/08\/Pai-Sebastiao-Aleixo-da-Silva-420x420.jpg 420w\" sizes=\"auto, (max-width: 715px) 100vw, 715px\" \/>Pai Sebastiao Aleixo da Silva (In mem\u00f3ria)<\/p>\n<p><img loading=\"lazy\" decoding=\"async\" class=\"alignnone size-full wp-image-51896\" src=\"https:\/\/jorgezanoni.com.br\/2019\/wp-content\/uploads\/2021\/08\/Pai-Sebastiao-Gonsalves-valencia-Tintino-2.jpg\" alt=\"\" width=\"892\" height=\"1224\" srcset=\"https:\/\/jorgezanoni.com.br\/2019\/wp-content\/uploads\/2021\/08\/Pai-Sebastiao-Gonsalves-valencia-Tintino-2.jpg 892w, https:\/\/jorgezanoni.com.br\/2019\/wp-content\/uploads\/2021\/08\/Pai-Sebastiao-Gonsalves-valencia-Tintino-2-219x300.jpg 219w, https:\/\/jorgezanoni.com.br\/2019\/wp-content\/uploads\/2021\/08\/Pai-Sebastiao-Gonsalves-valencia-Tintino-2-746x1024.jpg 746w, https:\/\/jorgezanoni.com.br\/2019\/wp-content\/uploads\/2021\/08\/Pai-Sebastiao-Gonsalves-valencia-Tintino-2-768x1054.jpg 768w, https:\/\/jorgezanoni.com.br\/2019\/wp-content\/uploads\/2021\/08\/Pai-Sebastiao-Gonsalves-valencia-Tintino-2-696x955.jpg 696w, https:\/\/jorgezanoni.com.br\/2019\/wp-content\/uploads\/2021\/08\/Pai-Sebastiao-Gonsalves-valencia-Tintino-2-306x420.jpg 306w\" sizes=\"auto, (max-width: 892px) 100vw, 892px\" \/>Pai Sebasti\u00e3o Gonsalves val\u00eancia (Tintino)<\/p>\n<p><img loading=\"lazy\" decoding=\"async\" class=\"alignnone size-full wp-image-51897\" src=\"https:\/\/jorgezanoni.com.br\/2019\/wp-content\/uploads\/2021\/08\/Pai-Sebastiao-Mendes-Ribeiro-Filho-e-a-filha-Bianca-Esparso-Ribeiro-2.jpg\" alt=\"\" width=\"662\" height=\"567\" srcset=\"https:\/\/jorgezanoni.com.br\/2019\/wp-content\/uploads\/2021\/08\/Pai-Sebastiao-Mendes-Ribeiro-Filho-e-a-filha-Bianca-Esparso-Ribeiro-2.jpg 662w, https:\/\/jorgezanoni.com.br\/2019\/wp-content\/uploads\/2021\/08\/Pai-Sebastiao-Mendes-Ribeiro-Filho-e-a-filha-Bianca-Esparso-Ribeiro-2-300x257.jpg 300w, https:\/\/jorgezanoni.com.br\/2019\/wp-content\/uploads\/2021\/08\/Pai-Sebastiao-Mendes-Ribeiro-Filho-e-a-filha-Bianca-Esparso-Ribeiro-2-490x420.jpg 490w\" sizes=\"auto, (max-width: 662px) 100vw, 662px\" \/>Pai Sebasti\u00e3o Mendes Ribeiro Filho e a filha Bianca Esparso Ribeiro<\/p>\n<p style=\"text-align: justify;\"><img loading=\"lazy\" decoding=\"async\" class=\"alignnone size-full wp-image-51898\" src=\"https:\/\/jorgezanoni.com.br\/2019\/wp-content\/uploads\/2021\/08\/Pai-Serafim-P.-de-Deus-2.jpg\" alt=\"\" width=\"538\" height=\"664\" srcset=\"https:\/\/jorgezanoni.com.br\/2019\/wp-content\/uploads\/2021\/08\/Pai-Serafim-P.-de-Deus-2.jpg 538w, https:\/\/jorgezanoni.com.br\/2019\/wp-content\/uploads\/2021\/08\/Pai-Serafim-P.-de-Deus-2-243x300.jpg 243w, https:\/\/jorgezanoni.com.br\/2019\/wp-content\/uploads\/2021\/08\/Pai-Serafim-P.-de-Deus-2-324x400.jpg 324w, https:\/\/jorgezanoni.com.br\/2019\/wp-content\/uploads\/2021\/08\/Pai-Serafim-P.-de-Deus-2-340x420.jpg 340w\" sizes=\"auto, (max-width: 538px) 100vw, 538px\" \/>Pai Serafim P. de Deus<\/p>\n<p><img loading=\"lazy\" decoding=\"async\" class=\"alignnone size-full wp-image-51899\" src=\"https:\/\/jorgezanoni.com.br\/2019\/wp-content\/uploads\/2021\/08\/Pai-Sergio-Aparecido-Petenuci-com-a-esposa-Darci-Caciolari-Petenuci.jpg\" alt=\"\" width=\"1080\" height=\"1499\" srcset=\"https:\/\/jorgezanoni.com.br\/2019\/wp-content\/uploads\/2021\/08\/Pai-Sergio-Aparecido-Petenuci-com-a-esposa-Darci-Caciolari-Petenuci.jpg 1080w, https:\/\/jorgezanoni.com.br\/2019\/wp-content\/uploads\/2021\/08\/Pai-Sergio-Aparecido-Petenuci-com-a-esposa-Darci-Caciolari-Petenuci-216x300.jpg 216w, https:\/\/jorgezanoni.com.br\/2019\/wp-content\/uploads\/2021\/08\/Pai-Sergio-Aparecido-Petenuci-com-a-esposa-Darci-Caciolari-Petenuci-738x1024.jpg 738w, https:\/\/jorgezanoni.com.br\/2019\/wp-content\/uploads\/2021\/08\/Pai-Sergio-Aparecido-Petenuci-com-a-esposa-Darci-Caciolari-Petenuci-768x1066.jpg 768w, https:\/\/jorgezanoni.com.br\/2019\/wp-content\/uploads\/2021\/08\/Pai-Sergio-Aparecido-Petenuci-com-a-esposa-Darci-Caciolari-Petenuci-696x966.jpg 696w, https:\/\/jorgezanoni.com.br\/2019\/wp-content\/uploads\/2021\/08\/Pai-Sergio-Aparecido-Petenuci-com-a-esposa-Darci-Caciolari-Petenuci-1068x1482.jpg 1068w, https:\/\/jorgezanoni.com.br\/2019\/wp-content\/uploads\/2021\/08\/Pai-Sergio-Aparecido-Petenuci-com-a-esposa-Darci-Caciolari-Petenuci-303x420.jpg 303w\" sizes=\"auto, (max-width: 1080px) 100vw, 1080px\" \/>Pai S\u00e9rgio Aparecido Petenuci com a esposa Darci Caciolari Petenuci<\/p>\n<p><img loading=\"lazy\" decoding=\"async\" class=\"alignnone size-full wp-image-51900\" src=\"https:\/\/jorgezanoni.com.br\/2019\/wp-content\/uploads\/2021\/08\/Pai-Sergio-Lourenco-2.jpg\" alt=\"\" width=\"250\" height=\"497\" srcset=\"https:\/\/jorgezanoni.com.br\/2019\/wp-content\/uploads\/2021\/08\/Pai-Sergio-Lourenco-2.jpg 250w, https:\/\/jorgezanoni.com.br\/2019\/wp-content\/uploads\/2021\/08\/Pai-Sergio-Lourenco-2-151x300.jpg 151w, https:\/\/jorgezanoni.com.br\/2019\/wp-content\/uploads\/2021\/08\/Pai-Sergio-Lourenco-2-211x420.jpg 211w\" sizes=\"auto, (max-width: 250px) 100vw, 250px\" \/>Pai S\u00e9rgio Louren\u00e7o<\/p>\n<p><img loading=\"lazy\" decoding=\"async\" class=\"alignnone size-full wp-image-51901\" src=\"https:\/\/jorgezanoni.com.br\/2019\/wp-content\/uploads\/2021\/08\/Pai-Sergio-Luis-Furlan-e-esposa-Rosalina-com-as-filhas-Michaely-e-Vivian-2.jpg\" alt=\"\" width=\"1216\" height=\"753\" srcset=\"https:\/\/jorgezanoni.com.br\/2019\/wp-content\/uploads\/2021\/08\/Pai-Sergio-Luis-Furlan-e-esposa-Rosalina-com-as-filhas-Michaely-e-Vivian-2.jpg 1216w, https:\/\/jorgezanoni.com.br\/2019\/wp-content\/uploads\/2021\/08\/Pai-Sergio-Luis-Furlan-e-esposa-Rosalina-com-as-filhas-Michaely-e-Vivian-2-300x186.jpg 300w, https:\/\/jorgezanoni.com.br\/2019\/wp-content\/uploads\/2021\/08\/Pai-Sergio-Luis-Furlan-e-esposa-Rosalina-com-as-filhas-Michaely-e-Vivian-2-1024x634.jpg 1024w, https:\/\/jorgezanoni.com.br\/2019\/wp-content\/uploads\/2021\/08\/Pai-Sergio-Luis-Furlan-e-esposa-Rosalina-com-as-filhas-Michaely-e-Vivian-2-768x476.jpg 768w, https:\/\/jorgezanoni.com.br\/2019\/wp-content\/uploads\/2021\/08\/Pai-Sergio-Luis-Furlan-e-esposa-Rosalina-com-as-filhas-Michaely-e-Vivian-2-356x220.jpg 356w, https:\/\/jorgezanoni.com.br\/2019\/wp-content\/uploads\/2021\/08\/Pai-Sergio-Luis-Furlan-e-esposa-Rosalina-com-as-filhas-Michaely-e-Vivian-2-696x431.jpg 696w, https:\/\/jorgezanoni.com.br\/2019\/wp-content\/uploads\/2021\/08\/Pai-Sergio-Luis-Furlan-e-esposa-Rosalina-com-as-filhas-Michaely-e-Vivian-2-1068x661.jpg 1068w, https:\/\/jorgezanoni.com.br\/2019\/wp-content\/uploads\/2021\/08\/Pai-Sergio-Luis-Furlan-e-esposa-Rosalina-com-as-filhas-Michaely-e-Vivian-2-678x420.jpg 678w\" sizes=\"auto, (max-width: 1216px) 100vw, 1216px\" \/>Pai S\u00e9rgio Lu\u00eds Furlan e esposa Rosalina com as filhas Michaely e Vivian<\/p>\n<p><img loading=\"lazy\" decoding=\"async\" class=\"alignnone size-full wp-image-51902\" src=\"https:\/\/jorgezanoni.com.br\/2019\/wp-content\/uploads\/2021\/08\/Pai-Silvio-Magno-Ribeiro-com-Gabrielli-de-Cassia-Ribeiro-2.jpg\" alt=\"\" width=\"509\" height=\"401\" srcset=\"https:\/\/jorgezanoni.com.br\/2019\/wp-content\/uploads\/2021\/08\/Pai-Silvio-Magno-Ribeiro-com-Gabrielli-de-Cassia-Ribeiro-2.jpg 509w, https:\/\/jorgezanoni.com.br\/2019\/wp-content\/uploads\/2021\/08\/Pai-Silvio-Magno-Ribeiro-com-Gabrielli-de-Cassia-Ribeiro-2-300x236.jpg 300w\" sizes=\"auto, (max-width: 509px) 100vw, 509px\" \/>Pai Silvio Magno Ribeiro com Gabrielli de C\u00e1ssia Ribeiro <img loading=\"lazy\" decoding=\"async\" class=\"alignnone size-full wp-image-51903\" src=\"https:\/\/jorgezanoni.com.br\/2019\/wp-content\/uploads\/2021\/08\/Pai-Sival-e-o-filho-Luan-2.jpg\" alt=\"\" width=\"486\" height=\"531\" srcset=\"https:\/\/jorgezanoni.com.br\/2019\/wp-content\/uploads\/2021\/08\/Pai-Sival-e-o-filho-Luan-2.jpg 486w, https:\/\/jorgezanoni.com.br\/2019\/wp-content\/uploads\/2021\/08\/Pai-Sival-e-o-filho-Luan-2-275x300.jpg 275w, https:\/\/jorgezanoni.com.br\/2019\/wp-content\/uploads\/2021\/08\/Pai-Sival-e-o-filho-Luan-2-384x420.jpg 384w\" sizes=\"auto, (max-width: 486px) 100vw, 486px\" \/>Pai Sival e o filho Luan<\/p>\n<p><img loading=\"lazy\" decoding=\"async\" class=\"alignnone size-full wp-image-51904\" src=\"https:\/\/jorgezanoni.com.br\/2019\/wp-content\/uploads\/2021\/08\/Pai-Vagner-Andre-Pereira-e-a-filha-Ana-Laura-2.jpg\" alt=\"\" width=\"297\" height=\"621\" srcset=\"https:\/\/jorgezanoni.com.br\/2019\/wp-content\/uploads\/2021\/08\/Pai-Vagner-Andre-Pereira-e-a-filha-Ana-Laura-2.jpg 297w, https:\/\/jorgezanoni.com.br\/2019\/wp-content\/uploads\/2021\/08\/Pai-Vagner-Andre-Pereira-e-a-filha-Ana-Laura-2-143x300.jpg 143w, https:\/\/jorgezanoni.com.br\/2019\/wp-content\/uploads\/2021\/08\/Pai-Vagner-Andre-Pereira-e-a-filha-Ana-Laura-2-201x420.jpg 201w\" sizes=\"auto, (max-width: 297px) 100vw, 297px\" \/>Pai Vagner Andr\u00e9 Pereira e a filha Ana Laura<\/p>\n<p><img loading=\"lazy\" decoding=\"async\" class=\"alignnone size-full wp-image-51905\" src=\"https:\/\/jorgezanoni.com.br\/2019\/wp-content\/uploads\/2021\/08\/Pai-Vagner-Ribeiro-Cacao-e-os-filhos-Mariana-e-Miguel.jpg\" alt=\"\" width=\"1600\" height=\"900\" srcset=\"https:\/\/jorgezanoni.com.br\/2019\/wp-content\/uploads\/2021\/08\/Pai-Vagner-Ribeiro-Cacao-e-os-filhos-Mariana-e-Miguel.jpg 1600w, https:\/\/jorgezanoni.com.br\/2019\/wp-content\/uploads\/2021\/08\/Pai-Vagner-Ribeiro-Cacao-e-os-filhos-Mariana-e-Miguel-300x169.jpg 300w, https:\/\/jorgezanoni.com.br\/2019\/wp-content\/uploads\/2021\/08\/Pai-Vagner-Ribeiro-Cacao-e-os-filhos-Mariana-e-Miguel-1024x576.jpg 1024w, https:\/\/jorgezanoni.com.br\/2019\/wp-content\/uploads\/2021\/08\/Pai-Vagner-Ribeiro-Cacao-e-os-filhos-Mariana-e-Miguel-768x432.jpg 768w, https:\/\/jorgezanoni.com.br\/2019\/wp-content\/uploads\/2021\/08\/Pai-Vagner-Ribeiro-Cacao-e-os-filhos-Mariana-e-Miguel-1536x864.jpg 1536w, https:\/\/jorgezanoni.com.br\/2019\/wp-content\/uploads\/2021\/08\/Pai-Vagner-Ribeiro-Cacao-e-os-filhos-Mariana-e-Miguel-696x392.jpg 696w, https:\/\/jorgezanoni.com.br\/2019\/wp-content\/uploads\/2021\/08\/Pai-Vagner-Ribeiro-Cacao-e-os-filhos-Mariana-e-Miguel-1068x601.jpg 1068w, https:\/\/jorgezanoni.com.br\/2019\/wp-content\/uploads\/2021\/08\/Pai-Vagner-Ribeiro-Cacao-e-os-filhos-Mariana-e-Miguel-747x420.jpg 747w\" sizes=\"auto, (max-width: 1600px) 100vw, 1600px\" \/>Pai Vagner Ribeiro Ca\u00e7\u00e3o e os filhos Mariana e Miguel<\/p>\n<p><img loading=\"lazy\" decoding=\"async\" class=\"alignnone size-full wp-image-51906\" src=\"https:\/\/jorgezanoni.com.br\/2019\/wp-content\/uploads\/2021\/08\/Pai-Victor-Matheus-e-os-filhos-Ana-Livia-e-Davi.jpg\" alt=\"\" width=\"1020\" height=\"1280\" srcset=\"https:\/\/jorgezanoni.com.br\/2019\/wp-content\/uploads\/2021\/08\/Pai-Victor-Matheus-e-os-filhos-Ana-Livia-e-Davi.jpg 1020w, https:\/\/jorgezanoni.com.br\/2019\/wp-content\/uploads\/2021\/08\/Pai-Victor-Matheus-e-os-filhos-Ana-Livia-e-Davi-239x300.jpg 239w, https:\/\/jorgezanoni.com.br\/2019\/wp-content\/uploads\/2021\/08\/Pai-Victor-Matheus-e-os-filhos-Ana-Livia-e-Davi-816x1024.jpg 816w, https:\/\/jorgezanoni.com.br\/2019\/wp-content\/uploads\/2021\/08\/Pai-Victor-Matheus-e-os-filhos-Ana-Livia-e-Davi-768x964.jpg 768w, https:\/\/jorgezanoni.com.br\/2019\/wp-content\/uploads\/2021\/08\/Pai-Victor-Matheus-e-os-filhos-Ana-Livia-e-Davi-696x873.jpg 696w, https:\/\/jorgezanoni.com.br\/2019\/wp-content\/uploads\/2021\/08\/Pai-Victor-Matheus-e-os-filhos-Ana-Livia-e-Davi-335x420.jpg 335w\" sizes=\"auto, (max-width: 1020px) 100vw, 1020px\" \/>Pai Victor Matheus e os filhos Ana L\u00edvia e Davi<\/p>\n<p><img loading=\"lazy\" decoding=\"async\" class=\"alignnone size-full wp-image-51907\" src=\"https:\/\/jorgezanoni.com.br\/2019\/wp-content\/uploads\/2021\/08\/Pai-Willian-e-o-filho-Gabriel-Fernando-2.jpg\" alt=\"\" width=\"620\" height=\"846\" srcset=\"https:\/\/jorgezanoni.com.br\/2019\/wp-content\/uploads\/2021\/08\/Pai-Willian-e-o-filho-Gabriel-Fernando-2.jpg 620w, https:\/\/jorgezanoni.com.br\/2019\/wp-content\/uploads\/2021\/08\/Pai-Willian-e-o-filho-Gabriel-Fernando-2-220x300.jpg 220w, https:\/\/jorgezanoni.com.br\/2019\/wp-content\/uploads\/2021\/08\/Pai-Willian-e-o-filho-Gabriel-Fernando-2-308x420.jpg 308w\" sizes=\"auto, (max-width: 620px) 100vw, 620px\" \/>Pai Willian e o filho Gabriel Fernando<\/p>\n<p><img loading=\"lazy\" decoding=\"async\" class=\"alignnone size-full wp-image-51908\" src=\"https:\/\/jorgezanoni.com.br\/2019\/wp-content\/uploads\/2021\/08\/Pai-Wilson-Bernardo-com-a-filha-Amanda-2.jpg\" alt=\"\" width=\"715\" height=\"619\" srcset=\"https:\/\/jorgezanoni.com.br\/2019\/wp-content\/uploads\/2021\/08\/Pai-Wilson-Bernardo-com-a-filha-Amanda-2.jpg 715w, https:\/\/jorgezanoni.com.br\/2019\/wp-content\/uploads\/2021\/08\/Pai-Wilson-Bernardo-com-a-filha-Amanda-2-300x260.jpg 300w, https:\/\/jorgezanoni.com.br\/2019\/wp-content\/uploads\/2021\/08\/Pai-Wilson-Bernardo-com-a-filha-Amanda-2-534x462.jpg 534w, https:\/\/jorgezanoni.com.br\/2019\/wp-content\/uploads\/2021\/08\/Pai-Wilson-Bernardo-com-a-filha-Amanda-2-696x603.jpg 696w, https:\/\/jorgezanoni.com.br\/2019\/wp-content\/uploads\/2021\/08\/Pai-Wilson-Bernardo-com-a-filha-Amanda-2-485x420.jpg 485w\" sizes=\"auto, (max-width: 715px) 100vw, 715px\" \/>Pai Wilson Bernardo com a filha Amanda<\/p>\n<p style=\"text-align: justify;\"><img loading=\"lazy\" decoding=\"async\" class=\"alignnone size-full wp-image-51909\" src=\"https:\/\/jorgezanoni.com.br\/2019\/wp-content\/uploads\/2021\/08\/Pai-Wilson-Bernardo-com-a-filha-Simone-Jorge-Bernardo-e-o-neto-Enzo-2.jpg\" alt=\"\" width=\"492\" height=\"599\" srcset=\"https:\/\/jorgezanoni.com.br\/2019\/wp-content\/uploads\/2021\/08\/Pai-Wilson-Bernardo-com-a-filha-Simone-Jorge-Bernardo-e-o-neto-Enzo-2.jpg 492w, https:\/\/jorgezanoni.com.br\/2019\/wp-content\/uploads\/2021\/08\/Pai-Wilson-Bernardo-com-a-filha-Simone-Jorge-Bernardo-e-o-neto-Enzo-2-246x300.jpg 246w, https:\/\/jorgezanoni.com.br\/2019\/wp-content\/uploads\/2021\/08\/Pai-Wilson-Bernardo-com-a-filha-Simone-Jorge-Bernardo-e-o-neto-Enzo-2-345x420.jpg 345w\" sizes=\"auto, (max-width: 492px) 100vw, 492px\" \/>Pai Wilson Bernardo com a filha Simone Jorge Bernardo e o neto Enzo<\/p>\n<p style=\"text-align: justify;\"><img loading=\"lazy\" decoding=\"async\" class=\"alignnone size-full wp-image-51910\" src=\"https:\/\/jorgezanoni.com.br\/2019\/wp-content\/uploads\/2021\/08\/Pai-Wilson-Bernardo-Cristiano-Bittanti-Claudemir-Sanches-Rodrigo-Fernandes-com-a-mae-Arlete-e-filhas-Amanda-Bittanti-e-Simone-Jorge-Bernardo-2.jpg\" alt=\"\" width=\"312\" height=\"362\" srcset=\"https:\/\/jorgezanoni.com.br\/2019\/wp-content\/uploads\/2021\/08\/Pai-Wilson-Bernardo-Cristiano-Bittanti-Claudemir-Sanches-Rodrigo-Fernandes-com-a-mae-Arlete-e-filhas-Amanda-Bittanti-e-Simone-Jorge-Bernardo-2.jpg 312w, https:\/\/jorgezanoni.com.br\/2019\/wp-content\/uploads\/2021\/08\/Pai-Wilson-Bernardo-Cristiano-Bittanti-Claudemir-Sanches-Rodrigo-Fernandes-com-a-mae-Arlete-e-filhas-Amanda-Bittanti-e-Simone-Jorge-Bernardo-2-259x300.jpg 259w\" sizes=\"auto, (max-width: 312px) 100vw, 312px\" \/>Pai Wilson Bernardo Cristiano Bittanti, Claudemir Sanches, Rodrigo Fernandes, com a m\u00e3e Arlete e filhas Amanda Bittanti e Simone Jorge Bernardo<\/p>\n<p><img loading=\"lazy\" decoding=\"async\" class=\"alignnone size-full wp-image-51911\" src=\"https:\/\/jorgezanoni.com.br\/2019\/wp-content\/uploads\/2021\/08\/Pai-Wilson-Bernardo-e-as-filhas-Amanda-Bittanti-e-Simone-Jorge-Bernardo.jpg\" alt=\"\" width=\"496\" height=\"625\" srcset=\"https:\/\/jorgezanoni.com.br\/2019\/wp-content\/uploads\/2021\/08\/Pai-Wilson-Bernardo-e-as-filhas-Amanda-Bittanti-e-Simone-Jorge-Bernardo.jpg 496w, https:\/\/jorgezanoni.com.br\/2019\/wp-content\/uploads\/2021\/08\/Pai-Wilson-Bernardo-e-as-filhas-Amanda-Bittanti-e-Simone-Jorge-Bernardo-238x300.jpg 238w, https:\/\/jorgezanoni.com.br\/2019\/wp-content\/uploads\/2021\/08\/Pai-Wilson-Bernardo-e-as-filhas-Amanda-Bittanti-e-Simone-Jorge-Bernardo-333x420.jpg 333w\" sizes=\"auto, (max-width: 496px) 100vw, 496px\" \/>Pai Wilson Bernardo e as filhas Amanda Bittanti e Simone Jorge Bernardo<\/p>\n<p><img loading=\"lazy\" decoding=\"async\" class=\"alignnone size-full wp-image-51912\" src=\"https:\/\/jorgezanoni.com.br\/2019\/wp-content\/uploads\/2021\/08\/Pai-Zezinho-e-a-f-ilha-Isabela-Araujo-2.jpg\" alt=\"\" width=\"888\" height=\"1267\" srcset=\"https:\/\/jorgezanoni.com.br\/2019\/wp-content\/uploads\/2021\/08\/Pai-Zezinho-e-a-f-ilha-Isabela-Araujo-2.jpg 888w, https:\/\/jorgezanoni.com.br\/2019\/wp-content\/uploads\/2021\/08\/Pai-Zezinho-e-a-f-ilha-Isabela-Araujo-2-210x300.jpg 210w, https:\/\/jorgezanoni.com.br\/2019\/wp-content\/uploads\/2021\/08\/Pai-Zezinho-e-a-f-ilha-Isabela-Araujo-2-718x1024.jpg 718w, https:\/\/jorgezanoni.com.br\/2019\/wp-content\/uploads\/2021\/08\/Pai-Zezinho-e-a-f-ilha-Isabela-Araujo-2-768x1096.jpg 768w, https:\/\/jorgezanoni.com.br\/2019\/wp-content\/uploads\/2021\/08\/Pai-Zezinho-e-a-f-ilha-Isabela-Araujo-2-696x993.jpg 696w, https:\/\/jorgezanoni.com.br\/2019\/wp-content\/uploads\/2021\/08\/Pai-Zezinho-e-a-f-ilha-Isabela-Araujo-2-294x420.jpg 294w\" sizes=\"auto, (max-width: 888px) 100vw, 888px\" \/>Pai Zezinho e a filha Isabela Araujo<\/p>\n<p><img loading=\"lazy\" decoding=\"async\" class=\"alignnone size-full wp-image-51913\" src=\"https:\/\/jorgezanoni.com.br\/2019\/wp-content\/uploads\/2021\/08\/Pais-Cicero-Inacio-dos-Santos-e-Ernesto-Gomes-2.jpg\" alt=\"\" width=\"903\" height=\"1225\" srcset=\"https:\/\/jorgezanoni.com.br\/2019\/wp-content\/uploads\/2021\/08\/Pais-Cicero-Inacio-dos-Santos-e-Ernesto-Gomes-2.jpg 903w, https:\/\/jorgezanoni.com.br\/2019\/wp-content\/uploads\/2021\/08\/Pais-Cicero-Inacio-dos-Santos-e-Ernesto-Gomes-2-221x300.jpg 221w, https:\/\/jorgezanoni.com.br\/2019\/wp-content\/uploads\/2021\/08\/Pais-Cicero-Inacio-dos-Santos-e-Ernesto-Gomes-2-755x1024.jpg 755w, https:\/\/jorgezanoni.com.br\/2019\/wp-content\/uploads\/2021\/08\/Pais-Cicero-Inacio-dos-Santos-e-Ernesto-Gomes-2-768x1042.jpg 768w, https:\/\/jorgezanoni.com.br\/2019\/wp-content\/uploads\/2021\/08\/Pais-Cicero-Inacio-dos-Santos-e-Ernesto-Gomes-2-696x944.jpg 696w, https:\/\/jorgezanoni.com.br\/2019\/wp-content\/uploads\/2021\/08\/Pais-Cicero-Inacio-dos-Santos-e-Ernesto-Gomes-2-310x420.jpg 310w\" sizes=\"auto, (max-width: 903px) 100vw, 903px\" \/>Pais C\u00edcero In\u00e1cio dos Santos e Ernesto Gomes<\/p>\n<p style=\"text-align: justify;\"><img loading=\"lazy\" decoding=\"async\" class=\"alignnone size-full wp-image-51914\" src=\"https:\/\/jorgezanoni.com.br\/2019\/wp-content\/uploads\/2021\/08\/Pais-Cristiano-Bittanti-Claudemir-Sanches-Rodrigo-Fernandes-e-Wilson-Bernardo-2.jpg\" alt=\"\" width=\"540\" height=\"402\" srcset=\"https:\/\/jorgezanoni.com.br\/2019\/wp-content\/uploads\/2021\/08\/Pais-Cristiano-Bittanti-Claudemir-Sanches-Rodrigo-Fernandes-e-Wilson-Bernardo-2.jpg 540w, https:\/\/jorgezanoni.com.br\/2019\/wp-content\/uploads\/2021\/08\/Pais-Cristiano-Bittanti-Claudemir-Sanches-Rodrigo-Fernandes-e-Wilson-Bernardo-2-300x223.jpg 300w, https:\/\/jorgezanoni.com.br\/2019\/wp-content\/uploads\/2021\/08\/Pais-Cristiano-Bittanti-Claudemir-Sanches-Rodrigo-Fernandes-e-Wilson-Bernardo-2-80x60.jpg 80w, https:\/\/jorgezanoni.com.br\/2019\/wp-content\/uploads\/2021\/08\/Pais-Cristiano-Bittanti-Claudemir-Sanches-Rodrigo-Fernandes-e-Wilson-Bernardo-2-265x198.jpg 265w\" sizes=\"auto, (max-width: 540px) 100vw, 540px\" \/>Pais Cristiano Bittanti, Claudemir Sanches, Rodrigo Fernandes e Wilson Bernardo<\/p>\n<p><img loading=\"lazy\" decoding=\"async\" class=\"alignnone size-full wp-image-51915\" src=\"https:\/\/jorgezanoni.com.br\/2019\/wp-content\/uploads\/2021\/08\/Pais-Julio-Cesar-Pereira-e-Paulo-Henrique-Pereira-2.jpg\" alt=\"\" width=\"938\" height=\"1212\" srcset=\"https:\/\/jorgezanoni.com.br\/2019\/wp-content\/uploads\/2021\/08\/Pais-Julio-Cesar-Pereira-e-Paulo-Henrique-Pereira-2.jpg 938w, https:\/\/jorgezanoni.com.br\/2019\/wp-content\/uploads\/2021\/08\/Pais-Julio-Cesar-Pereira-e-Paulo-Henrique-Pereira-2-232x300.jpg 232w, https:\/\/jorgezanoni.com.br\/2019\/wp-content\/uploads\/2021\/08\/Pais-Julio-Cesar-Pereira-e-Paulo-Henrique-Pereira-2-793x1024.jpg 793w, https:\/\/jorgezanoni.com.br\/2019\/wp-content\/uploads\/2021\/08\/Pais-Julio-Cesar-Pereira-e-Paulo-Henrique-Pereira-2-768x992.jpg 768w, https:\/\/jorgezanoni.com.br\/2019\/wp-content\/uploads\/2021\/08\/Pais-Julio-Cesar-Pereira-e-Paulo-Henrique-Pereira-2-696x899.jpg 696w, https:\/\/jorgezanoni.com.br\/2019\/wp-content\/uploads\/2021\/08\/Pais-Julio-Cesar-Pereira-e-Paulo-Henrique-Pereira-2-325x420.jpg 325w\" sizes=\"auto, (max-width: 938px) 100vw, 938px\" \/>Pais J\u00falio C\u00e9sar Pereira e Paulo Henrique Pereira<\/p>\n<h2 style=\"text-align: justify;\">Feliz dia dos pais! Uma mensagem de agradecimento ao meu her\u00f3i. !!!\u2764\ufe0f<\/h2>\n<div class=\"content-img\"><img loading=\"lazy\" decoding=\"async\" src=\"https:\/\/cdn.pensador.com\/img\/imagens\/1m\/en\/1_mensagens_dia_dos_pais_1_0.jpg\" alt=\"lindas mensagens para o dia dos pais\" width=\"655\" height=\"500\" \/><\/div>\n<div>www.jorgezanoni.com.br &#8220;A NOT\u00cdCIA COM CREDIBILIDADE&#8221;<\/div>\n","protected":false},"excerpt":{"rendered":"<p>O Site JZ parabeniza todos os Pais neste dia, especialmente aqueles que de alguma forma est\u00e3o ligados no nosso dia a dia, seja atrav\u00e9s de um filho, de um parente, de um amigo, ou que gosta da maneira como \u00e9 feito nosso trabalho. Vejam abaixo dois V\u00ecdeos: uma declama\u00e7\u00e3o e uma m\u00fasica, e no final [&hellip;]<\/p>\n","protected":false},"author":1,"featured_media":51923,"comment_status":"closed","ping_status":"open","sticky":false,"template":"","format":"standard","meta":{"footnotes":""},"categories":[181,110],"tags":[],"class_list":["post-51790","post","type-post","status-publish","format-standard","has-post-thumbnail","hentry","category-galeriadefotos","category-noticiasdestaque"],"_links":{"self":[{"href":"https:\/\/jorgezanoni.com.br\/2019\/wp-json\/wp\/v2\/posts\/51790","targetHints":{"allow":["GET"]}}],"collection":[{"href":"https:\/\/jorgezanoni.com.br\/2019\/wp-json\/wp\/v2\/posts"}],"about":[{"href":"https:\/\/jorgezanoni.com.br\/2019\/wp-json\/wp\/v2\/types\/post"}],"author":[{"embeddable":true,"href":"https:\/\/jorgezanoni.com.br\/2019\/wp-json\/wp\/v2\/users\/1"}],"replies":[{"embeddable":true,"href":"https:\/\/jorgezanoni.com.br\/2019\/wp-json\/wp\/v2\/comments?post=51790"}],"version-history":[{"count":0,"href":"https:\/\/jorgezanoni.com.br\/2019\/wp-json\/wp\/v2\/posts\/51790\/revisions"}],"wp:featuredmedia":[{"embeddable":true,"href":"https:\/\/jorgezanoni.com.br\/2019\/wp-json\/wp\/v2\/media\/51923"}],"wp:attachment":[{"href":"https:\/\/jorgezanoni.com.br\/2019\/wp-json\/wp\/v2\/media?parent=51790"}],"wp:term":[{"taxonomy":"category","embeddable":true,"href":"https:\/\/jorgezanoni.com.br\/2019\/wp-json\/wp\/v2\/categories?post=51790"},{"taxonomy":"post_tag","embeddable":true,"href":"https:\/\/jorgezanoni.com.br\/2019\/wp-json\/wp\/v2\/tags?post=51790"}],"curies":[{"name":"wp","href":"https:\/\/api.w.org\/{rel}","templated":true}]}}