{"id":51758,"date":"2021-08-06T16:47:29","date_gmt":"2021-08-06T16:47:29","guid":{"rendered":"https:\/\/jorgezanoni.com.br\/2019\/?p=51758"},"modified":"2021-08-06T16:47:29","modified_gmt":"2021-08-06T16:47:29","slug":"morador-de-dracena-consegue-protese-com-ajuda-de-vakinha-solidaria","status":"publish","type":"post","link":"https:\/\/jorgezanoni.com.br\/2019\/morador-de-dracena-consegue-protese-com-ajuda-de-vakinha-solidaria\/","title":{"rendered":"Morador de Dracena consegue pr\u00f3tese com ajuda de Vakinha Solid\u00e1ria"},"content":{"rendered":"<p style=\"text-align: justify;\">O morador de Dracena G\u00e9rson C\u00e9sar Rufato, conseguiu com ajuda de amigos e uma Vakinha Solid\u00e1ria nas m\u00eddias, a quantida de R$ 6.090,00, doadas por 47 pessoas.<\/p>\n<p style=\"text-align: justify;\">Com isso foi poss\u00edvel a aquisi\u00e7\u00e3o de uma Pr\u00f3tese para sua perna.<\/p>\n<p style=\"text-align: justify;\">A familia e amigos agradecem a todos que colaboraram para que o amigo voltasse a caminhar.<\/p>\n<p style=\"text-align: justify;\">&#8220;Nossa gratid\u00e3o a todos que de algum modo ajudou. Gerson conseguiu por a perna&#8221;, disse um membro da fam\u00edlia.<\/p>\n<p style=\"text-align: justify;\">Os dados est\u00e3o no link: https:\/\/www.vakinha.com.br\/usuario\/gerson-cesar-rufato<\/p>\n<p style=\"text-align: justify;\">Jorge Zanoni<\/p>\n<p style=\"text-align: justify;\">Foto cedida pela fam\u00edlia<\/p>\n","protected":false},"excerpt":{"rendered":"<p>O morador de Dracena G\u00e9rson C\u00e9sar Rufato, conseguiu com ajuda de amigos e uma Vakinha Solid\u00e1ria nas m\u00eddias, a quantida de R$ 6.090,00, doadas por 47 pessoas. Com isso foi poss\u00edvel a aquisi\u00e7\u00e3o de uma Pr\u00f3tese para sua perna. A familia e amigos agradecem a todos que colaboraram para que o amigo voltasse a caminhar. [&hellip;]<\/p>\n","protected":false},"author":1,"featured_media":51759,"comment_status":"closed","ping_status":"open","sticky":false,"template":"","format":"standard","meta":{"footnotes":""},"categories":[110,118],"tags":[],"class_list":["post-51758","post","type-post","status-publish","format-standard","has-post-thumbnail","hentry","category-noticiasdestaque","category-religiaoesolidariedade"],"_links":{"self":[{"href":"https:\/\/jorgezanoni.com.br\/2019\/wp-json\/wp\/v2\/posts\/51758","targetHints":{"allow":["GET"]}}],"collection":[{"href":"https:\/\/jorgezanoni.com.br\/2019\/wp-json\/wp\/v2\/posts"}],"about":[{"href":"https:\/\/jorgezanoni.com.br\/2019\/wp-json\/wp\/v2\/types\/post"}],"author":[{"embeddable":true,"href":"https:\/\/jorgezanoni.com.br\/2019\/wp-json\/wp\/v2\/users\/1"}],"replies":[{"embeddable":true,"href":"https:\/\/jorgezanoni.com.br\/2019\/wp-json\/wp\/v2\/comments?post=51758"}],"version-history":[{"count":0,"href":"https:\/\/jorgezanoni.com.br\/2019\/wp-json\/wp\/v2\/posts\/51758\/revisions"}],"wp:featuredmedia":[{"embeddable":true,"href":"https:\/\/jorgezanoni.com.br\/2019\/wp-json\/wp\/v2\/media\/51759"}],"wp:attachment":[{"href":"https:\/\/jorgezanoni.com.br\/2019\/wp-json\/wp\/v2\/media?parent=51758"}],"wp:term":[{"taxonomy":"category","embeddable":true,"href":"https:\/\/jorgezanoni.com.br\/2019\/wp-json\/wp\/v2\/categories?post=51758"},{"taxonomy":"post_tag","embeddable":true,"href":"https:\/\/jorgezanoni.com.br\/2019\/wp-json\/wp\/v2\/tags?post=51758"}],"curies":[{"name":"wp","href":"https:\/\/api.w.org\/{rel}","templated":true}]}}