{"id":51729,"date":"2021-08-06T11:35:16","date_gmt":"2021-08-06T11:35:16","guid":{"rendered":"https:\/\/jorgezanoni.com.br\/2019\/?p=51729"},"modified":"2021-08-06T11:35:16","modified_gmt":"2021-08-06T11:35:16","slug":"morre-a-moradora-de-dracena-neusa-jacon-rodrigues","status":"publish","type":"post","link":"https:\/\/jorgezanoni.com.br\/2019\/morre-a-moradora-de-dracena-neusa-jacon-rodrigues\/","title":{"rendered":"Morre a moradora de Dracena Neusa Jacon Rodrigues"},"content":{"rendered":"<p style=\"text-align: justify;\">Comunicamos com pesar o falecimento de Neusa Aparecida Jacon Rodrigues de 60 anos. Ela estava em tratamento da Covid na Santa Casa de Dracena e n\u00e3o resistiu vindo a \u00f3bito.<\/p>\n<p style=\"text-align: justify;\">Segundo informa\u00e7\u00f5es de familiares ela havia contra\u00eddo a doen\u00e7a e estava em tratamento de recupera\u00e7\u00e3o, ficando internada em Presidente Prudente onde contraiu novamente o V\u00edrus.<\/p>\n<p style=\"text-align: justify;\">Deixa esposo, filhos, noras, genro, netas, demais familiares e amigos. \u00c9 irm\u00e3 do Luis Jacon, gerente da R\u00e1dio Liberal FM.<\/p>\n<p style=\"text-align: justify;\">A despedida acontece hoje (6) \u00e0s 10:00 Horas no Cemit\u00e9rio Municipal de Dracena.<\/p>\n<p style=\"text-align: justify;\">Ao amigo Lu\u00eds, demais familiares e amigos a solidariedade e nossos sentimentos neste dif\u00edcil momento.<\/p>\n<p style=\"text-align: justify;\">Jorge Zanoni<\/p>\n<p><img loading=\"lazy\" decoding=\"async\" class=\"alignnone size-full wp-image-51730\" src=\"https:\/\/jorgezanoni.com.br\/2019\/wp-content\/uploads\/2021\/08\/Neusa.jpg\" alt=\"\" width=\"540\" height=\"540\" srcset=\"https:\/\/jorgezanoni.com.br\/2019\/wp-content\/uploads\/2021\/08\/Neusa.jpg 540w, https:\/\/jorgezanoni.com.br\/2019\/wp-content\/uploads\/2021\/08\/Neusa-300x300.jpg 300w, https:\/\/jorgezanoni.com.br\/2019\/wp-content\/uploads\/2021\/08\/Neusa-150x150.jpg 150w, https:\/\/jorgezanoni.com.br\/2019\/wp-content\/uploads\/2021\/08\/Neusa-420x420.jpg 420w\" sizes=\"auto, (max-width: 540px) 100vw, 540px\" \/><\/p>\n","protected":false},"excerpt":{"rendered":"<p>Comunicamos com pesar o falecimento de Neusa Aparecida Jacon Rodrigues de 60 anos. Ela estava em tratamento da Covid na Santa Casa de Dracena e n\u00e3o resistiu vindo a \u00f3bito. Segundo informa\u00e7\u00f5es de familiares ela havia contra\u00eddo a doen\u00e7a e estava em tratamento de recupera\u00e7\u00e3o, ficando internada em Presidente Prudente onde contraiu novamente o V\u00edrus. [&hellip;]<\/p>\n","protected":false},"author":1,"featured_media":51731,"comment_status":"closed","ping_status":"open","sticky":false,"template":"","format":"standard","meta":{"footnotes":""},"categories":[178,110],"tags":[],"class_list":["post-51729","post","type-post","status-publish","format-standard","has-post-thumbnail","hentry","category-notadefalecimento","category-noticiasdestaque"],"_links":{"self":[{"href":"https:\/\/jorgezanoni.com.br\/2019\/wp-json\/wp\/v2\/posts\/51729","targetHints":{"allow":["GET"]}}],"collection":[{"href":"https:\/\/jorgezanoni.com.br\/2019\/wp-json\/wp\/v2\/posts"}],"about":[{"href":"https:\/\/jorgezanoni.com.br\/2019\/wp-json\/wp\/v2\/types\/post"}],"author":[{"embeddable":true,"href":"https:\/\/jorgezanoni.com.br\/2019\/wp-json\/wp\/v2\/users\/1"}],"replies":[{"embeddable":true,"href":"https:\/\/jorgezanoni.com.br\/2019\/wp-json\/wp\/v2\/comments?post=51729"}],"version-history":[{"count":0,"href":"https:\/\/jorgezanoni.com.br\/2019\/wp-json\/wp\/v2\/posts\/51729\/revisions"}],"wp:featuredmedia":[{"embeddable":true,"href":"https:\/\/jorgezanoni.com.br\/2019\/wp-json\/wp\/v2\/media\/51731"}],"wp:attachment":[{"href":"https:\/\/jorgezanoni.com.br\/2019\/wp-json\/wp\/v2\/media?parent=51729"}],"wp:term":[{"taxonomy":"category","embeddable":true,"href":"https:\/\/jorgezanoni.com.br\/2019\/wp-json\/wp\/v2\/categories?post=51729"},{"taxonomy":"post_tag","embeddable":true,"href":"https:\/\/jorgezanoni.com.br\/2019\/wp-json\/wp\/v2\/tags?post=51729"}],"curies":[{"name":"wp","href":"https:\/\/api.w.org\/{rel}","templated":true}]}}