{"id":51714,"date":"2021-08-05T22:31:16","date_gmt":"2021-08-05T22:31:16","guid":{"rendered":"https:\/\/jorgezanoni.com.br\/2019\/?p=51714"},"modified":"2021-08-05T22:31:16","modified_gmt":"2021-08-05T22:31:16","slug":"policia-civil-prende-homem-por-trafico-de-drogas-em-dracena","status":"publish","type":"post","link":"https:\/\/jorgezanoni.com.br\/2019\/policia-civil-prende-homem-por-trafico-de-drogas-em-dracena\/","title":{"rendered":"Pol\u00edcia Civil prende homem por Tr\u00e1fico de Drogas em Dracena"},"content":{"rendered":"<p style=\"text-align: justify;\"><strong>Na a\u00e7\u00e3o foram localizados drogas, balan\u00e7a, dinheiro e apetrechos que s\u00e3o comumente usados para embalar entorpecentes.<\/strong><\/p>\n<p style=\"text-align: justify;\">A Pol\u00edcia Civil, por interm\u00e9dio da DIG\/DISE (Delegacia de Investiga\u00e7\u00f5es Gerais\/Delegacia de Investiga\u00e7\u00f5es Sobre Entorpecentes), com apoio do Grupo de Opera\u00e7\u00f5es Especiais &#8211; GOE, prendeu um homem, de 20 anos, por tr\u00e1fico de drogas na manh\u00e3 desta quinta-feira (5). A pris\u00e3o ocorreu no bairro Santa Clara, em Dracena.<\/p>\n<p style=\"text-align: justify;\">A pris\u00e3o ocorreu durante trabalho de buscas, realizado por policiais civis, na resid\u00eancia do acusado, onde foram encontrados por\u00e7\u00f5es de maconha, balan\u00e7a, dinheiro, uma faca com l\u00e2mina contendo resqu\u00edcios semelhante a maconha e apetrechos que s\u00e3o comumente utilizados para embalar entorpecentes.<\/p>\n<p style=\"text-align: justify;\">Os policiais civis constataram tamb\u00e9m que no im\u00f3vel do investigado preso havia um sistema de monitoramento de c\u00e2meras, que supostamente serviria para visualizar a presen\u00e7a de viaturas policiais nas proximidades da casa. Uma equipe da Pol\u00edcia T\u00e9cnico Cient\u00edfica foi acionada para realizar per\u00edcia no local.<\/p>\n<p style=\"text-align: justify;\">Ao ser questionado sobre os fatos, o suspeito alegou que as drogas ali encontradas eram de sua propriedade e destinada para o seu consumo, sobre a exist\u00eancia do sistema de monitoramento de c\u00e2meras disse que havia instalado para proteger sua casa, pois j\u00e1 havia sido furtado, contudo n\u00e3o havia registro dessa ocorr\u00eancia.<\/p>\n<p style=\"text-align: justify;\">O preso foi encaminhado \u00e0 sede da DISE, onde foi ratificada e formalizada a pris\u00e3o em flagrante, e posteriormente o homem foi encaminhado para uma unidade prisional ficando \u00e0 disposi\u00e7\u00e3o da Justi\u00e7a.<br \/>\nDen\u00fancias an\u00f4nimas sobre tr\u00e1fico de drogas podem ser feitas pelo Disque Den\u00fancia 181, ou pelo fone (18) 3821-3753, da Delegacia de Investiga\u00e7\u00e3o Sobre Entorpecentes &#8211; DISE. O sigilo e o anonimato s\u00e3o garantidos.<\/p>\n<p><img loading=\"lazy\" decoding=\"async\" class=\"alignnone size-full wp-image-51715\" src=\"https:\/\/jorgezanoni.com.br\/2019\/wp-content\/uploads\/2021\/08\/dro1.jpg\" alt=\"\" width=\"875\" height=\"930\" srcset=\"https:\/\/jorgezanoni.com.br\/2019\/wp-content\/uploads\/2021\/08\/dro1.jpg 875w, https:\/\/jorgezanoni.com.br\/2019\/wp-content\/uploads\/2021\/08\/dro1-282x300.jpg 282w, https:\/\/jorgezanoni.com.br\/2019\/wp-content\/uploads\/2021\/08\/dro1-768x816.jpg 768w, https:\/\/jorgezanoni.com.br\/2019\/wp-content\/uploads\/2021\/08\/dro1-696x740.jpg 696w, https:\/\/jorgezanoni.com.br\/2019\/wp-content\/uploads\/2021\/08\/dro1-395x420.jpg 395w\" sizes=\"auto, (max-width: 875px) 100vw, 875px\" \/> <img loading=\"lazy\" decoding=\"async\" class=\"alignnone size-full wp-image-51716\" src=\"https:\/\/jorgezanoni.com.br\/2019\/wp-content\/uploads\/2021\/08\/dro2.jpg\" alt=\"\" width=\"1280\" height=\"755\" srcset=\"https:\/\/jorgezanoni.com.br\/2019\/wp-content\/uploads\/2021\/08\/dro2.jpg 1280w, https:\/\/jorgezanoni.com.br\/2019\/wp-content\/uploads\/2021\/08\/dro2-300x177.jpg 300w, https:\/\/jorgezanoni.com.br\/2019\/wp-content\/uploads\/2021\/08\/dro2-1024x604.jpg 1024w, https:\/\/jorgezanoni.com.br\/2019\/wp-content\/uploads\/2021\/08\/dro2-768x453.jpg 768w, https:\/\/jorgezanoni.com.br\/2019\/wp-content\/uploads\/2021\/08\/dro2-696x411.jpg 696w, https:\/\/jorgezanoni.com.br\/2019\/wp-content\/uploads\/2021\/08\/dro2-1068x630.jpg 1068w, https:\/\/jorgezanoni.com.br\/2019\/wp-content\/uploads\/2021\/08\/dro2-712x420.jpg 712w\" sizes=\"auto, (max-width: 1280px) 100vw, 1280px\" \/> <img loading=\"lazy\" decoding=\"async\" class=\"alignnone size-full wp-image-51717\" src=\"https:\/\/jorgezanoni.com.br\/2019\/wp-content\/uploads\/2021\/08\/dro3.jpg\" alt=\"\" width=\"896\" height=\"1143\" srcset=\"https:\/\/jorgezanoni.com.br\/2019\/wp-content\/uploads\/2021\/08\/dro3.jpg 896w, https:\/\/jorgezanoni.com.br\/2019\/wp-content\/uploads\/2021\/08\/dro3-235x300.jpg 235w, https:\/\/jorgezanoni.com.br\/2019\/wp-content\/uploads\/2021\/08\/dro3-803x1024.jpg 803w, https:\/\/jorgezanoni.com.br\/2019\/wp-content\/uploads\/2021\/08\/dro3-768x980.jpg 768w, https:\/\/jorgezanoni.com.br\/2019\/wp-content\/uploads\/2021\/08\/dro3-696x888.jpg 696w, https:\/\/jorgezanoni.com.br\/2019\/wp-content\/uploads\/2021\/08\/dro3-329x420.jpg 329w\" sizes=\"auto, (max-width: 896px) 100vw, 896px\" \/><\/p>\n<p>Fonte: Com. Social Pol\u00edcia Civil<\/p>\n","protected":false},"excerpt":{"rendered":"<p>Na a\u00e7\u00e3o foram localizados drogas, balan\u00e7a, dinheiro e apetrechos que s\u00e3o comumente usados para embalar entorpecentes. A Pol\u00edcia Civil, por interm\u00e9dio da DIG\/DISE (Delegacia de Investiga\u00e7\u00f5es Gerais\/Delegacia de Investiga\u00e7\u00f5es Sobre Entorpecentes), com apoio do Grupo de Opera\u00e7\u00f5es Especiais &#8211; GOE, prendeu um homem, de 20 anos, por tr\u00e1fico de drogas na manh\u00e3 desta quinta-feira (5). [&hellip;]<\/p>\n","protected":false},"author":1,"featured_media":51718,"comment_status":"closed","ping_status":"open","sticky":false,"template":"","format":"standard","meta":{"footnotes":""},"categories":[110,2],"tags":[],"class_list":["post-51714","post","type-post","status-publish","format-standard","has-post-thumbnail","hentry","category-noticiasdestaque","category-policial"],"_links":{"self":[{"href":"https:\/\/jorgezanoni.com.br\/2019\/wp-json\/wp\/v2\/posts\/51714","targetHints":{"allow":["GET"]}}],"collection":[{"href":"https:\/\/jorgezanoni.com.br\/2019\/wp-json\/wp\/v2\/posts"}],"about":[{"href":"https:\/\/jorgezanoni.com.br\/2019\/wp-json\/wp\/v2\/types\/post"}],"author":[{"embeddable":true,"href":"https:\/\/jorgezanoni.com.br\/2019\/wp-json\/wp\/v2\/users\/1"}],"replies":[{"embeddable":true,"href":"https:\/\/jorgezanoni.com.br\/2019\/wp-json\/wp\/v2\/comments?post=51714"}],"version-history":[{"count":0,"href":"https:\/\/jorgezanoni.com.br\/2019\/wp-json\/wp\/v2\/posts\/51714\/revisions"}],"wp:featuredmedia":[{"embeddable":true,"href":"https:\/\/jorgezanoni.com.br\/2019\/wp-json\/wp\/v2\/media\/51718"}],"wp:attachment":[{"href":"https:\/\/jorgezanoni.com.br\/2019\/wp-json\/wp\/v2\/media?parent=51714"}],"wp:term":[{"taxonomy":"category","embeddable":true,"href":"https:\/\/jorgezanoni.com.br\/2019\/wp-json\/wp\/v2\/categories?post=51714"},{"taxonomy":"post_tag","embeddable":true,"href":"https:\/\/jorgezanoni.com.br\/2019\/wp-json\/wp\/v2\/tags?post=51714"}],"curies":[{"name":"wp","href":"https:\/\/api.w.org\/{rel}","templated":true}]}}