{"id":51705,"date":"2021-08-05T13:23:28","date_gmt":"2021-08-05T13:23:28","guid":{"rendered":"https:\/\/jorgezanoni.com.br\/2019\/?p=51705"},"modified":"2021-08-05T13:23:28","modified_gmt":"2021-08-05T13:23:28","slug":"batida-frontal-entre-carro-e-caminhao-mata-idoso-de-81-anos-na-sp-563","status":"publish","type":"post","link":"https:\/\/jorgezanoni.com.br\/2019\/batida-frontal-entre-carro-e-caminhao-mata-idoso-de-81-anos-na-sp-563\/","title":{"rendered":"Batida frontal entre carro e caminh\u00e3o mata idoso de 81 anos na SP-563"},"content":{"rendered":"<h2 class=\"content-head__subtitle\" style=\"text-align: justify;\"><strong>Homem chegou a ser socorrido ao Hospital de Teodoro Sampaio, mas n\u00e3o resistiu aos ferimentos e foi a \u00f3bito.<\/strong><\/h2>\n<div class=\"mc-column content-text active-extra-styles \" style=\"text-align: justify;\" data-block-type=\"unstyled\" data-block-weight=\"38\" data-block-id=\"2\">\n<p class=\"content-text__container \" data-track-category=\"Link no Texto\" data-track-links=\"\">Uma colis\u00e3o frontal entre carro e caminh\u00e3o resultou na morte de um idoso de 81 anos, em\u00a0<a href=\"http:\/\/g1.globo.com\/sp\/presidente-prudente-regiao\/cidade\/mirante-do-paranapanema.html\">Mirante do Paranapanema<\/a>. O acidente foi na SPA-001 com a Rodovia Euclides de Oliveira figueiredo (SP-563), na noite desta quarta-feira (4).<\/p>\n<\/div>\n<div class=\"wall protected-content\">\n<div class=\"mc-column content-text active-extra-styles \" style=\"text-align: justify;\" data-block-type=\"unstyled\" data-block-weight=\"44\" data-block-id=\"3\">\n<p class=\"content-text__container \" data-track-category=\"Link no Texto\" data-track-links=\"\">Segundo a Pol\u00edcia Militar Rodovi\u00e1ria, os envolvidos transitavam pela rodovia e, por motivos a serem esclarecidos, o condutor do carro com placas de Itaguaj\u00e9 (PR) invadiu a pista contr\u00e1ria e bateu de frente com um caminh\u00e3o-trator com semirreboque, com identifica\u00e7\u00f5es de Teodoro Sampaio.<\/p>\n<\/div>\n<div class=\"mc-column content-text active-extra-styles \" style=\"text-align: justify;\" data-block-type=\"unstyled\" data-block-weight=\"26\" data-block-id=\"4\">\n<p class=\"content-text__container \" data-track-category=\"Link no Texto\" data-track-links=\"\">Apenas o idoso estava no carro. O homem chegou a ser socorrido ao Hospital de Teodoro Sampaio, mas n\u00e3o resistiu aos ferimentos e foi a \u00f3bito.<\/p>\n<\/div>\n<div class=\"mc-column content-text active-extra-styles \" style=\"text-align: justify;\" data-block-type=\"unstyled\" data-block-weight=\"16\" data-block-id=\"5\">\n<p class=\"content-text__container \" data-track-category=\"Link no Texto\" data-track-links=\"\">O motorista do caminh\u00e3o realizou o teste do etil\u00f4metro e nada foi constatado para influ\u00eancia alco\u00f3lica.<\/p>\n<\/div>\n<div class=\"mc-column content-text active-extra-styles \" style=\"text-align: justify;\" data-block-type=\"unstyled\" data-block-weight=\"16\" data-block-id=\"6\">\n<p class=\"content-text__container \" data-track-category=\"Link no Texto\" data-track-links=\"\">De acordo com a Pol\u00edcia Rodovi\u00e1ria, n\u00e3o houve interdi\u00e7\u00e3o de rodovia e o tr\u00e2nsito fluiu normalmente.<\/p>\n<\/div>\n<div class=\"mc-column content-text active-extra-styles \" style=\"text-align: justify;\" data-block-type=\"unstyled\" data-block-weight=\"12\" data-block-id=\"7\">\n<p class=\"content-text__container \" data-track-category=\"Link no Texto\" data-track-links=\"\">A Pol\u00edcia Cient\u00edfica realizou a Per\u00edcia t\u00e9cnica do local e dos ve\u00edculos.<\/p>\n<\/div>\n<div class=\"mc-column content-text active-extra-styles \" style=\"text-align: justify;\" data-block-type=\"unstyled\" data-block-weight=\"13\" data-block-id=\"8\">\n<p class=\"content-text__container \" data-track-category=\"Link no Texto\" data-track-links=\"\">A ocorr\u00eancia foi apresentada na Delegacia da Pol\u00edcia Civil de Mirante do Paranapanema.<\/p>\n<\/div>\n<div class=\"row medium-uncollapsed content-media content-photo\" data-block-type=\"backstage-photo\" data-block-id=\"9\">\n<div class=\"mc-column content-media__container\">\n<div class=\"content-media-container glb-skeleton-box\" style=\"text-align: justify;\">\n<figure class=\"content-media-figure\"><img decoding=\"async\" class=\"i-amphtml-fill-content i-amphtml-replaced-content\" src=\"https:\/\/s2.glbimg.com\/R__Vi80C0-TdidqzM4dt3wq0C8Y=\/0x0:1280x957\/984x0\/smart\/filters:strip_icc()\/i.s3.glbimg.com\/v1\/AUTH_59edd422c0c84a879bd37670ae4f538a\/internal_photos\/bs\/2021\/r\/A\/AC9EUgTF69XEm96DGfYA\/whatsapp-image-2021-08-05-at-03.12.44-1-.jpeg\" sizes=\"(max-width: 1366px) 648px, 100vw\" srcset=\"https:\/\/s2.glbimg.com\/XGBF7nHa0gVelVreFPZxuNa8iMs=\/0x0:1280x957\/1000x0\/smart\/filters:strip_icc()\/i.s3.glbimg.com\/v1\/AUTH_59edd422c0c84a879bd37670ae4f538a\/internal_photos\/bs\/2021\/r\/A\/AC9EUgTF69XEm96DGfYA\/whatsapp-image-2021-08-05-at-03.12.44-1-.jpeg 1000w, https:\/\/s2.glbimg.com\/R__Vi80C0-TdidqzM4dt3wq0C8Y=\/0x0:1280x957\/984x0\/smart\/filters:strip_icc()\/i.s3.glbimg.com\/v1\/AUTH_59edd422c0c84a879bd37670ae4f538a\/internal_photos\/bs\/2021\/r\/A\/AC9EUgTF69XEm96DGfYA\/whatsapp-image-2021-08-05-at-03.12.44-1-.jpeg 984w, https:\/\/s2.glbimg.com\/-RS_qP0iUNVhhUjwV0x6Xta7Bno=\/0x0:1280x957\/640x0\/smart\/filters:strip_icc()\/i.s3.glbimg.com\/v1\/AUTH_59edd422c0c84a879bd37670ae4f538a\/internal_photos\/bs\/2021\/r\/A\/AC9EUgTF69XEm96DGfYA\/whatsapp-image-2021-08-05-at-03.12.44-1-.jpeg 640w, https:\/\/s2.glbimg.com\/NWRNfCI16khIEFg_FsrbkBaBnmo=\/0x0:1280x957\/600x0\/smart\/filters:strip_icc()\/i.s3.glbimg.com\/v1\/AUTH_59edd422c0c84a879bd37670ae4f538a\/internal_photos\/bs\/2021\/r\/A\/AC9EUgTF69XEm96DGfYA\/whatsapp-image-2021-08-05-at-03.12.44-1-.jpeg 600w\" alt=\"Batida entre carro e caminh\u00e3o foi registrado em Mirante do Paranapanema \u2014 Foto: Pol\u00edcia Rodovi\u00e1ria\" \/><\/figure>\n<\/div>\n<p class=\"content-media__description \" style=\"text-align: justify;\">Batida entre carro e caminh\u00e3o foi registrado em Mirante do Paranapanema \u2014 Foto: Pol\u00edcia Rodovi\u00e1ria<\/p>\n<p style=\"text-align: justify;\">Fonte: G1<\/p>\n<\/div>\n<\/div>\n<\/div>\n","protected":false},"excerpt":{"rendered":"<p>Homem chegou a ser socorrido ao Hospital de Teodoro Sampaio, mas n\u00e3o resistiu aos ferimentos e foi a \u00f3bito. Uma colis\u00e3o frontal entre carro e caminh\u00e3o resultou na morte de um idoso de 81 anos, em\u00a0Mirante do Paranapanema. O acidente foi na SPA-001 com a Rodovia Euclides de Oliveira figueiredo (SP-563), na noite desta quarta-feira [&hellip;]<\/p>\n","protected":false},"author":1,"featured_media":51706,"comment_status":"closed","ping_status":"open","sticky":false,"template":"","format":"standard","meta":{"footnotes":""},"categories":[170,110],"tags":[],"class_list":["post-51705","post","type-post","status-publish","format-standard","has-post-thumbnail","hentry","category-acidentes","category-noticiasdestaque"],"_links":{"self":[{"href":"https:\/\/jorgezanoni.com.br\/2019\/wp-json\/wp\/v2\/posts\/51705","targetHints":{"allow":["GET"]}}],"collection":[{"href":"https:\/\/jorgezanoni.com.br\/2019\/wp-json\/wp\/v2\/posts"}],"about":[{"href":"https:\/\/jorgezanoni.com.br\/2019\/wp-json\/wp\/v2\/types\/post"}],"author":[{"embeddable":true,"href":"https:\/\/jorgezanoni.com.br\/2019\/wp-json\/wp\/v2\/users\/1"}],"replies":[{"embeddable":true,"href":"https:\/\/jorgezanoni.com.br\/2019\/wp-json\/wp\/v2\/comments?post=51705"}],"version-history":[{"count":0,"href":"https:\/\/jorgezanoni.com.br\/2019\/wp-json\/wp\/v2\/posts\/51705\/revisions"}],"wp:featuredmedia":[{"embeddable":true,"href":"https:\/\/jorgezanoni.com.br\/2019\/wp-json\/wp\/v2\/media\/51706"}],"wp:attachment":[{"href":"https:\/\/jorgezanoni.com.br\/2019\/wp-json\/wp\/v2\/media?parent=51705"}],"wp:term":[{"taxonomy":"category","embeddable":true,"href":"https:\/\/jorgezanoni.com.br\/2019\/wp-json\/wp\/v2\/categories?post=51705"},{"taxonomy":"post_tag","embeddable":true,"href":"https:\/\/jorgezanoni.com.br\/2019\/wp-json\/wp\/v2\/tags?post=51705"}],"curies":[{"name":"wp","href":"https:\/\/api.w.org\/{rel}","templated":true}]}}