{"id":51672,"date":"2021-08-04T22:27:39","date_gmt":"2021-08-04T22:27:39","guid":{"rendered":"https:\/\/jorgezanoni.com.br\/2019\/?p=51672"},"modified":"2021-08-04T22:27:39","modified_gmt":"2021-08-04T22:27:39","slug":"cinco-pessoas-ficam-feridas-em-acidente-em-estrada-vicinal","status":"publish","type":"post","link":"https:\/\/jorgezanoni.com.br\/2019\/cinco-pessoas-ficam-feridas-em-acidente-em-estrada-vicinal\/","title":{"rendered":"Cinco pessoas ficam feridas em acidente em estrada Vicinal"},"content":{"rendered":"<p style=\"text-align: justify;\">Cinco pessoas ficaram feridas em acidente que aconteceu na Vicinal Bastos-Tup\u00e3, na tarde desta quarta-feira, dia 4. As primeiras informa\u00e7\u00f5es s\u00e3o de que seriam tr\u00eas adultos e duas crian\u00e7as que estavam em dois ve\u00edculos, um Peugeot e um Siena, envolvidos na colis\u00e3o, ocorrida no munic\u00edpio de Tup\u00e3.<\/p>\n<p>Em circunst\u00e2ncias a serem esclarecidas, por volta das 13h40, aconteceu uma colis\u00e3o, que envolveu um Peugeot, placas de Lins, e um Siena, placas Mercosul. Ap\u00f3s a colis\u00e3o, o Peugeot, onde viajava uma mulher e uma crian\u00e7a, capotou as margens da rodovia. No Siena estavam um casal e uma crian\u00e7a.<\/p>\n<p>As v\u00edtimas teriam sofrido ferimentos, inicialmente, considerados de natureza leve e foram conduzidas para atendimento m\u00e9dico no Pronto Socorro Municipal de Bastos.<\/p>\n<p style=\"text-align: justify;\">Fonte: Bastos J\u00e1<\/p>\n","protected":false},"excerpt":{"rendered":"<p>Cinco pessoas ficaram feridas em acidente que aconteceu na Vicinal Bastos-Tup\u00e3, na tarde desta quarta-feira, dia 4. As primeiras informa\u00e7\u00f5es s\u00e3o de que seriam tr\u00eas adultos e duas crian\u00e7as que estavam em dois ve\u00edculos, um Peugeot e um Siena, envolvidos na colis\u00e3o, ocorrida no munic\u00edpio de Tup\u00e3. Em circunst\u00e2ncias a serem esclarecidas, por volta das [&hellip;]<\/p>\n","protected":false},"author":1,"featured_media":51673,"comment_status":"closed","ping_status":"open","sticky":false,"template":"","format":"standard","meta":{"footnotes":""},"categories":[170,110],"tags":[],"class_list":["post-51672","post","type-post","status-publish","format-standard","has-post-thumbnail","hentry","category-acidentes","category-noticiasdestaque"],"_links":{"self":[{"href":"https:\/\/jorgezanoni.com.br\/2019\/wp-json\/wp\/v2\/posts\/51672","targetHints":{"allow":["GET"]}}],"collection":[{"href":"https:\/\/jorgezanoni.com.br\/2019\/wp-json\/wp\/v2\/posts"}],"about":[{"href":"https:\/\/jorgezanoni.com.br\/2019\/wp-json\/wp\/v2\/types\/post"}],"author":[{"embeddable":true,"href":"https:\/\/jorgezanoni.com.br\/2019\/wp-json\/wp\/v2\/users\/1"}],"replies":[{"embeddable":true,"href":"https:\/\/jorgezanoni.com.br\/2019\/wp-json\/wp\/v2\/comments?post=51672"}],"version-history":[{"count":0,"href":"https:\/\/jorgezanoni.com.br\/2019\/wp-json\/wp\/v2\/posts\/51672\/revisions"}],"wp:featuredmedia":[{"embeddable":true,"href":"https:\/\/jorgezanoni.com.br\/2019\/wp-json\/wp\/v2\/media\/51673"}],"wp:attachment":[{"href":"https:\/\/jorgezanoni.com.br\/2019\/wp-json\/wp\/v2\/media?parent=51672"}],"wp:term":[{"taxonomy":"category","embeddable":true,"href":"https:\/\/jorgezanoni.com.br\/2019\/wp-json\/wp\/v2\/categories?post=51672"},{"taxonomy":"post_tag","embeddable":true,"href":"https:\/\/jorgezanoni.com.br\/2019\/wp-json\/wp\/v2\/tags?post=51672"}],"curies":[{"name":"wp","href":"https:\/\/api.w.org\/{rel}","templated":true}]}}