{"id":51648,"date":"2021-08-04T13:14:52","date_gmt":"2021-08-04T13:14:52","guid":{"rendered":"https:\/\/jorgezanoni.com.br\/2019\/?p=51648"},"modified":"2021-08-04T13:14:52","modified_gmt":"2021-08-04T13:14:52","slug":"publicidade-propaganda-em-tempo-de-midia-digital-por-sergio-barbosa","status":"publish","type":"post","link":"https:\/\/jorgezanoni.com.br\/2019\/publicidade-propaganda-em-tempo-de-midia-digital-por-sergio-barbosa\/","title":{"rendered":"Publicidade &#038; Propaganda em tempo de M\u00eddia Digital&#8230; (por S\u00e9rgio Barbosa)"},"content":{"rendered":"<p style=\"text-align: justify;\"><strong>Publicidade &amp; Propaganda em tempo de M\u00eddia Digital&#8230;<\/strong><\/p>\n<p style=\"text-align: justify;\"><strong><em>\u201cSe eu tivesse um \u00fanico d\u00f3lar, investiria em propaganda.\u201d (<\/em><\/strong><a href=\"https:\/\/www.pensador.com\/autor\/henry_ford\/\"><strong><em>Henry Ford<\/em><\/strong><\/a><strong><em>)<\/em><\/strong><strong>\u00a0<\/strong><\/p>\n<p style=\"text-align: justify;\"><strong><em>S\u00e9rgio Barbosa (*)<\/em><\/strong><\/p>\n<p style=\"text-align: justify;\">Neste momento, pode-se registrar que o que existe em termos de M\u00cdDIA DIGITAL j\u00e1 estar\u00e1 ultrapassado logo em seguida, assim, caminha o MUNDO em tempo de TECNOLOGIA DIGITAL&#8230;<\/p>\n<p style=\"text-align: justify;\">Para fazer frente neste MERCADO que desenvolve atividades diversificadas e de acordo com as EXIG\u00caNCIAS DO CLIENTE em tempo de p\u00f3s-globaliza\u00e7\u00e3o MIDI\u00c1TICA em todas as \u00e1reas mercadol\u00f3gicas&#8230;<\/p>\n<p style=\"text-align: justify;\">Desta forma, as PROPOSTAS mediadas pelos cursos em n\u00edvel superior que est\u00e3o na \u00e1rea ACAD\u00caMICA (gradua\u00e7\u00e3o), devem estar em conex\u00e3o com todas as TECNOLOGIAS disponibilizadas e patrocinadas pelo MERCADO em n\u00edvel GLOBAL&#8230;<\/p>\n<p style=\"text-align: justify;\">Por\u00e9m, torna-se necess\u00e1ria ter uma BASE TE\u00d3RICA para que a REFLEX\u00c3O CR\u00cdTICA possa ser um diferencial frente ao SENSO COMUM que predomina com as DESINFORMA\u00c7\u00d5ES por meio das denominadas REDES SOCIAIS&#8230;<\/p>\n<p style=\"text-align: justify;\">Neste contexto plural para a sociedade que depende das a\u00e7\u00f5es desenvolvidas pelo MERCADO nas \u00e1reas afins aos interesses para ambos os lados, o\/a PUBLICIT\u00c1RIO DIPLOMADO deve ser caracterizado pela CURIOSIDADE, INQUIETA\u00c7\u00c3O e CAPACIDADE de observar o cotidiano na perspectiva do INUSITADO&#8230;<\/p>\n<p style=\"text-align: justify;\">N\u00e3o se faz necess\u00e1rio ter habilidades art\u00edsticas disto ou daquilo, entretanto, a CRIATIVIDADE dever se um PONTO fundamental nesta atividade que exige do\/a PUBLICIT\u00c1RIO\/A uma capacidade mais do que ORIGINAL para o desenvolvimento dos PROCESSOS na \u00e1rea da PUBLICIDADE &amp; PROPAGANDA neste universo da METACOMUNICA\u00c7\u00c3O&#8230;<\/p>\n<p style=\"text-align: justify;\">Tamb\u00e9m, as ESTRAT\u00c9GIAS DE MARKETING est\u00e3o conectadas com as propostas da \u00e1rea da PUBLICIDADE com apoio da PROPAGANDA\u00a0 e vice-versa, tendo em vista que o MERCADO DE TRABALHO exige um PROFISSIONAL MULTIM\u00cdDIA e com amplo DOM\u00cdNIO das PLATAFORMAS DIGITAIS&#8230;<\/p>\n<p style=\"text-align: justify;\">Os CURR\u00cdCULOS em geral de um Curso de P&amp;P devem atender especificamente a demanda do MERCADO para que a REFLEX\u00c3O CR\u00cdTICA possa conectar a TEORIA com a PRAXIS frente aos NOVOS PARADIGMAS e TEND\u00caNCIAS do MERCADO em n\u00edvel GLOCAL, ou seja, do GLOBAL para o LOCAL&#8230;<\/p>\n<p style=\"text-align: justify;\">A REALIDADE contempor\u00e2nea que faz parte deste contexto internacional est\u00e1 ocupando todos os ESPA\u00c7OS em tempo de PANDEMIA, por\u00e9m, o\/a PUBLICIT\u00c1RIO\/A deste MUNDO em constante MUTA\u00c7\u00c3O ORGANIZACIONAL deve ter um DOM\u00cdNIO Amplo, Geral e Irrestrito das FERRAMENTAS espec\u00edficas e afins nas respectivas atividades do MERCADO&#8230;<\/p>\n<p style=\"text-align: justify;\">Outro fator que deve ser destacado para um entendimento al\u00e9m do previsto e considerando que o INUSITADO est\u00e1 sempre marcando presen\u00e7a na \u00e1rea da P&amp;P, assim, deve-se ter a capacidade de um OLHAR que possa proporcionar a utiliza\u00e7\u00e3o da MULTIDISCIPLINARIEDADE nas propostas em busca dos objetivos previstos&#8230;<\/p>\n<p style=\"text-align: justify;\"><strong><em>____________________________<\/em><\/strong><\/p>\n<p style=\"text-align: justify;\"><strong><em>(*) jornalista diplomado, professor dos Cursos de ADMINISTRA\u00c7\u00c3O e PUBLICIDIADE &amp; PROPAGANDA da UNIFAI\/Adamantina-SP, assessor-executivo da ASSPEM-Assessoria P\u00fablica e Privada e Consultor na \u00c1rea de Gest\u00e3o da Comunica\u00e7\u00e3o Organizacional. Autor do E-BOOK\/LIVRO in ADAMANTINA: Novas perspectivas de Organiza\u00e7\u00f5es Empresariais (ACEA\/EP\/ASSPEM\/2.021)<\/em><\/strong><\/p>\n<p style=\"text-align: justify;\"><strong><em>E-MAIL: barbosa.sebar@gmail.com<\/em><\/strong><\/p>\n","protected":false},"excerpt":{"rendered":"<p>Publicidade &amp; Propaganda em tempo de M\u00eddia Digital&#8230; \u201cSe eu tivesse um \u00fanico d\u00f3lar, investiria em propaganda.\u201d (Henry Ford)\u00a0 S\u00e9rgio Barbosa (*) Neste momento, pode-se registrar que o que existe em termos de M\u00cdDIA DIGITAL j\u00e1 estar\u00e1 ultrapassado logo em seguida, assim, caminha o MUNDO em tempo de TECNOLOGIA DIGITAL&#8230; Para fazer frente neste MERCADO [&hellip;]<\/p>\n","protected":false},"author":1,"featured_media":51650,"comment_status":"closed","ping_status":"open","sticky":false,"template":"","format":"standard","meta":{"footnotes":""},"categories":[175],"tags":[],"class_list":["post-51648","post","type-post","status-publish","format-standard","has-post-thumbnail","hentry","category-artigos"],"_links":{"self":[{"href":"https:\/\/jorgezanoni.com.br\/2019\/wp-json\/wp\/v2\/posts\/51648","targetHints":{"allow":["GET"]}}],"collection":[{"href":"https:\/\/jorgezanoni.com.br\/2019\/wp-json\/wp\/v2\/posts"}],"about":[{"href":"https:\/\/jorgezanoni.com.br\/2019\/wp-json\/wp\/v2\/types\/post"}],"author":[{"embeddable":true,"href":"https:\/\/jorgezanoni.com.br\/2019\/wp-json\/wp\/v2\/users\/1"}],"replies":[{"embeddable":true,"href":"https:\/\/jorgezanoni.com.br\/2019\/wp-json\/wp\/v2\/comments?post=51648"}],"version-history":[{"count":0,"href":"https:\/\/jorgezanoni.com.br\/2019\/wp-json\/wp\/v2\/posts\/51648\/revisions"}],"wp:featuredmedia":[{"embeddable":true,"href":"https:\/\/jorgezanoni.com.br\/2019\/wp-json\/wp\/v2\/media\/51650"}],"wp:attachment":[{"href":"https:\/\/jorgezanoni.com.br\/2019\/wp-json\/wp\/v2\/media?parent=51648"}],"wp:term":[{"taxonomy":"category","embeddable":true,"href":"https:\/\/jorgezanoni.com.br\/2019\/wp-json\/wp\/v2\/categories?post=51648"},{"taxonomy":"post_tag","embeddable":true,"href":"https:\/\/jorgezanoni.com.br\/2019\/wp-json\/wp\/v2\/tags?post=51648"}],"curies":[{"name":"wp","href":"https:\/\/api.w.org\/{rel}","templated":true}]}}