{"id":5164,"date":"2019-09-03T20:57:27","date_gmt":"2019-09-03T20:57:27","guid":{"rendered":"https:\/\/jorgezanoni.com.br\/2019\/?p=5164"},"modified":"2019-09-03T20:57:27","modified_gmt":"2019-09-03T20:57:27","slug":"policia-militar-participa-da-campanha-nao-se-cale-em-monte-castelo-sp","status":"publish","type":"post","link":"https:\/\/jorgezanoni.com.br\/2019\/policia-militar-participa-da-campanha-nao-se-cale-em-monte-castelo-sp\/","title":{"rendered":"Pol\u00edcia Militar participa da Campanha &#8220;N\u00c3O SE CALE&#8221; em Monte Castelo\/SP."},"content":{"rendered":"<p style=\"text-align: justify;\">Na manh\u00e3 de segunda-feira (02\/09\/19) deu in\u00edcio a campanha &#8220;N\u00c3O SE CALE&#8221; no munic\u00edpio de Monte Castelo\/SP, uma parceria entre o Conselho Tutelar, Pol\u00edcia Militar, Prefeitura Municipal e CMDCA, que visa conscientizar a popula\u00e7\u00e3o e ao com\u00e9rcio local a denunciar situa\u00e7\u00f5es que coloquem nossas crian\u00e7as e adolescentes em risco.<\/p>\n<p style=\"text-align: justify;\"><img loading=\"lazy\" decoding=\"async\" class=\"alignnone size-full wp-image-5165\" src=\"https:\/\/jorgezanoni.com.br\/2019\/wp-content\/uploads\/2019\/09\/monte.jpg\" alt=\"\" width=\"720\" height=\"482\" srcset=\"https:\/\/jorgezanoni.com.br\/2019\/wp-content\/uploads\/2019\/09\/monte.jpg 720w, https:\/\/jorgezanoni.com.br\/2019\/wp-content\/uploads\/2019\/09\/monte-300x201.jpg 300w, https:\/\/jorgezanoni.com.br\/2019\/wp-content\/uploads\/2019\/09\/monte-696x466.jpg 696w, https:\/\/jorgezanoni.com.br\/2019\/wp-content\/uploads\/2019\/09\/monte-627x420.jpg 627w\" sizes=\"auto, (max-width: 720px) 100vw, 720px\" \/><\/p>\n<p style=\"text-align: justify;\">#POLICIAMILITARSP<br \/>\n#25BPMI4CIA<br \/>\n#AFOR\u00c7AP\u00daBLICADES\u00c3OPAULO<br \/>\nFonte: COMUNICA\u00c7\u00c3O SOCIAL DO 25\u00ba BPM\/I &#8211; 4\u00aa CIA\/PM.<\/p>\n","protected":false},"excerpt":{"rendered":"<p>Na manh\u00e3 de segunda-feira (02\/09\/19) deu in\u00edcio a campanha &#8220;N\u00c3O SE CALE&#8221; no munic\u00edpio de Monte Castelo\/SP, uma parceria entre o Conselho Tutelar, Pol\u00edcia Militar, Prefeitura Municipal e CMDCA, que visa conscientizar a popula\u00e7\u00e3o e ao com\u00e9rcio local a denunciar situa\u00e7\u00f5es que coloquem nossas crian\u00e7as e adolescentes em risco. #POLICIAMILITARSP #25BPMI4CIA #AFOR\u00c7AP\u00daBLICADES\u00c3OPAULO Fonte: COMUNICA\u00c7\u00c3O SOCIAL [&hellip;]<\/p>\n","protected":false},"author":1,"featured_media":5166,"comment_status":"closed","ping_status":"open","sticky":false,"template":"","format":"standard","meta":{"footnotes":""},"categories":[110,2],"tags":[],"class_list":["post-5164","post","type-post","status-publish","format-standard","has-post-thumbnail","hentry","category-noticiasdestaque","category-policial"],"_links":{"self":[{"href":"https:\/\/jorgezanoni.com.br\/2019\/wp-json\/wp\/v2\/posts\/5164","targetHints":{"allow":["GET"]}}],"collection":[{"href":"https:\/\/jorgezanoni.com.br\/2019\/wp-json\/wp\/v2\/posts"}],"about":[{"href":"https:\/\/jorgezanoni.com.br\/2019\/wp-json\/wp\/v2\/types\/post"}],"author":[{"embeddable":true,"href":"https:\/\/jorgezanoni.com.br\/2019\/wp-json\/wp\/v2\/users\/1"}],"replies":[{"embeddable":true,"href":"https:\/\/jorgezanoni.com.br\/2019\/wp-json\/wp\/v2\/comments?post=5164"}],"version-history":[{"count":0,"href":"https:\/\/jorgezanoni.com.br\/2019\/wp-json\/wp\/v2\/posts\/5164\/revisions"}],"wp:featuredmedia":[{"embeddable":true,"href":"https:\/\/jorgezanoni.com.br\/2019\/wp-json\/wp\/v2\/media\/5166"}],"wp:attachment":[{"href":"https:\/\/jorgezanoni.com.br\/2019\/wp-json\/wp\/v2\/media?parent=5164"}],"wp:term":[{"taxonomy":"category","embeddable":true,"href":"https:\/\/jorgezanoni.com.br\/2019\/wp-json\/wp\/v2\/categories?post=5164"},{"taxonomy":"post_tag","embeddable":true,"href":"https:\/\/jorgezanoni.com.br\/2019\/wp-json\/wp\/v2\/tags?post=5164"}],"curies":[{"name":"wp","href":"https:\/\/api.w.org\/{rel}","templated":true}]}}