{"id":51622,"date":"2021-08-03T23:54:04","date_gmt":"2021-08-03T23:54:04","guid":{"rendered":"https:\/\/jorgezanoni.com.br\/2019\/?p=51622"},"modified":"2021-08-03T23:54:04","modified_gmt":"2021-08-03T23:54:04","slug":"vacina-covid-19-nesta-quarta-feira-para-quem-tem-23-anos-ou-mais","status":"publish","type":"post","link":"https:\/\/jorgezanoni.com.br\/2019\/vacina-covid-19-nesta-quarta-feira-para-quem-tem-23-anos-ou-mais\/","title":{"rendered":"VACINA COVID 19: Nesta quarta-feira para quem tem 23 anos ou mais"},"content":{"rendered":"<div class=\"ntc_resumo_noticia sw_lato_bold\" style=\"text-align: justify;\"><strong>Cronograma de vacina\u00e7\u00e3o contra o novo coronav\u00edrus segue avan\u00e7ando em Dracena, confira!!!<\/strong><\/div>\n<div><\/div>\n<div class=\"ntc_descricao_noticia\">\n<div class=\"ntc_cont_descricao_noticia sw_txteditor\" style=\"text-align: justify;\">\n<div>Nesta quarta-feira, 4, a Sa\u00fade municipal estar\u00e1 oferecendo a primeira dose da vacina COVID para pessoas com 23 anos ou mais que ainda n\u00e3o recebeu a vacina, e para aqueles que estiverem com a segunda dose agendada. O posto de vacina\u00e7\u00e3o \u00e9 o sal\u00e3o da Igreja Assembleia de Deus Bel\u00e9m, localizada na Rua Janu\u00e1rio Bonito n.\u00b0 527, na Vila Barros, pr\u00f3ximo \u00e0 Olivar, das 8h \u00e0s 13h.<br \/>\nA vacina\u00e7\u00e3o ser\u00e1 apenas neste local, porque \u00e9 bem amplo, pr\u00f3ximo ao centro da cidade, bem como se fez necess\u00e1rio pelo retorno das aulas dos outros locais.<br \/>\nPara a vacina\u00e7\u00e3o, as pessoas devem levar RG, CPF, comprovante de resid\u00eancia, e quem ir\u00e1 tomar a segunda dose, os mesmos documentos com a carteirinha da primeira dose.<br \/>\nHoje, 3\/08, foram vacinadas 407 pessoas. Lembre-se que o ciclo vacina s\u00f3 estar\u00e1 conclu\u00eddo ao tomar as duas doses da vacina e mesmo depois que receb\u00ea-las \u00e9 importante manter os cuidados de preven\u00e7\u00e3o \u00e0 covid 19.<\/div>\n<div><\/div>\n<\/div>\n<div style=\"text-align: justify;\">Fonte: Diretoria de Comunica\u00e7\u00e3o<\/div>\n<\/div>\n","protected":false},"excerpt":{"rendered":"<p>Cronograma de vacina\u00e7\u00e3o contra o novo coronav\u00edrus segue avan\u00e7ando em Dracena, confira!!! Nesta quarta-feira, 4, a Sa\u00fade municipal estar\u00e1 oferecendo a primeira dose da vacina COVID para pessoas com 23 anos ou mais que ainda n\u00e3o recebeu a vacina, e para aqueles que estiverem com a segunda dose agendada. O posto de vacina\u00e7\u00e3o \u00e9 o [&hellip;]<\/p>\n","protected":false},"author":1,"featured_media":51623,"comment_status":"closed","ping_status":"open","sticky":false,"template":"","format":"standard","meta":{"footnotes":""},"categories":[179,184,110],"tags":[],"class_list":["post-51622","post","type-post","status-publish","format-standard","has-post-thumbnail","hentry","category-cidadeseregiao","category-dracena","category-noticiasdestaque"],"_links":{"self":[{"href":"https:\/\/jorgezanoni.com.br\/2019\/wp-json\/wp\/v2\/posts\/51622","targetHints":{"allow":["GET"]}}],"collection":[{"href":"https:\/\/jorgezanoni.com.br\/2019\/wp-json\/wp\/v2\/posts"}],"about":[{"href":"https:\/\/jorgezanoni.com.br\/2019\/wp-json\/wp\/v2\/types\/post"}],"author":[{"embeddable":true,"href":"https:\/\/jorgezanoni.com.br\/2019\/wp-json\/wp\/v2\/users\/1"}],"replies":[{"embeddable":true,"href":"https:\/\/jorgezanoni.com.br\/2019\/wp-json\/wp\/v2\/comments?post=51622"}],"version-history":[{"count":0,"href":"https:\/\/jorgezanoni.com.br\/2019\/wp-json\/wp\/v2\/posts\/51622\/revisions"}],"wp:featuredmedia":[{"embeddable":true,"href":"https:\/\/jorgezanoni.com.br\/2019\/wp-json\/wp\/v2\/media\/51623"}],"wp:attachment":[{"href":"https:\/\/jorgezanoni.com.br\/2019\/wp-json\/wp\/v2\/media?parent=51622"}],"wp:term":[{"taxonomy":"category","embeddable":true,"href":"https:\/\/jorgezanoni.com.br\/2019\/wp-json\/wp\/v2\/categories?post=51622"},{"taxonomy":"post_tag","embeddable":true,"href":"https:\/\/jorgezanoni.com.br\/2019\/wp-json\/wp\/v2\/tags?post=51622"}],"curies":[{"name":"wp","href":"https:\/\/api.w.org\/{rel}","templated":true}]}}