{"id":51619,"date":"2021-08-03T23:42:47","date_gmt":"2021-08-03T23:42:47","guid":{"rendered":"https:\/\/jorgezanoni.com.br\/2019\/?p=51619"},"modified":"2021-08-03T23:42:47","modified_gmt":"2021-08-03T23:42:47","slug":"sempre-atentos-policia-militar-prende-em-flagrante-autor-de-varios-furtos-a-mercado-em-dracena","status":"publish","type":"post","link":"https:\/\/jorgezanoni.com.br\/2019\/sempre-atentos-policia-militar-prende-em-flagrante-autor-de-varios-furtos-a-mercado-em-dracena\/","title":{"rendered":"SEMPRE ATENTOS: Pol\u00edcia Militar prende em flagrante autor de v\u00e1rios furtos a Mercado em Dracena"},"content":{"rendered":"<p style=\"text-align: justify;\">Na data de hoje (03) por volta das 10h45min a equipe da Pol\u00edcia Militar em Dracena foi informada de furto por estabelecimento comercial na Av. Rui Barbosa e de posse das caracter\u00edsticas do prov\u00e1vel autor. Foram feitas dilig\u00eancias e o localizado (autor 42 anos homem) ainda pr\u00f3ximo do local pela Av. Presidente Roosevelt, o qual confessou o furto e entregou os objetos furtados, confessando que teria praticado o ato il\u00edcito outras vezes no local em dias anteriores. Foi dado voz de pris\u00e3o permanecendo o indiciado preso.<\/p>\n<p style=\"text-align: justify;\">#25bpmi<br \/>\n#cpi8<br \/>\n#policiamilitarsp<br \/>\n#afor\u00e7ap\u00fablicades\u00e3opaulo<br \/>\ncomunica\u00e7\u00e3o social do 25bpmi<\/p>\n","protected":false},"excerpt":{"rendered":"<p>Na data de hoje (03) por volta das 10h45min a equipe da Pol\u00edcia Militar em Dracena foi informada de furto por estabelecimento comercial na Av. Rui Barbosa e de posse das caracter\u00edsticas do prov\u00e1vel autor. Foram feitas dilig\u00eancias e o localizado (autor 42 anos homem) ainda pr\u00f3ximo do local pela Av. Presidente Roosevelt, o qual [&hellip;]<\/p>\n","protected":false},"author":1,"featured_media":51620,"comment_status":"closed","ping_status":"open","sticky":false,"template":"","format":"standard","meta":{"footnotes":""},"categories":[110,2],"tags":[],"class_list":["post-51619","post","type-post","status-publish","format-standard","has-post-thumbnail","hentry","category-noticiasdestaque","category-policial"],"_links":{"self":[{"href":"https:\/\/jorgezanoni.com.br\/2019\/wp-json\/wp\/v2\/posts\/51619","targetHints":{"allow":["GET"]}}],"collection":[{"href":"https:\/\/jorgezanoni.com.br\/2019\/wp-json\/wp\/v2\/posts"}],"about":[{"href":"https:\/\/jorgezanoni.com.br\/2019\/wp-json\/wp\/v2\/types\/post"}],"author":[{"embeddable":true,"href":"https:\/\/jorgezanoni.com.br\/2019\/wp-json\/wp\/v2\/users\/1"}],"replies":[{"embeddable":true,"href":"https:\/\/jorgezanoni.com.br\/2019\/wp-json\/wp\/v2\/comments?post=51619"}],"version-history":[{"count":0,"href":"https:\/\/jorgezanoni.com.br\/2019\/wp-json\/wp\/v2\/posts\/51619\/revisions"}],"wp:featuredmedia":[{"embeddable":true,"href":"https:\/\/jorgezanoni.com.br\/2019\/wp-json\/wp\/v2\/media\/51620"}],"wp:attachment":[{"href":"https:\/\/jorgezanoni.com.br\/2019\/wp-json\/wp\/v2\/media?parent=51619"}],"wp:term":[{"taxonomy":"category","embeddable":true,"href":"https:\/\/jorgezanoni.com.br\/2019\/wp-json\/wp\/v2\/categories?post=51619"},{"taxonomy":"post_tag","embeddable":true,"href":"https:\/\/jorgezanoni.com.br\/2019\/wp-json\/wp\/v2\/tags?post=51619"}],"curies":[{"name":"wp","href":"https:\/\/api.w.org\/{rel}","templated":true}]}}