{"id":51613,"date":"2021-08-03T22:16:04","date_gmt":"2021-08-03T22:16:04","guid":{"rendered":"https:\/\/jorgezanoni.com.br\/2019\/?p=51613"},"modified":"2021-08-03T22:16:04","modified_gmt":"2021-08-03T22:16:04","slug":"convite-para-missa-de-setimo-dia-de-falecimento-5","status":"publish","type":"post","link":"https:\/\/jorgezanoni.com.br\/2019\/convite-para-missa-de-setimo-dia-de-falecimento-5\/","title":{"rendered":"Convite para Missa de S\u00e9timo Dia de Falecimento"},"content":{"rendered":"<p style=\"text-align: justify;\">A Fam\u00edlia de Waldomiro Pagnozzi Mayo, convida parentes e amigos para as Missas de 7\u00ba Dia que sera realizada em inten\u00e7\u00e3o de sua Alma.<\/p>\n<p style=\"text-align: justify;\">Amanh\u00e3 (4) \u00e0s 19:30 Horas na Matriz Nossa Senhora Aparecida de Dracena \u00e0s 19:30 Horas (presencial). Uma outra Missa ser\u00e1 celebrada no Domingo (8) \u00e0s 19:00 Horas (presencial e on-line).<\/p>\n<p style=\"text-align: justify;\">Para a Missa on-line, assistir nos links: https:\/\/www.facebook.com\/matrizdracena\/ ou https:\/\/youtube.com\/c\/MatrizDracena<\/p>\n<p style=\"text-align: justify;\">Por este ato de F\u00e9 a Fam\u00edlia enlutada agradece.<\/p>\n","protected":false},"excerpt":{"rendered":"<p>A Fam\u00edlia de Waldomiro Pagnozzi Mayo, convida parentes e amigos para as Missas de 7\u00ba Dia que sera realizada em inten\u00e7\u00e3o de sua Alma. Amanh\u00e3 (4) \u00e0s 19:30 Horas na Matriz Nossa Senhora Aparecida de Dracena \u00e0s 19:30 Horas (presencial). Uma outra Missa ser\u00e1 celebrada no Domingo (8) \u00e0s 19:00 Horas (presencial e on-line). Para [&hellip;]<\/p>\n","protected":false},"author":1,"featured_media":51614,"comment_status":"closed","ping_status":"open","sticky":false,"template":"","format":"standard","meta":{"footnotes":""},"categories":[178,110],"tags":[],"class_list":["post-51613","post","type-post","status-publish","format-standard","has-post-thumbnail","hentry","category-notadefalecimento","category-noticiasdestaque"],"_links":{"self":[{"href":"https:\/\/jorgezanoni.com.br\/2019\/wp-json\/wp\/v2\/posts\/51613","targetHints":{"allow":["GET"]}}],"collection":[{"href":"https:\/\/jorgezanoni.com.br\/2019\/wp-json\/wp\/v2\/posts"}],"about":[{"href":"https:\/\/jorgezanoni.com.br\/2019\/wp-json\/wp\/v2\/types\/post"}],"author":[{"embeddable":true,"href":"https:\/\/jorgezanoni.com.br\/2019\/wp-json\/wp\/v2\/users\/1"}],"replies":[{"embeddable":true,"href":"https:\/\/jorgezanoni.com.br\/2019\/wp-json\/wp\/v2\/comments?post=51613"}],"version-history":[{"count":0,"href":"https:\/\/jorgezanoni.com.br\/2019\/wp-json\/wp\/v2\/posts\/51613\/revisions"}],"wp:featuredmedia":[{"embeddable":true,"href":"https:\/\/jorgezanoni.com.br\/2019\/wp-json\/wp\/v2\/media\/51614"}],"wp:attachment":[{"href":"https:\/\/jorgezanoni.com.br\/2019\/wp-json\/wp\/v2\/media?parent=51613"}],"wp:term":[{"taxonomy":"category","embeddable":true,"href":"https:\/\/jorgezanoni.com.br\/2019\/wp-json\/wp\/v2\/categories?post=51613"},{"taxonomy":"post_tag","embeddable":true,"href":"https:\/\/jorgezanoni.com.br\/2019\/wp-json\/wp\/v2\/tags?post=51613"}],"curies":[{"name":"wp","href":"https:\/\/api.w.org\/{rel}","templated":true}]}}