{"id":51582,"date":"2021-08-02T20:46:33","date_gmt":"2021-08-02T20:46:33","guid":{"rendered":"https:\/\/jorgezanoni.com.br\/2019\/?p=51582"},"modified":"2021-08-02T20:46:33","modified_gmt":"2021-08-02T20:46:33","slug":"unifadra-apresentara-resultados-do-programa-parkinson-em-congresso-internacional-sobre-disturbios-de-movimento","status":"publish","type":"post","link":"https:\/\/jorgezanoni.com.br\/2019\/unifadra-apresentara-resultados-do-programa-parkinson-em-congresso-internacional-sobre-disturbios-de-movimento\/","title":{"rendered":"Unifadra apresentar\u00e1 resultados do Programa Parkinson em congresso internacional sobre dist\u00farbios de movimento"},"content":{"rendered":"<p style=\"text-align: justify;\"><span style=\"font-size: large;\">O Programa Parkinson, desenvolvido pelo Grupo de Estudo e Pesquisa Multidisciplinar em Atividade F\u00edsica e Sa\u00fade da Unifadra (GEPEMAFS), ter\u00e1 um de seus trabalhos cient\u00edficos apresentado no MDS Virtual Congress, um congresso anual realizado pela International Parkinson and Movement Disorders Society (MDS). O evento ser\u00e1 on-line nos dias 17 a 21 de setembro de 2021.<\/span><\/p>\n<p><span style=\"font-size: large;\">O estudo selecionado para o congresso foi o &#8220;Efeito do exerc\u00edcio f\u00edsico na velocidade da marcha em pacientes com doen\u00e7a de Parkinson (Effect of physical exercise on gait speed in patients with Parkinson&#8217;s disease)&#8221;, que apresenta como os exerc\u00edcios aplicados em participantes do programa realizado na Unifadra influenciam a velocidade da marcha em pacientes com doen\u00e7a de Parkinson e, como resultado, promovem diretamente uma melhoria da qualidade de vida dessas pessoas.<\/span><\/p>\n<p><span style=\"font-size: large;\">Esse estudo foi feito com base em seis meses de interven\u00e7\u00e3o por meio de exerc\u00edcios f\u00edsicos, aplicados duas vezes por semana, realizados no ano de 2019 durante o programa, e mostra a evolu\u00e7\u00e3o f\u00edsica dos pacientes nesse per\u00edodo. O documento nasceu de um trabalho de conclus\u00e3o de curso de Educa\u00e7\u00e3o F\u00edsica, orientado pela Profa. Dra. Denise Bueno, coordenadora do curso na Unifadra e do Programa Parkinson (este \u00faltimo juntamente com a Profa. Ma. Luciana Ota Takahashi).<\/span><\/p>\n<p><span style=\"font-size: large;\">A Prof. Dra. Denise Bueno comemora: &#8220;Este trabalho \u00e9 um dos mais importantes resultados cient\u00edficos do Programa Parkinson e, al\u00e9m de ser apresentado no congresso internacional, tamb\u00e9m ser\u00e1 publicado na revista internacional Movement Disorders&#8221; (publica\u00e7\u00e3o oficial da MDS altamente lida e referenciada, que cobre todos os t\u00f3picos da \u00e1rea de dist\u00farbios de movimento &#8211; tanto a ci\u00eancia cl\u00ednica quanto a b\u00e1sica).<\/span><\/p>\n<p><span style=\"font-size: large;\">&#8220;A Unifadra est\u00e1 buscando se envolver cada vez mais com pesquisa cient\u00edfica. Estamos felizes em dar esse passo importante para a institui\u00e7\u00e3o, pois acreditamos que todos ganham: professores, alunos e pacientes. Al\u00e9m disso, estamos devolvendo os frutos do programa para a sociedade, que confia em nosso trabalho&#8221;, finaliza a Prof. Dra. Denise Bueno.<\/span><\/p>\n<p><span style=\"font-size: large;\">A vice-diretora acad\u00eamica Profa. Ma. Daniela Mac\u00e1rio Cust\u00f3dio comentou que a apresenta\u00e7\u00e3o e a publica\u00e7\u00e3o deste trabalho v\u00eam somar, de forma especial, aos que j\u00e1 foram apresentados e publicados em outras \u00e1reas do conhecimento existentes na institui\u00e7\u00e3o, reconhecidos nacional e internacionalmente. &#8220;Esta \u00e9 mais uma grande conquista para toda a comunidade acad\u00eamica da Unifadra, que vem atuando, com os seus departamentos de ensino, pesquisa e extens\u00e3o, para que a quantidade se eleve cada vez mais. Quando digo especial, \u00e9 porque o Programa Parkinson n\u00e3o \u00e9 somente uma fonte de estudo, mas um programa que demonstra nitidamente a qualidade do trabalho realizado pelas professoras respons\u00e1veis e seus monitores e um exemplo de amor ao pr\u00f3ximo, pois cada conquista dos pacientes \u00e9 comemorada com imensa alegria por todos os envolvidos&#8221;, ressalta Daniela.<\/span><\/p>\n<p><span style=\"font-size: large;\"><b>Programa Parkinson<\/b><\/span><\/p>\n<p><span style=\"font-size: large;\">O Programa Parkinson \u00e9 realizado desde 2018 por meio de uma parceria entre a Funda\u00e7\u00e3o Dracenense de Educa\u00e7\u00e3o e Cultura (Fundec), mantenedora da Unifadra, com a Prefeitura Municipal de Dracena (Secretaria Municipal de Sa\u00fade). Atende gratuitamente pacientes com doen\u00e7a de Parkinson, oferecendo atividades f\u00edsicas e apoio psicol\u00f3gico. Acompanhe as novidades do programa em:\u00a0<a href=\"https:\/\/www.instagram.com\/parkinson.unifadra\" target=\"_blank\" rel=\"noopener noreferrer\">https:\/\/www.instagram.com\/parkinson.unifadra<\/a><\/span><\/p>\n<p><span style=\"font-size: large;\">O Grupo de Estudo e Pesquisa Multidisciplinar em Atividade F\u00edsica e Sa\u00fade (GEPEMAFS &#8211; Unifadra) estuda a intera\u00e7\u00e3o entre atividade f\u00edsica e sa\u00fade e desenvolve programas de atividade f\u00edsica por meio de projetos de extens\u00e3o do curso de Educa\u00e7\u00e3o F\u00edsica da Unifadra &#8211; em especial o Programa Parkinson. O grupo \u00e9 liderado por uma docente do curso de Educa\u00e7\u00e3o F\u00edsica e conta com a participa\u00e7\u00e3o de discentes dos cursos de Educa\u00e7\u00e3o F\u00edsica, Enfermagem, Psicologia e Medicina da Unifadra.<\/span><\/p>\n<p><b><span style=\"font-size: large;\">Sociedade Internacional de Parkinson e Dist\u00farbios do Movimento<\/span><br \/>\n<\/b><br \/>\n<span style=\"font-size: large;\">A International Parkinson and Movement Disorder Society (MDS) \u00e9 uma sociedade profissional de m\u00e9dicos, cientistas e outros profissionais de sa\u00fade interessados na doen\u00e7a de Parkinson, dist\u00farbios neurodegenerativos e neurodesenvolvimentais relacionados, dist\u00farbios hipercin\u00e9ticos do movimento e anormalidades no t\u00f4nus muscular e controle motor. A assist\u00eancia de seus membros permite \u00e0 MDS educar e informar outras pessoas ao redor do mundo sobre as \u00faltimas not\u00edcias, pesquisas e avan\u00e7os nos dist\u00farbios do movimento. Saiba mais:\u00a0<a href=\"https:\/\/www.movementdisorders.org\/\" target=\"_blank\" rel=\"noopener noreferrer\">https:\/\/www.movementdisorders.org<\/a><\/span><\/p>\n<p><span style=\"font-size: large;\">A MDS organiza congressos internacionais desde 1990. Cada congresso internacional oferece um f\u00f3rum educacional para discuss\u00e3o cl\u00ednica e b\u00e1sica sobre uma variedade de dist\u00farbios do movimento, incluindo apresenta\u00e7\u00f5es de pesquisas atuais e tratamentos dispon\u00edveis. O objetivo do evento \u00e9 compartilhar ideias, estimular o interesse entre todos os envolvidos no cuidado e na pesquisa de dist\u00farbios do movimento, participar das atividades do MDS e promover a disciplina cl\u00ednica e cient\u00edfica relacionada. Saiba mais:\u00a0<a href=\"https:\/\/www.mdscongress.org\/\" target=\"_blank\" rel=\"noopener noreferrer\">https:\/\/www.mdscongress.org<\/a><\/span><\/p>\n<p>Fonte: Departamento de Comunica\u00e7\u00e3o Fundec<\/p>\n","protected":false},"excerpt":{"rendered":"<p>O Programa Parkinson, desenvolvido pelo Grupo de Estudo e Pesquisa Multidisciplinar em Atividade F\u00edsica e Sa\u00fade da Unifadra (GEPEMAFS), ter\u00e1 um de seus trabalhos cient\u00edficos apresentado no MDS Virtual Congress, um congresso anual realizado pela International Parkinson and Movement Disorders Society (MDS). O evento ser\u00e1 on-line nos dias 17 a 21 de setembro de 2021. [&hellip;]<\/p>\n","protected":false},"author":1,"featured_media":51583,"comment_status":"closed","ping_status":"open","sticky":false,"template":"","format":"standard","meta":{"footnotes":""},"categories":[122],"tags":[],"class_list":["post-51582","post","type-post","status-publish","format-standard","has-post-thumbnail","hentry","category-saudeeducacaoeconcurso"],"_links":{"self":[{"href":"https:\/\/jorgezanoni.com.br\/2019\/wp-json\/wp\/v2\/posts\/51582","targetHints":{"allow":["GET"]}}],"collection":[{"href":"https:\/\/jorgezanoni.com.br\/2019\/wp-json\/wp\/v2\/posts"}],"about":[{"href":"https:\/\/jorgezanoni.com.br\/2019\/wp-json\/wp\/v2\/types\/post"}],"author":[{"embeddable":true,"href":"https:\/\/jorgezanoni.com.br\/2019\/wp-json\/wp\/v2\/users\/1"}],"replies":[{"embeddable":true,"href":"https:\/\/jorgezanoni.com.br\/2019\/wp-json\/wp\/v2\/comments?post=51582"}],"version-history":[{"count":0,"href":"https:\/\/jorgezanoni.com.br\/2019\/wp-json\/wp\/v2\/posts\/51582\/revisions"}],"wp:featuredmedia":[{"embeddable":true,"href":"https:\/\/jorgezanoni.com.br\/2019\/wp-json\/wp\/v2\/media\/51583"}],"wp:attachment":[{"href":"https:\/\/jorgezanoni.com.br\/2019\/wp-json\/wp\/v2\/media?parent=51582"}],"wp:term":[{"taxonomy":"category","embeddable":true,"href":"https:\/\/jorgezanoni.com.br\/2019\/wp-json\/wp\/v2\/categories?post=51582"},{"taxonomy":"post_tag","embeddable":true,"href":"https:\/\/jorgezanoni.com.br\/2019\/wp-json\/wp\/v2\/tags?post=51582"}],"curies":[{"name":"wp","href":"https:\/\/api.w.org\/{rel}","templated":true}]}}