{"id":51579,"date":"2021-08-02T15:31:11","date_gmt":"2021-08-02T15:31:11","guid":{"rendered":"https:\/\/jorgezanoni.com.br\/2019\/?p=51579"},"modified":"2021-08-02T15:31:11","modified_gmt":"2021-08-02T15:31:11","slug":"comercio-de-dracena-tem-horario-definido-para-o-dia-dos-pais","status":"publish","type":"post","link":"https:\/\/jorgezanoni.com.br\/2019\/comercio-de-dracena-tem-horario-definido-para-o-dia-dos-pais\/","title":{"rendered":"Com\u00e9rcio de Dracena tem hor\u00e1rio definido para o &#8220;Dia dos Pais&#8221;"},"content":{"rendered":"<p style=\"text-align: justify;\">HOR\u00c1RIO ESPECIAL PARA O DIA DOS PAIS<\/p>\n<p style=\"text-align: justify;\">O hor\u00e1rio especial de atendimento para o Dia do Pa\u00eds em agosto ser\u00e1:<\/p>\n<p style=\"text-align: justify;\">Sexta-feira dia 06\/08 das 8:00 \u00e0s 20:00<br \/>\nS\u00e1bado dia 07\/08 das 9:00 \u00e0s 15:00<\/p>\n<p style=\"text-align: justify;\">Portanto ser\u00e3o 04 horas extras que poder\u00e3o ser pagas em horas extras no holerite (solicitar o c\u00e1lculo em seu escrit\u00f3rio de contabilidade ou sindicato patronal) ou em banco de horas para descontar em outra oportunidade.<\/p>\n<p style=\"text-align: justify;\">Na sexta-feira respeitar o intervalo de 2 horas de almo\u00e7o e 15 minutos para lanche.<\/p>\n<p style=\"text-align: justify;\">No s\u00e1bado 15 minutos para lanche.<\/p>\n<p style=\"text-align: justify;\">Maiores informa\u00e7\u00f5es estamos \u00e0 disposi\u00e7\u00e3o.<\/p>\n<p style=\"text-align: justify;\">Fonte: ACE<\/p>\n","protected":false},"excerpt":{"rendered":"<p>HOR\u00c1RIO ESPECIAL PARA O DIA DOS PAIS O hor\u00e1rio especial de atendimento para o Dia do Pa\u00eds em agosto ser\u00e1: Sexta-feira dia 06\/08 das 8:00 \u00e0s 20:00 S\u00e1bado dia 07\/08 das 9:00 \u00e0s 15:00 Portanto ser\u00e3o 04 horas extras que poder\u00e3o ser pagas em horas extras no holerite (solicitar o c\u00e1lculo em seu escrit\u00f3rio de [&hellip;]<\/p>\n","protected":false},"author":1,"featured_media":51580,"comment_status":"closed","ping_status":"open","sticky":false,"template":"","format":"standard","meta":{"footnotes":""},"categories":[114,110],"tags":[],"class_list":["post-51579","post","type-post","status-publish","format-standard","has-post-thumbnail","hentry","category-geralecomercio","category-noticiasdestaque"],"_links":{"self":[{"href":"https:\/\/jorgezanoni.com.br\/2019\/wp-json\/wp\/v2\/posts\/51579","targetHints":{"allow":["GET"]}}],"collection":[{"href":"https:\/\/jorgezanoni.com.br\/2019\/wp-json\/wp\/v2\/posts"}],"about":[{"href":"https:\/\/jorgezanoni.com.br\/2019\/wp-json\/wp\/v2\/types\/post"}],"author":[{"embeddable":true,"href":"https:\/\/jorgezanoni.com.br\/2019\/wp-json\/wp\/v2\/users\/1"}],"replies":[{"embeddable":true,"href":"https:\/\/jorgezanoni.com.br\/2019\/wp-json\/wp\/v2\/comments?post=51579"}],"version-history":[{"count":0,"href":"https:\/\/jorgezanoni.com.br\/2019\/wp-json\/wp\/v2\/posts\/51579\/revisions"}],"wp:featuredmedia":[{"embeddable":true,"href":"https:\/\/jorgezanoni.com.br\/2019\/wp-json\/wp\/v2\/media\/51580"}],"wp:attachment":[{"href":"https:\/\/jorgezanoni.com.br\/2019\/wp-json\/wp\/v2\/media?parent=51579"}],"wp:term":[{"taxonomy":"category","embeddable":true,"href":"https:\/\/jorgezanoni.com.br\/2019\/wp-json\/wp\/v2\/categories?post=51579"},{"taxonomy":"post_tag","embeddable":true,"href":"https:\/\/jorgezanoni.com.br\/2019\/wp-json\/wp\/v2\/tags?post=51579"}],"curies":[{"name":"wp","href":"https:\/\/api.w.org\/{rel}","templated":true}]}}