{"id":51562,"date":"2021-08-02T12:22:54","date_gmt":"2021-08-02T12:22:54","guid":{"rendered":"https:\/\/jorgezanoni.com.br\/2019\/?p=51562"},"modified":"2021-08-02T12:22:54","modified_gmt":"2021-08-02T12:22:54","slug":"policia-civil-esclarece-e-policia-militar-prende-autor-de-roubo-ocorrido-em-junqueiropolis","status":"publish","type":"post","link":"https:\/\/jorgezanoni.com.br\/2019\/policia-civil-esclarece-e-policia-militar-prende-autor-de-roubo-ocorrido-em-junqueiropolis\/","title":{"rendered":"Pol\u00edcia Civil esclarece e Pol\u00edcia Militar prende autor de roubo ocorrido em Junqueir\u00f3polis"},"content":{"rendered":"<p><strong>SEMPRE ATENTOS: POL\u00cdCIA MILITAR EM A\u00c7\u00c3O DE FOR\u00c7A T\u00c1TICA PRENDE AUTOR DO ROUBO OCORRIDO EM JUNQUEIR\u00d3POLIS.<\/strong><\/p>\n<p style=\"text-align: justify;\">DURANTE PATRULHAMENTO DE FOR\u00c7A T\u00c1TICA NO MUNIC\u00cdPIO DE JUNQUEIR\u00d3POLIS EQUIDE VISUALIZOU UM INDIV\u00cdDUO DE 40 ANOS E ESSE AO AVISTAR A VIATURA POLICIAL EMPREENDEU FUGA. FOI RAPIDAMENTE REALIZADO O CERCO E \u00caXITO EM DET\u00ca-LO.<br \/>\nREALIZADA CONSULTA VIA COPOM HAVIA MANDADO DE PRIS\u00c3O EM DESFAVOR DO INDIV\u00cdDUO PELO ROUBO OCORRIDO NO DIA 28 DE JULHO NA CIDADE DE JUNQUEIR\u00d3POLIS, PERMANECENDO PRESO \u00c0 DISPOSI\u00c7\u00c3O DA JUSTI\u00c7A.<\/p>\n<p style=\"text-align: justify;\">Fonte: Com. Social Pol\u00edcia Militar<\/p>\n<p>Imagem Ilustrativa<\/p>\n","protected":false},"excerpt":{"rendered":"<p>SEMPRE ATENTOS: POL\u00cdCIA MILITAR EM A\u00c7\u00c3O DE FOR\u00c7A T\u00c1TICA PRENDE AUTOR DO ROUBO OCORRIDO EM JUNQUEIR\u00d3POLIS. DURANTE PATRULHAMENTO DE FOR\u00c7A T\u00c1TICA NO MUNIC\u00cdPIO DE JUNQUEIR\u00d3POLIS EQUIDE VISUALIZOU UM INDIV\u00cdDUO DE 40 ANOS E ESSE AO AVISTAR A VIATURA POLICIAL EMPREENDEU FUGA. FOI RAPIDAMENTE REALIZADO O CERCO E \u00caXITO EM DET\u00ca-LO. REALIZADA CONSULTA VIA COPOM HAVIA [&hellip;]<\/p>\n","protected":false},"author":1,"featured_media":51563,"comment_status":"closed","ping_status":"open","sticky":false,"template":"","format":"standard","meta":{"footnotes":""},"categories":[110,2],"tags":[],"class_list":["post-51562","post","type-post","status-publish","format-standard","has-post-thumbnail","hentry","category-noticiasdestaque","category-policial"],"_links":{"self":[{"href":"https:\/\/jorgezanoni.com.br\/2019\/wp-json\/wp\/v2\/posts\/51562","targetHints":{"allow":["GET"]}}],"collection":[{"href":"https:\/\/jorgezanoni.com.br\/2019\/wp-json\/wp\/v2\/posts"}],"about":[{"href":"https:\/\/jorgezanoni.com.br\/2019\/wp-json\/wp\/v2\/types\/post"}],"author":[{"embeddable":true,"href":"https:\/\/jorgezanoni.com.br\/2019\/wp-json\/wp\/v2\/users\/1"}],"replies":[{"embeddable":true,"href":"https:\/\/jorgezanoni.com.br\/2019\/wp-json\/wp\/v2\/comments?post=51562"}],"version-history":[{"count":0,"href":"https:\/\/jorgezanoni.com.br\/2019\/wp-json\/wp\/v2\/posts\/51562\/revisions"}],"wp:featuredmedia":[{"embeddable":true,"href":"https:\/\/jorgezanoni.com.br\/2019\/wp-json\/wp\/v2\/media\/51563"}],"wp:attachment":[{"href":"https:\/\/jorgezanoni.com.br\/2019\/wp-json\/wp\/v2\/media?parent=51562"}],"wp:term":[{"taxonomy":"category","embeddable":true,"href":"https:\/\/jorgezanoni.com.br\/2019\/wp-json\/wp\/v2\/categories?post=51562"},{"taxonomy":"post_tag","embeddable":true,"href":"https:\/\/jorgezanoni.com.br\/2019\/wp-json\/wp\/v2\/tags?post=51562"}],"curies":[{"name":"wp","href":"https:\/\/api.w.org\/{rel}","templated":true}]}}