{"id":51534,"date":"2021-08-01T13:18:08","date_gmt":"2021-08-01T13:18:08","guid":{"rendered":"https:\/\/jorgezanoni.com.br\/2019\/?p=51534"},"modified":"2021-08-01T13:18:08","modified_gmt":"2021-08-01T13:18:08","slug":"inscricoes-continuam-abertas-para-o-vestibular-de-inverno-da-unifadra-dracena","status":"publish","type":"post","link":"https:\/\/jorgezanoni.com.br\/2019\/inscricoes-continuam-abertas-para-o-vestibular-de-inverno-da-unifadra-dracena\/","title":{"rendered":"Inscri\u00e7\u00f5es continuam abertas para o Vestibular de Inverno da Unifadra Dracena"},"content":{"rendered":"<div id=\"message-htmlpart1\" class=\"message-htmlpart\">\n<div class=\"rcmBody\">\n<div dir=\"ltr\">\n<div>\n<div class=\"v1gmail_signature\" dir=\"ltr\">\n<div dir=\"ltr\" style=\"text-align: justify;\"><span style=\"font-size: large;\">Quem perdeu o prazo do vestibular agora ganhou uma segunda chance de come\u00e7ar 2022 fazendo a gradua\u00e7\u00e3o! As inscri\u00e7\u00f5es do Vestibular de Inverno da Unifadra prosseguem at\u00e9 o dia 27 de outubro para os cursos noturnos de An\u00e1lise e Desenvolvimento de Sistemas, Artes Visuais, Ci\u00eancias Biol\u00f3gicas, Educa\u00e7\u00e3o F\u00edsica, Enfermagem, Letras, Matem\u00e1tica, Pedagogia e Psicologia.<\/p>\n<p>Al\u00e9m de escolher uma \u00e1rea para cursar, os candidatos devem optar por uma das tr\u00eas formas de ingresso que a Unifadra est\u00e1 oferecendo:<\/p>\n<p><\/span><\/p>\n<ol>\n<li><span style=\"font-size: large;\">usar somente sua nota do ENEM de 2010 a 2019 (sem a necessidade de realizar uma prova);<\/span><\/li>\n<li>fazer o vestibular agendado presencial (agendar sua prova no site da Fundec e prestar o vestibular individualmente na institui\u00e7\u00e3o, seguindo os protocolos sanit\u00e1rios) ou<\/li>\n<li>realizar a prova on-line (em que os candidatos far\u00e3o uma reda\u00e7\u00e3o on-line, pelo site da Fundec, com data e hor\u00e1rio pr\u00e9-agendados).<\/li>\n<\/ol>\n<p><span style=\"font-size: large;\">Al\u00e9m disso, os candidatos aprovados que realizarem suas matr\u00edculas at\u00e9 29\/10 est\u00e3o isentos da taxa de matr\u00edcula e recebem desconto de 20% nas mensalidades dos cursos noturnos (n\u00e3o cumulativos com outros programas de bolsas).<\/p>\n<p>O edital e as inscri\u00e7\u00f5es dos cursos noturnos est\u00e3o dispon\u00edveis no site\u00a0<a href=\"http:\/\/www.fundec.edu.br\/unifadra\/vestibular\" target=\"_blank\" rel=\"noopener noreferrer\">www.fundec.edu.br\/unifadra\/vestibular<\/a>\u00a0.<\/p>\n<p><b>N\u00e3o esque\u00e7a!<\/b><br \/>\n<b>Inscri\u00e7\u00e3o<\/b>: at\u00e9 27\/10 pelo site:\u00a0<a href=\"https:\/\/fundec.edu.br\/unifadra\/vestibular\" target=\"_blank\" rel=\"noopener noreferrer\">https:\/\/fundec.edu.br\/unifadra\/vestibular<\/a><br \/>\n<b>Matr\u00edcula<\/b>: at\u00e9 29\/10, de segunda a sexta-feira das 8h30 \u00e0s 11h30 e das 14h \u00e0s 16h30<br \/>\n<b>Benef\u00edcio<\/b>: isen\u00e7\u00e3o da taxa de matr\u00edcula e 20% de desconto nas mensalidades do curso escolhido<br \/>\n<b>Informa\u00e7\u00f5es<\/b>: (18) 3821-9008 ou (18) 99634-0383 ou pelo e-mail\u00a0<a href=\"mailto:secretaria@fundec.edu.br\" rel=\"noreferrer\">secretaria@fundec.edu.br<\/a><\/span><\/div>\n<div dir=\"ltr\"><\/div>\n<\/div>\n<\/div>\n<div dir=\"ltr\">Fonte: Departamento de Comunica\u00e7\u00e3o Fundec<\/div>\n<\/div>\n<\/div>\n<\/div>\n<p class=\"image-attachment\">\n<p>&nbsp;<\/p>\n<p>&nbsp;<\/p>\n","protected":false},"excerpt":{"rendered":"<p>Quem perdeu o prazo do vestibular agora ganhou uma segunda chance de come\u00e7ar 2022 fazendo a gradua\u00e7\u00e3o! As inscri\u00e7\u00f5es do Vestibular de Inverno da Unifadra prosseguem at\u00e9 o dia 27 de outubro para os cursos noturnos de An\u00e1lise e Desenvolvimento de Sistemas, Artes Visuais, Ci\u00eancias Biol\u00f3gicas, Educa\u00e7\u00e3o F\u00edsica, Enfermagem, Letras, Matem\u00e1tica, Pedagogia e Psicologia. Al\u00e9m [&hellip;]<\/p>\n","protected":false},"author":1,"featured_media":51535,"comment_status":"closed","ping_status":"open","sticky":false,"template":"","format":"standard","meta":{"footnotes":""},"categories":[110,122],"tags":[],"class_list":["post-51534","post","type-post","status-publish","format-standard","has-post-thumbnail","hentry","category-noticiasdestaque","category-saudeeducacaoeconcurso"],"_links":{"self":[{"href":"https:\/\/jorgezanoni.com.br\/2019\/wp-json\/wp\/v2\/posts\/51534","targetHints":{"allow":["GET"]}}],"collection":[{"href":"https:\/\/jorgezanoni.com.br\/2019\/wp-json\/wp\/v2\/posts"}],"about":[{"href":"https:\/\/jorgezanoni.com.br\/2019\/wp-json\/wp\/v2\/types\/post"}],"author":[{"embeddable":true,"href":"https:\/\/jorgezanoni.com.br\/2019\/wp-json\/wp\/v2\/users\/1"}],"replies":[{"embeddable":true,"href":"https:\/\/jorgezanoni.com.br\/2019\/wp-json\/wp\/v2\/comments?post=51534"}],"version-history":[{"count":0,"href":"https:\/\/jorgezanoni.com.br\/2019\/wp-json\/wp\/v2\/posts\/51534\/revisions"}],"wp:featuredmedia":[{"embeddable":true,"href":"https:\/\/jorgezanoni.com.br\/2019\/wp-json\/wp\/v2\/media\/51535"}],"wp:attachment":[{"href":"https:\/\/jorgezanoni.com.br\/2019\/wp-json\/wp\/v2\/media?parent=51534"}],"wp:term":[{"taxonomy":"category","embeddable":true,"href":"https:\/\/jorgezanoni.com.br\/2019\/wp-json\/wp\/v2\/categories?post=51534"},{"taxonomy":"post_tag","embeddable":true,"href":"https:\/\/jorgezanoni.com.br\/2019\/wp-json\/wp\/v2\/tags?post=51534"}],"curies":[{"name":"wp","href":"https:\/\/api.w.org\/{rel}","templated":true}]}}