{"id":51487,"date":"2021-07-30T22:03:22","date_gmt":"2021-07-30T22:03:22","guid":{"rendered":"https:\/\/jorgezanoni.com.br\/2019\/?p=51487"},"modified":"2021-07-30T22:03:22","modified_gmt":"2021-07-30T22:03:22","slug":"ameacada-de-extincao-onca-parda-morre-apos-atropelamento-na-rodovia-da-integracao-em-dracena","status":"publish","type":"post","link":"https:\/\/jorgezanoni.com.br\/2019\/ameacada-de-extincao-onca-parda-morre-apos-atropelamento-na-rodovia-da-integracao-em-dracena\/","title":{"rendered":"Amea\u00e7ada de extin\u00e7\u00e3o, on\u00e7a-parda morre ap\u00f3s atropelamento na Rodovia da Integra\u00e7\u00e3o, em Dracena"},"content":{"rendered":"<h2 class=\"content-head__subtitle\" style=\"text-align: justify;\"><strong>Felino chegou a ser resgatado e a receber cuidados m\u00e9dicos veterin\u00e1rios, mas n\u00e3o resistiu \u00e0s les\u00f5es. Esp\u00e9cie \u00e9 considerada o segundo maior felino do Brasil.<\/strong><\/h2>\n<div class=\"mc-column content-text active-extra-styles \" style=\"text-align: justify;\" data-block-type=\"unstyled\" data-block-weight=\"71\" data-block-id=\"2\">\n<p class=\"content-text__container \" data-track-category=\"Link no Texto\" data-track-links=\"\">Quem percorreu a Rodovia General Euclides de Oliveira Figueiredo (SP-563), mais conhecida popularmente como Rodovia da Integra\u00e7\u00e3o, na manh\u00e3 desta sexta-feira (30), p\u00f4de observar uma on\u00e7a-parda (<em>Puma concolor<\/em>) deitada sobre a ponte do C\u00f3rrego Marrequinhas, em\u00a0<a href=\"http:\/\/g1.globo.com\/sp\/presidente-prudente-regiao\/cidade\/dracena.html\">Dracena (SP)<\/a>. O felino,\u00a0<a href=\"http:\/\/g1.globo.com\/sp\/campinas-regiao\/terra-da-gente\/fauna\/noticia\/2015\/02\/sucuarana.html\">de uma esp\u00e9cie considerada amea\u00e7ada de extin\u00e7\u00e3o<\/a>, estava debilitado, provavelmente devido a atropelamento, e foi resgatado pelo Corpo de Bombeiros, mas n\u00e3o resistiu aos ferimentos e morreu.<\/p>\n<\/div>\n<div class=\"wall protected-content\">\n<div class=\"mc-column content-text active-extra-styles \" style=\"text-align: justify;\" data-block-type=\"unstyled\" data-block-weight=\"30\" data-block-id=\"3\">\n<p class=\"content-text__container \" data-track-category=\"Link no Texto\" data-track-links=\"\">No v\u00eddeo feito<strong>\u00a0<\/strong>por S\u00e9rgio Sakate, que passou pelo local por volta das 7h30, \u00e9 poss\u00edvel observar o animal deitado sobre a ponte, \u00e0s margens da pista, praticamente im\u00f3vel.<\/p>\n<\/div>\n<div class=\"mc-column content-text active-extra-styles \" style=\"text-align: justify;\" data-block-type=\"unstyled\" data-block-weight=\"27\" data-block-id=\"4\">\n<p class=\"content-text__container \" data-track-category=\"Link no Texto\" data-track-links=\"\">\u201cFoi uma mistura de alegria, medo e tristeza. Alegria pela natureza; medo pelo instinto natural dela; e tristeza porque parecia que estava machucada\u201d, disse Sakate ao\u00a0<strong>G1<\/strong>.<\/p>\n<\/div>\n<div class=\"mc-column content-text active-extra-styles \" style=\"text-align: justify;\" data-block-type=\"unstyled\" data-block-weight=\"38\" data-block-id=\"5\">\n<p class=\"content-text__container \" data-track-category=\"Link no Texto\" data-track-links=\"\">Ao\u00a0<strong>G1<\/strong>, o Corpo de Bombeiros informou que foi acionado \u00e0s 6h46 por uma pessoa que passou pelo local e viu a on\u00e7a deitada, possivelmente machucada devido a atropelamento. A corpora\u00e7\u00e3o foi ao local e realizou o resgate.<\/p>\n<\/div>\n<div class=\"mc-column content-text active-extra-styles \" style=\"text-align: justify;\" data-block-type=\"unstyled\" data-block-weight=\"16\" data-block-id=\"6\">\n<p class=\"content-text__container \" data-track-category=\"Link no Texto\" data-track-links=\"\">Ap\u00f3s a captura, o felino foi encaminhado para receber cuidados m\u00e9dicos veterin\u00e1rios. Era uma f\u00eamea adulta.<\/p>\n<\/div>\n<div class=\"mc-column content-text active-extra-styles \" data-block-type=\"unstyled\" data-block-weight=\"41\" data-block-id=\"7\">\n<p class=\"content-text__container \" style=\"text-align: justify;\" data-track-category=\"Link no Texto\" data-track-links=\"\">Quem recebeu o felino foi o m\u00e9dico veterin\u00e1rio Colombo Guerra Carvalho J\u00fanior. O especialista relatou ao\u00a0<strong>G1\u00a0<\/strong>que \u201cinfelizmente chegou aqui politraumatizado e em choque hipovol\u00eamico [perda de sangue em grande quantidade], e veio a \u00f3bito pouco tempo depois da chegada\u201d.<\/p>\n<p style=\"text-align: justify;\" data-track-category=\"Link no Texto\" data-track-links=\"\">O veterin\u00e1rio declarou que o animal foi atropelado e o frio o debilitou ainda mais. \u201cChegamos a medic\u00e1-la, mas infelizmente n\u00e3o foi a tempo\u201d, contou ao\u00a0<strong>G1<\/strong>.<\/p>\n<div class=\"mc-column content-text active-extra-styles\" style=\"text-align: justify;\" data-block-type=\"raw\" data-block-weight=\"1\" data-block-id=\"11\">\n<div class=\"content-intertitle\">\n<h2>Vulner\u00e1vel<\/h2>\n<\/div>\n<\/div>\n<div class=\"mc-column content-text active-extra-styles \" style=\"text-align: justify;\" data-block-type=\"unstyled\" data-block-weight=\"43\" data-block-id=\"12\">\n<p class=\"content-text__container \" data-track-category=\"Link no Texto\" data-track-links=\"\">Categorizada como vulner\u00e1vel ao risco de extin\u00e7\u00e3o, a on\u00e7a-parda vive sob amea\u00e7as como a supress\u00e3o e fragmenta\u00e7\u00e3o de\u00a0<em>habitat\u00a0<\/em>devido \u00e0 expans\u00e3o agropecu\u00e1ria e \u00e0 minera\u00e7\u00e3o, al\u00e9m da explora\u00e7\u00e3o de madeira para carv\u00e3o, conforme o Instituto Chico Mendes de Conserva\u00e7\u00e3o da Biodiversidade (ICMBio).<\/p>\n<\/div>\n<div class=\"mc-column content-text active-extra-styles \" style=\"text-align: justify;\" data-block-type=\"unstyled\" data-block-weight=\"35\" data-block-id=\"13\">\n<p class=\"content-text__container \" data-track-category=\"Link no Texto\" data-track-links=\"\">\u201cAl\u00e9m disso, a elimina\u00e7\u00e3o de indiv\u00edduos por ca\u00e7a, retalia\u00e7\u00e3o por preda\u00e7\u00e3o de animais dom\u00e9sticos, queimadas (principalmente em canaviais) e atropelamentos tamb\u00e9m contribuem significativamente para a redu\u00e7\u00e3o da popula\u00e7\u00e3o em diversas \u00e1reas\u201d, indica o instituto.<\/p>\n<\/div>\n<div class=\"mc-column content-text active-extra-styles \" style=\"text-align: justify;\" data-block-type=\"unstyled\" data-block-weight=\"17\" data-block-id=\"14\">\n<p class=\"content-text__container \" data-track-category=\"Link no Texto\" data-track-links=\"\">A diminui\u00e7\u00e3o iminente dos remanescentes florestais tamb\u00e9m \u00e9 uma amea\u00e7a \u00e0 popula\u00e7\u00e3o da\u00a0<em>Puma concolor<\/em> no Brasil.<\/p>\n<\/div>\n<div class=\"mc-column content-text active-extra-styles\" style=\"text-align: justify;\" data-block-type=\"raw\" data-block-weight=\"2\" data-block-id=\"15\">\n<div class=\"content-intertitle\">\n<h2>LEIA TAMB\u00c9M:<\/h2>\n<\/div>\n<\/div>\n<div class=\"mc-column content-text active-extra-styles\" style=\"text-align: justify;\" data-block-type=\"raw\" data-block-weight=\"19\" data-block-id=\"16\">\n<ul class=\"content-unordered-list\">\n<li><a href=\"https:\/\/g1.globo.com\/sp\/presidente-prudente-regiao\/noticia\/2021\/07\/20\/mesmo-com-baixo-indice-de-desmatamento-na-mata-atlantica-oeste-paulista-tem-pouca-vegetacao-nativa-e-precisa-restaurar-florestas.ghtml\">Mesmo com baixo \u00edndice de desmatamento na Mata Atl\u00e2ntica, Oeste Paulista tem pouca vegeta\u00e7\u00e3o nativa e precisa restaurar florestas<\/a><\/li>\n<\/ul>\n<p><span style=\"color: #111111; font-family: Roboto, sans-serif; font-size: 27px;\">Segundo maior felino do Brasil<\/span><\/p>\n<\/div>\n<div class=\"mc-column content-text active-extra-styles \" style=\"text-align: justify;\" data-block-type=\"unstyled\" data-block-weight=\"50\" data-block-id=\"18\">\n<p class=\"content-text__container \" data-track-category=\"Link no Texto\" data-track-links=\"\">Tamb\u00e9m conhecida como su\u00e7uarana, puma, on\u00e7a-vermelha e le\u00e3o-baio, a on\u00e7a-parda \u00e9 a segunda maior esp\u00e9cie de felino do Brasil, s\u00f3 ficando atr\u00e1s da on\u00e7a-pintada (<em>Panthera onca<\/em>). Tem o corpo alongado, com at\u00e9 1,08 metro de comprimento.\u00a0<a href=\"http:\/\/g1.globo.com\/sp\/campinas-regiao\/terra-da-gente\/fauna\/noticia\/2015\/02\/sucuarana.html\">A cauda longa mede at\u00e9 61 cent\u00edmetros e a altura \u00e9 de 63 cent\u00edmetros<\/a>.<\/p>\n<\/div>\n<div class=\"mc-column content-text active-extra-styles \" style=\"text-align: justify;\" data-block-type=\"unstyled\" data-block-weight=\"25\" data-block-id=\"19\">\n<p class=\"content-text__container \" data-track-category=\"Link no Texto\" data-track-links=\"\">O macho adulto pode pesar por volta de 70 quilos. A pelagem da su\u00e7uarana tem colora\u00e7\u00e3o uniforme, variando entre marrom-acinzentado bem claro e marrom-avermelhado escuro.<\/p>\n<\/div>\n<div class=\"mc-column content-text active-extra-styles \" style=\"text-align: justify;\" data-block-type=\"unstyled\" data-block-weight=\"23\" data-block-id=\"21\">\n<p class=\"content-text__container \" data-track-category=\"Link no Texto\" data-track-links=\"\">Geralmente os animais que vivem em florestas s\u00e3o menores e mais escuros e os que habitam regi\u00f5es montanhosas s\u00e3o maiores e mais claros.<\/p>\n<\/div>\n<div class=\"mc-column content-text active-extra-styles \" style=\"text-align: justify;\" data-block-type=\"unstyled\" data-block-weight=\"19\" data-block-id=\"22\">\n<p class=\"content-text__container \" data-track-category=\"Link no Texto\" data-track-links=\"\">Possuem h\u00e1bitos noturnos (predominantemente) e diurnos, ca\u00e7am a qualquer hora do dia com certa tend\u00eancia ao hor\u00e1rio de crep\u00fasculo.<\/p>\n<\/div>\n<div class=\"mc-column content-text active-extra-styles \" data-block-type=\"unstyled\" data-block-weight=\"25\" data-block-id=\"23\">\n<p class=\"content-text__container \" style=\"text-align: justify;\" data-track-category=\"Link no Texto\" data-track-links=\"\">Embora seja uma esp\u00e9cie terrestre, possui muita habilidade para subir em \u00e1rvores e \u00e9 muito \u00e1gil. A su\u00e7uarana vive solit\u00e1ria, menos na \u00e9poca de acasalamento.<\/p>\n<p style=\"text-align: justify;\" data-track-category=\"Link no Texto\" data-track-links=\"\">Fonte: https:\/\/g1.globo.com\/sp\/presidente-prudente-regiao\/noticia\/2021\/07\/30\/vulneravel-ao-risco-de-extincao-onca-parda-morre-apos-atropelamento-na-rodovia-da-integracao-em-dracena-veja-video.ghtml<\/p>\n<\/div>\n<\/div>\n<\/div>\n","protected":false},"excerpt":{"rendered":"<p>Felino chegou a ser resgatado e a receber cuidados m\u00e9dicos veterin\u00e1rios, mas n\u00e3o resistiu \u00e0s les\u00f5es. Esp\u00e9cie \u00e9 considerada o segundo maior felino do Brasil. Quem percorreu a Rodovia General Euclides de Oliveira Figueiredo (SP-563), mais conhecida popularmente como Rodovia da Integra\u00e7\u00e3o, na manh\u00e3 desta sexta-feira (30), p\u00f4de observar uma on\u00e7a-parda (Puma concolor) deitada sobre [&hellip;]<\/p>\n","protected":false},"author":1,"featured_media":51488,"comment_status":"closed","ping_status":"open","sticky":false,"template":"","format":"standard","meta":{"footnotes":""},"categories":[176,110],"tags":[],"class_list":["post-51487","post","type-post","status-publish","format-standard","has-post-thumbnail","hentry","category-meioambienteeagricultura","category-noticiasdestaque"],"_links":{"self":[{"href":"https:\/\/jorgezanoni.com.br\/2019\/wp-json\/wp\/v2\/posts\/51487","targetHints":{"allow":["GET"]}}],"collection":[{"href":"https:\/\/jorgezanoni.com.br\/2019\/wp-json\/wp\/v2\/posts"}],"about":[{"href":"https:\/\/jorgezanoni.com.br\/2019\/wp-json\/wp\/v2\/types\/post"}],"author":[{"embeddable":true,"href":"https:\/\/jorgezanoni.com.br\/2019\/wp-json\/wp\/v2\/users\/1"}],"replies":[{"embeddable":true,"href":"https:\/\/jorgezanoni.com.br\/2019\/wp-json\/wp\/v2\/comments?post=51487"}],"version-history":[{"count":0,"href":"https:\/\/jorgezanoni.com.br\/2019\/wp-json\/wp\/v2\/posts\/51487\/revisions"}],"wp:featuredmedia":[{"embeddable":true,"href":"https:\/\/jorgezanoni.com.br\/2019\/wp-json\/wp\/v2\/media\/51488"}],"wp:attachment":[{"href":"https:\/\/jorgezanoni.com.br\/2019\/wp-json\/wp\/v2\/media?parent=51487"}],"wp:term":[{"taxonomy":"category","embeddable":true,"href":"https:\/\/jorgezanoni.com.br\/2019\/wp-json\/wp\/v2\/categories?post=51487"},{"taxonomy":"post_tag","embeddable":true,"href":"https:\/\/jorgezanoni.com.br\/2019\/wp-json\/wp\/v2\/tags?post=51487"}],"curies":[{"name":"wp","href":"https:\/\/api.w.org\/{rel}","templated":true}]}}