{"id":51473,"date":"2021-07-30T13:16:21","date_gmt":"2021-07-30T13:16:21","guid":{"rendered":"https:\/\/jorgezanoni.com.br\/2019\/?p=51473"},"modified":"2021-07-30T13:16:21","modified_gmt":"2021-07-30T13:16:21","slug":"reboques-de-oleo-se-desprendem-de-caminhao-tombam-e-pegam-fogo-na-sp-294","status":"publish","type":"post","link":"https:\/\/jorgezanoni.com.br\/2019\/reboques-de-oleo-se-desprendem-de-caminhao-tombam-e-pegam-fogo-na-sp-294\/","title":{"rendered":"Reboques de \u00f3leo se desprendem de caminh\u00e3o, tombam e pegam fogo na SP-294"},"content":{"rendered":"<p><strong>Capivaras na pista de rolamento teriam provocado o acidente.<\/strong><\/p>\n<p style=\"text-align: justify;\">A Pol\u00edcia Militar Rodovi\u00e1ria \u2013 Base Operacional de Adamantina atende desde as 3h desta sexta-feira (30), uma ocorr\u00eancia de acidente de tr\u00e2nsito com o derramamento de produto perigoso na Rodovia Comandante Jo\u00e3o Ribeiro de Barros \u2013 (SP-294) em In\u00fabia Paulista.<\/p>\n<p style=\"text-align: justify;\">Segundo a equipe que atua no local, o acidente ocorreu no km 578+100 metros, no trecho pertencente \u00e0 In\u00fabia Paulista.<\/p>\n<p style=\"text-align: justify;\"><a href=\"https:\/\/i0.wp.com\/ifolharegional.com.br\/wp-content\/uploads\/2021\/07\/WhatsApp-Image-2021-07-30-at-08.02.31.jpeg?ssl=1\"><img loading=\"lazy\" decoding=\"async\" class=\"size-large wp-image-42373\" src=\"https:\/\/i0.wp.com\/ifolharegional.com.br\/wp-content\/uploads\/2021\/07\/WhatsApp-Image-2021-07-30-at-08.02.31.jpeg?resize=740%2C416&amp;ssl=1\" sizes=\"auto, (max-width: 740px) 100vw, 740px\" srcset=\"https:\/\/i0.wp.com\/ifolharegional.com.br\/wp-content\/uploads\/2021\/07\/WhatsApp-Image-2021-07-30-at-08.02.31.jpeg?resize=1024%2C576&amp;ssl=1 1024w, https:\/\/i0.wp.com\/ifolharegional.com.br\/wp-content\/uploads\/2021\/07\/WhatsApp-Image-2021-07-30-at-08.02.31.jpeg?resize=300%2C169&amp;ssl=1 300w, https:\/\/i0.wp.com\/ifolharegional.com.br\/wp-content\/uploads\/2021\/07\/WhatsApp-Image-2021-07-30-at-08.02.31.jpeg?resize=768%2C432&amp;ssl=1 768w, https:\/\/i0.wp.com\/ifolharegional.com.br\/wp-content\/uploads\/2021\/07\/WhatsApp-Image-2021-07-30-at-08.02.31.jpeg?w=1280&amp;ssl=1 1280w\" alt=\"\" width=\"740\" height=\"416\" data-attachment-id=\"42373\" data-permalink=\"https:\/\/ifolharegional.com.br\/2021\/07\/30\/reboques-de-oleo-se-desprendem-de-caminhao-tombam-e-pegam-fogo-na-sp-294\/whatsapp-image-2021-07-30-at-08-02-31\/\" data-orig-file=\"https:\/\/i0.wp.com\/ifolharegional.com.br\/wp-content\/uploads\/2021\/07\/WhatsApp-Image-2021-07-30-at-08.02.31.jpeg?fit=1280%2C720&amp;ssl=1\" data-orig-size=\"1280,720\" data-comments-opened=\"0\" data-image-meta=\"{&quot;aperture&quot;:&quot;0&quot;,&quot;credit&quot;:&quot;&quot;,&quot;camera&quot;:&quot;&quot;,&quot;caption&quot;:&quot;&quot;,&quot;created_timestamp&quot;:&quot;0&quot;,&quot;copyright&quot;:&quot;&quot;,&quot;focal_length&quot;:&quot;0&quot;,&quot;iso&quot;:&quot;0&quot;,&quot;shutter_speed&quot;:&quot;0&quot;,&quot;title&quot;:&quot;&quot;,&quot;orientation&quot;:&quot;0&quot;}\" data-image-title=\"WhatsApp Image 2021-07-30 at 08.02.31\" data-image-description=\"\" data-image-caption=\"\" data-medium-file=\"https:\/\/i0.wp.com\/ifolharegional.com.br\/wp-content\/uploads\/2021\/07\/WhatsApp-Image-2021-07-30-at-08.02.31.jpeg?fit=300%2C169&amp;ssl=1\" data-large-file=\"https:\/\/i0.wp.com\/ifolharegional.com.br\/wp-content\/uploads\/2021\/07\/WhatsApp-Image-2021-07-30-at-08.02.31.jpeg?fit=740%2C416&amp;ssl=1\" \/><\/a>O condutor informou aos militares que foi desviar de capivaras quando as duas unidades \u201creboque\u201d carregadas de \u00f3leo diesel se desprenderam do caminh\u00e3o trator e tombaram no acostamento.<\/p>\n<p style=\"text-align: justify;\">Ap\u00f3s o tombamento, houve o inc\u00eandio dos dois tanques que foi contido pelo Corpo de Bombeiros.<\/p>\n<p style=\"text-align: justify;\">Um furo no tanque tamb\u00e9m ocasionou o vazamento do combust\u00edvel que ocorreu pr\u00f3ximo a um curso de \u00e1gua (c\u00f3rrego). A CETESB foi acionada e compareceu ao local.<\/p>\n<p style=\"text-align: justify;\"><a href=\"https:\/\/i0.wp.com\/ifolharegional.com.br\/wp-content\/uploads\/2021\/07\/WhatsApp-Image-2021-07-30-at-08.02.35.jpeg?ssl=1\"><img loading=\"lazy\" decoding=\"async\" class=\"aligncenter size-large wp-image-42374\" src=\"https:\/\/i0.wp.com\/ifolharegional.com.br\/wp-content\/uploads\/2021\/07\/WhatsApp-Image-2021-07-30-at-08.02.35.jpeg?resize=740%2C416&amp;ssl=1\" sizes=\"auto, (max-width: 740px) 100vw, 740px\" srcset=\"https:\/\/i0.wp.com\/ifolharegional.com.br\/wp-content\/uploads\/2021\/07\/WhatsApp-Image-2021-07-30-at-08.02.35.jpeg?resize=1024%2C576&amp;ssl=1 1024w, https:\/\/i0.wp.com\/ifolharegional.com.br\/wp-content\/uploads\/2021\/07\/WhatsApp-Image-2021-07-30-at-08.02.35.jpeg?resize=300%2C169&amp;ssl=1 300w, https:\/\/i0.wp.com\/ifolharegional.com.br\/wp-content\/uploads\/2021\/07\/WhatsApp-Image-2021-07-30-at-08.02.35.jpeg?resize=768%2C432&amp;ssl=1 768w, https:\/\/i0.wp.com\/ifolharegional.com.br\/wp-content\/uploads\/2021\/07\/WhatsApp-Image-2021-07-30-at-08.02.35.jpeg?w=1280&amp;ssl=1 1280w\" alt=\"\" width=\"740\" height=\"416\" data-attachment-id=\"42374\" data-permalink=\"https:\/\/ifolharegional.com.br\/2021\/07\/30\/reboques-de-oleo-se-desprendem-de-caminhao-tombam-e-pegam-fogo-na-sp-294\/whatsapp-image-2021-07-30-at-08-02-35\/\" data-orig-file=\"https:\/\/i0.wp.com\/ifolharegional.com.br\/wp-content\/uploads\/2021\/07\/WhatsApp-Image-2021-07-30-at-08.02.35.jpeg?fit=1280%2C720&amp;ssl=1\" data-orig-size=\"1280,720\" data-comments-opened=\"0\" data-image-meta=\"{&quot;aperture&quot;:&quot;0&quot;,&quot;credit&quot;:&quot;&quot;,&quot;camera&quot;:&quot;&quot;,&quot;caption&quot;:&quot;&quot;,&quot;created_timestamp&quot;:&quot;0&quot;,&quot;copyright&quot;:&quot;&quot;,&quot;focal_length&quot;:&quot;0&quot;,&quot;iso&quot;:&quot;0&quot;,&quot;shutter_speed&quot;:&quot;0&quot;,&quot;title&quot;:&quot;&quot;,&quot;orientation&quot;:&quot;0&quot;}\" data-image-title=\"WhatsApp Image 2021-07-30 at 08.02.35\" data-image-description=\"\" data-image-caption=\"\" data-medium-file=\"https:\/\/i0.wp.com\/ifolharegional.com.br\/wp-content\/uploads\/2021\/07\/WhatsApp-Image-2021-07-30-at-08.02.35.jpeg?fit=300%2C169&amp;ssl=1\" data-large-file=\"https:\/\/i0.wp.com\/ifolharegional.com.br\/wp-content\/uploads\/2021\/07\/WhatsApp-Image-2021-07-30-at-08.02.35.jpeg?fit=740%2C416&amp;ssl=1\" data-recalc-dims=\"1\" \/><\/a>Uma capivara foi localizada morta na pista pr\u00f3ximo ao local do acidente.<\/p>\n<p style=\"text-align: justify;\"><a href=\"https:\/\/i2.wp.com\/ifolharegional.com.br\/wp-content\/uploads\/2021\/07\/WhatsApp-Image-2021-07-30-at-08.02.33.jpeg?ssl=1\"><img loading=\"lazy\" decoding=\"async\" class=\"aligncenter size-large wp-image-42378\" src=\"https:\/\/i2.wp.com\/ifolharegional.com.br\/wp-content\/uploads\/2021\/07\/WhatsApp-Image-2021-07-30-at-08.02.33.jpeg?resize=740%2C416&amp;ssl=1\" sizes=\"auto, (max-width: 740px) 100vw, 740px\" srcset=\"https:\/\/i2.wp.com\/ifolharegional.com.br\/wp-content\/uploads\/2021\/07\/WhatsApp-Image-2021-07-30-at-08.02.33.jpeg?resize=1024%2C576&amp;ssl=1 1024w, https:\/\/i2.wp.com\/ifolharegional.com.br\/wp-content\/uploads\/2021\/07\/WhatsApp-Image-2021-07-30-at-08.02.33.jpeg?resize=300%2C169&amp;ssl=1 300w, https:\/\/i2.wp.com\/ifolharegional.com.br\/wp-content\/uploads\/2021\/07\/WhatsApp-Image-2021-07-30-at-08.02.33.jpeg?resize=768%2C432&amp;ssl=1 768w, https:\/\/i2.wp.com\/ifolharegional.com.br\/wp-content\/uploads\/2021\/07\/WhatsApp-Image-2021-07-30-at-08.02.33.jpeg?w=1280&amp;ssl=1 1280w\" alt=\"\" width=\"740\" height=\"416\" data-attachment-id=\"42378\" data-permalink=\"https:\/\/ifolharegional.com.br\/2021\/07\/30\/reboques-de-oleo-se-desprendem-de-caminhao-tombam-e-pegam-fogo-na-sp-294\/whatsapp-image-2021-07-30-at-08-02-33\/\" data-orig-file=\"https:\/\/i2.wp.com\/ifolharegional.com.br\/wp-content\/uploads\/2021\/07\/WhatsApp-Image-2021-07-30-at-08.02.33.jpeg?fit=1280%2C720&amp;ssl=1\" data-orig-size=\"1280,720\" data-comments-opened=\"0\" data-image-meta=\"{&quot;aperture&quot;:&quot;0&quot;,&quot;credit&quot;:&quot;&quot;,&quot;camera&quot;:&quot;&quot;,&quot;caption&quot;:&quot;&quot;,&quot;created_timestamp&quot;:&quot;0&quot;,&quot;copyright&quot;:&quot;&quot;,&quot;focal_length&quot;:&quot;0&quot;,&quot;iso&quot;:&quot;0&quot;,&quot;shutter_speed&quot;:&quot;0&quot;,&quot;title&quot;:&quot;&quot;,&quot;orientation&quot;:&quot;0&quot;}\" data-image-title=\"WhatsApp Image 2021-07-30 at 08.02.33\" data-image-description=\"\" data-image-caption=\"\" data-medium-file=\"https:\/\/i2.wp.com\/ifolharegional.com.br\/wp-content\/uploads\/2021\/07\/WhatsApp-Image-2021-07-30-at-08.02.33.jpeg?fit=300%2C169&amp;ssl=1\" data-large-file=\"https:\/\/i2.wp.com\/ifolharegional.com.br\/wp-content\/uploads\/2021\/07\/WhatsApp-Image-2021-07-30-at-08.02.33.jpeg?fit=740%2C416&amp;ssl=1\" data-recalc-dims=\"1\" \/><\/a>Al\u00e9m da Pol\u00edcia Militar Rodovi\u00e1ria, Corpo de Bombeiros e profissionais da concession\u00e1ria que administra a rodovia, tamb\u00e9m atuaram nesta ocorr\u00eancia a Pol\u00edcia Civil e a Per\u00edcia T\u00e9cnica que constatou que o inc\u00eandio afetou apenas as rodas e pneus da \u00faltima unidade do conjunto de reboque.<\/p>\n<p style=\"text-align: justify;\"><a href=\"https:\/\/i0.wp.com\/ifolharegional.com.br\/wp-content\/uploads\/2021\/07\/WhatsApp-Image-2021-07-30-at-08.02.34.jpeg?ssl=1\"><img loading=\"lazy\" decoding=\"async\" class=\"aligncenter size-large wp-image-42377\" src=\"https:\/\/i0.wp.com\/ifolharegional.com.br\/wp-content\/uploads\/2021\/07\/WhatsApp-Image-2021-07-30-at-08.02.34.jpeg?resize=740%2C416&amp;ssl=1\" sizes=\"auto, (max-width: 740px) 100vw, 740px\" srcset=\"https:\/\/i0.wp.com\/ifolharegional.com.br\/wp-content\/uploads\/2021\/07\/WhatsApp-Image-2021-07-30-at-08.02.34.jpeg?resize=1024%2C576&amp;ssl=1 1024w, https:\/\/i0.wp.com\/ifolharegional.com.br\/wp-content\/uploads\/2021\/07\/WhatsApp-Image-2021-07-30-at-08.02.34.jpeg?resize=300%2C169&amp;ssl=1 300w, https:\/\/i0.wp.com\/ifolharegional.com.br\/wp-content\/uploads\/2021\/07\/WhatsApp-Image-2021-07-30-at-08.02.34.jpeg?resize=768%2C432&amp;ssl=1 768w, https:\/\/i0.wp.com\/ifolharegional.com.br\/wp-content\/uploads\/2021\/07\/WhatsApp-Image-2021-07-30-at-08.02.34.jpeg?w=1280&amp;ssl=1 1280w\" alt=\"\" width=\"740\" height=\"416\" data-attachment-id=\"42377\" data-permalink=\"https:\/\/ifolharegional.com.br\/2021\/07\/30\/reboques-de-oleo-se-desprendem-de-caminhao-tombam-e-pegam-fogo-na-sp-294\/whatsapp-image-2021-07-30-at-08-02-34\/\" data-orig-file=\"https:\/\/i0.wp.com\/ifolharegional.com.br\/wp-content\/uploads\/2021\/07\/WhatsApp-Image-2021-07-30-at-08.02.34.jpeg?fit=1280%2C720&amp;ssl=1\" data-orig-size=\"1280,720\" data-comments-opened=\"0\" data-image-meta=\"{&quot;aperture&quot;:&quot;0&quot;,&quot;credit&quot;:&quot;&quot;,&quot;camera&quot;:&quot;&quot;,&quot;caption&quot;:&quot;&quot;,&quot;created_timestamp&quot;:&quot;0&quot;,&quot;copyright&quot;:&quot;&quot;,&quot;focal_length&quot;:&quot;0&quot;,&quot;iso&quot;:&quot;0&quot;,&quot;shutter_speed&quot;:&quot;0&quot;,&quot;title&quot;:&quot;&quot;,&quot;orientation&quot;:&quot;0&quot;}\" data-image-title=\"WhatsApp Image 2021-07-30 at 08.02.34\" data-image-description=\"\" data-image-caption=\"\" data-medium-file=\"https:\/\/i0.wp.com\/ifolharegional.com.br\/wp-content\/uploads\/2021\/07\/WhatsApp-Image-2021-07-30-at-08.02.34.jpeg?fit=300%2C169&amp;ssl=1\" data-large-file=\"https:\/\/i0.wp.com\/ifolharegional.com.br\/wp-content\/uploads\/2021\/07\/WhatsApp-Image-2021-07-30-at-08.02.34.jpeg?fit=740%2C416&amp;ssl=1\" data-recalc-dims=\"1\" \/><\/a><\/p>\n<p style=\"text-align: justify;\">Aos motoristas que trafegam pelo local, \u00e9 importante redobrar a aten\u00e7\u00e3o, uma vez que a ocorr\u00eancia ainda segue em andamento.<\/p>\n<p style=\"text-align: justify;\">Fonte: Folha Regional &#8211; Fotos: Pol\u00edcia Rodovi\u00e1ria \/ Cedidas<\/p>\n","protected":false},"excerpt":{"rendered":"<p>Capivaras na pista de rolamento teriam provocado o acidente. A Pol\u00edcia Militar Rodovi\u00e1ria \u2013 Base Operacional de Adamantina atende desde as 3h desta sexta-feira (30), uma ocorr\u00eancia de acidente de tr\u00e2nsito com o derramamento de produto perigoso na Rodovia Comandante Jo\u00e3o Ribeiro de Barros \u2013 (SP-294) em In\u00fabia Paulista. Segundo a equipe que atua no [&hellip;]<\/p>\n","protected":false},"author":1,"featured_media":51474,"comment_status":"closed","ping_status":"open","sticky":false,"template":"","format":"standard","meta":{"footnotes":""},"categories":[170,110],"tags":[],"class_list":["post-51473","post","type-post","status-publish","format-standard","has-post-thumbnail","hentry","category-acidentes","category-noticiasdestaque"],"_links":{"self":[{"href":"https:\/\/jorgezanoni.com.br\/2019\/wp-json\/wp\/v2\/posts\/51473","targetHints":{"allow":["GET"]}}],"collection":[{"href":"https:\/\/jorgezanoni.com.br\/2019\/wp-json\/wp\/v2\/posts"}],"about":[{"href":"https:\/\/jorgezanoni.com.br\/2019\/wp-json\/wp\/v2\/types\/post"}],"author":[{"embeddable":true,"href":"https:\/\/jorgezanoni.com.br\/2019\/wp-json\/wp\/v2\/users\/1"}],"replies":[{"embeddable":true,"href":"https:\/\/jorgezanoni.com.br\/2019\/wp-json\/wp\/v2\/comments?post=51473"}],"version-history":[{"count":0,"href":"https:\/\/jorgezanoni.com.br\/2019\/wp-json\/wp\/v2\/posts\/51473\/revisions"}],"wp:featuredmedia":[{"embeddable":true,"href":"https:\/\/jorgezanoni.com.br\/2019\/wp-json\/wp\/v2\/media\/51474"}],"wp:attachment":[{"href":"https:\/\/jorgezanoni.com.br\/2019\/wp-json\/wp\/v2\/media?parent=51473"}],"wp:term":[{"taxonomy":"category","embeddable":true,"href":"https:\/\/jorgezanoni.com.br\/2019\/wp-json\/wp\/v2\/categories?post=51473"},{"taxonomy":"post_tag","embeddable":true,"href":"https:\/\/jorgezanoni.com.br\/2019\/wp-json\/wp\/v2\/tags?post=51473"}],"curies":[{"name":"wp","href":"https:\/\/api.w.org\/{rel}","templated":true}]}}