{"id":51444,"date":"2021-07-29T22:23:42","date_gmt":"2021-07-29T22:23:42","guid":{"rendered":"https:\/\/jorgezanoni.com.br\/2019\/?p=51444"},"modified":"2021-07-29T22:23:42","modified_gmt":"2021-07-29T22:23:42","slug":"motorista-fica-ferido-apos-carreta-carregada-com-vidro-tombar-na-sp-294","status":"publish","type":"post","link":"https:\/\/jorgezanoni.com.br\/2019\/motorista-fica-ferido-apos-carreta-carregada-com-vidro-tombar-na-sp-294\/","title":{"rendered":"Motorista fica ferido ap\u00f3s carreta carregada com vidro tombar na SP-294"},"content":{"rendered":"<p style=\"text-align: justify;\">No final da tarde desta quinta-feira o condutor de uma carreta, placa de Campo Grande \u2013 MS, trafegava pela Rodovia Comandante Jo\u00e3o Ribeiro de Barros, de Quintana para Tup\u00e3, quando ao passar pelo trevo principal de Hercul\u00e2ndia perdeu o controle da dire\u00e7\u00e3o do ve\u00edculo vindo a tombar.<\/p>\n<p style=\"text-align: justify;\"><img loading=\"lazy\" decoding=\"async\" class=\"aligncenter\" src=\"https:\/\/i2.wp.com\/portal.maistupa.com\/wp-content\/uploads\/2021\/07\/tombamento-herculandia23.jpg?resize=619%2C348\" width=\"619\" height=\"348\" \/><\/p>\n<p style=\"text-align: justify;\">A carga de vidros ficou destru\u00edda, j\u00e1 o motorista foi socorrido pela Unidade de Suporte Avan\u00e7ado da Concession\u00e1ria Eixo para Santa Casa de Tup\u00e3, com ferimentos leves, conforme apurado no local.<\/p>\n<p style=\"text-align: justify;\"><img loading=\"lazy\" decoding=\"async\" class=\"aligncenter\" src=\"https:\/\/i2.wp.com\/portal.maistupa.com\/wp-content\/uploads\/2021\/07\/tombamento-herculandia24.jpg?resize=619%2C348\" width=\"619\" height=\"348\" data-recalc-dims=\"1\" \/>Equipes de sinaliza\u00e7\u00e3o da EIXO estiveram no local orientando o tr\u00e2nsito. A Pol\u00edcia Militar Rodovi\u00e1ria esteve no local para registro do boletim de ocorr\u00eancia.<\/p>\n<p style=\"text-align: justify;\"><img loading=\"lazy\" decoding=\"async\" class=\"aligncenter\" src=\"https:\/\/i0.wp.com\/portal.maistupa.com\/wp-content\/uploads\/2021\/07\/tombamento-herculandia25.jpg?resize=619%2C348\" width=\"619\" height=\"348\" data-recalc-dims=\"1\" \/><\/p>\n<p style=\"text-align: justify;\">Fonte: Diego Pereira \/ Mais Tup\u00e3<\/p>\n","protected":false},"excerpt":{"rendered":"<p>No final da tarde desta quinta-feira o condutor de uma carreta, placa de Campo Grande \u2013 MS, trafegava pela Rodovia Comandante Jo\u00e3o Ribeiro de Barros, de Quintana para Tup\u00e3, quando ao passar pelo trevo principal de Hercul\u00e2ndia perdeu o controle da dire\u00e7\u00e3o do ve\u00edculo vindo a tombar. A carga de vidros ficou destru\u00edda, j\u00e1 o [&hellip;]<\/p>\n","protected":false},"author":1,"featured_media":51445,"comment_status":"closed","ping_status":"open","sticky":false,"template":"","format":"standard","meta":{"footnotes":""},"categories":[170,110],"tags":[],"class_list":["post-51444","post","type-post","status-publish","format-standard","has-post-thumbnail","hentry","category-acidentes","category-noticiasdestaque"],"_links":{"self":[{"href":"https:\/\/jorgezanoni.com.br\/2019\/wp-json\/wp\/v2\/posts\/51444","targetHints":{"allow":["GET"]}}],"collection":[{"href":"https:\/\/jorgezanoni.com.br\/2019\/wp-json\/wp\/v2\/posts"}],"about":[{"href":"https:\/\/jorgezanoni.com.br\/2019\/wp-json\/wp\/v2\/types\/post"}],"author":[{"embeddable":true,"href":"https:\/\/jorgezanoni.com.br\/2019\/wp-json\/wp\/v2\/users\/1"}],"replies":[{"embeddable":true,"href":"https:\/\/jorgezanoni.com.br\/2019\/wp-json\/wp\/v2\/comments?post=51444"}],"version-history":[{"count":0,"href":"https:\/\/jorgezanoni.com.br\/2019\/wp-json\/wp\/v2\/posts\/51444\/revisions"}],"wp:featuredmedia":[{"embeddable":true,"href":"https:\/\/jorgezanoni.com.br\/2019\/wp-json\/wp\/v2\/media\/51445"}],"wp:attachment":[{"href":"https:\/\/jorgezanoni.com.br\/2019\/wp-json\/wp\/v2\/media?parent=51444"}],"wp:term":[{"taxonomy":"category","embeddable":true,"href":"https:\/\/jorgezanoni.com.br\/2019\/wp-json\/wp\/v2\/categories?post=51444"},{"taxonomy":"post_tag","embeddable":true,"href":"https:\/\/jorgezanoni.com.br\/2019\/wp-json\/wp\/v2\/tags?post=51444"}],"curies":[{"name":"wp","href":"https:\/\/api.w.org\/{rel}","templated":true}]}}