{"id":51441,"date":"2021-07-29T22:10:30","date_gmt":"2021-07-29T22:10:30","guid":{"rendered":"https:\/\/jorgezanoni.com.br\/2019\/?p=51441"},"modified":"2021-07-29T22:10:30","modified_gmt":"2021-07-29T22:10:30","slug":"policia-federal-faz-buscas-em-adamantina-e-apura-suposto-trabalho-escravo","status":"publish","type":"post","link":"https:\/\/jorgezanoni.com.br\/2019\/policia-federal-faz-buscas-em-adamantina-e-apura-suposto-trabalho-escravo\/","title":{"rendered":"Pol\u00edcia Federal faz buscas em Adamantina e apura suposto \u201ctrabalho escravo\u201d"},"content":{"rendered":"<p style=\"text-align: justify;\">Adamantina foi alvo de uma opera\u00e7\u00e3o policial desencadeada pela Pol\u00edcia Federal nesta quinta-feira (29) com o apoio da Delegacia Seccional e da Ger\u00eancia Regional do Trabalho e Emprego de Presidente Prudente.<\/p>\n<p style=\"text-align: justify;\">A a\u00e7\u00e3o policial teve o intuito de instruir um inqu\u00e9rito que apura a den\u00fancia de que um empres\u00e1rio de Adamantina estaria se utilizando de servi\u00e7os prestados por bolivianos na confec\u00e7\u00e3o de roupas.<\/p>\n<p style=\"text-align: justify;\">Segundo informado pela Pol\u00edcia Federal atrav\u00e9s de nota \u00e0 imprensa, o teor da den\u00fancia \u00e9 de que estes bolivianos estariam sendo mantidos em uma casa em condi\u00e7\u00e3o semelhantes \u00e0 de escravid\u00e3o.<\/p>\n<p style=\"text-align: justify;\">Durante as buscas, segundo divulgou a Pol\u00edcia Federal, houve a apreens\u00e3o de documentos diversos e celulares, al\u00e9m de dilig\u00eancias por auditores-fiscais visando \u00e0 instru\u00e7\u00e3o de procedimento fiscalizat\u00f3rio administrativo.<\/p>\n<p style=\"text-align: justify;\">A Unidade de Pol\u00edcia de Imigra\u00e7\u00e3o tamb\u00e9m realizou a verifica\u00e7\u00e3o da situa\u00e7\u00e3o migrat\u00f3ria dos moradores em Adamantina e notificou aqueles que se encontravam em situa\u00e7\u00e3o irregular.<\/p>\n<p style=\"text-align: justify;\">Atuaram nesta opera\u00e7\u00e3o quatro policiais federais, quatro policiais civis e dois auditores-fiscais do trabalho.<\/p>\n<p style=\"text-align: justify;\">Fonte: Siga Mais &#8211; Foto: Marcelo Camargo\/Ag\u00eancia Brasil<\/p>\n","protected":false},"excerpt":{"rendered":"<p>Adamantina foi alvo de uma opera\u00e7\u00e3o policial desencadeada pela Pol\u00edcia Federal nesta quinta-feira (29) com o apoio da Delegacia Seccional e da Ger\u00eancia Regional do Trabalho e Emprego de Presidente Prudente. A a\u00e7\u00e3o policial teve o intuito de instruir um inqu\u00e9rito que apura a den\u00fancia de que um empres\u00e1rio de Adamantina estaria se utilizando de [&hellip;]<\/p>\n","protected":false},"author":1,"featured_media":51442,"comment_status":"closed","ping_status":"open","sticky":false,"template":"","format":"standard","meta":{"footnotes":""},"categories":[110,2],"tags":[],"class_list":["post-51441","post","type-post","status-publish","format-standard","has-post-thumbnail","hentry","category-noticiasdestaque","category-policial"],"_links":{"self":[{"href":"https:\/\/jorgezanoni.com.br\/2019\/wp-json\/wp\/v2\/posts\/51441","targetHints":{"allow":["GET"]}}],"collection":[{"href":"https:\/\/jorgezanoni.com.br\/2019\/wp-json\/wp\/v2\/posts"}],"about":[{"href":"https:\/\/jorgezanoni.com.br\/2019\/wp-json\/wp\/v2\/types\/post"}],"author":[{"embeddable":true,"href":"https:\/\/jorgezanoni.com.br\/2019\/wp-json\/wp\/v2\/users\/1"}],"replies":[{"embeddable":true,"href":"https:\/\/jorgezanoni.com.br\/2019\/wp-json\/wp\/v2\/comments?post=51441"}],"version-history":[{"count":0,"href":"https:\/\/jorgezanoni.com.br\/2019\/wp-json\/wp\/v2\/posts\/51441\/revisions"}],"wp:featuredmedia":[{"embeddable":true,"href":"https:\/\/jorgezanoni.com.br\/2019\/wp-json\/wp\/v2\/media\/51442"}],"wp:attachment":[{"href":"https:\/\/jorgezanoni.com.br\/2019\/wp-json\/wp\/v2\/media?parent=51441"}],"wp:term":[{"taxonomy":"category","embeddable":true,"href":"https:\/\/jorgezanoni.com.br\/2019\/wp-json\/wp\/v2\/categories?post=51441"},{"taxonomy":"post_tag","embeddable":true,"href":"https:\/\/jorgezanoni.com.br\/2019\/wp-json\/wp\/v2\/tags?post=51441"}],"curies":[{"name":"wp","href":"https:\/\/api.w.org\/{rel}","templated":true}]}}