{"id":51429,"date":"2021-07-29T20:43:03","date_gmt":"2021-07-29T20:43:03","guid":{"rendered":"https:\/\/jorgezanoni.com.br\/2019\/?p=51429"},"modified":"2021-07-29T20:43:25","modified_gmt":"2021-07-29T20:43:25","slug":"vacina-convid-19-amanha-a-partir-de-26-anos-e-segunda-dose","status":"publish","type":"post","link":"https:\/\/jorgezanoni.com.br\/2019\/vacina-convid-19-amanha-a-partir-de-26-anos-e-segunda-dose\/","title":{"rendered":"VACINA COVID-19: Amanh\u00e3 a partir de 26 anos e segunda dose"},"content":{"rendered":"<div class=\"ntc_resumo_noticia sw_lato_bold\" style=\"text-align: justify;\"><strong>A secret\u00e1ria de Sa\u00fade Cl\u00e1udia Luginick informa que Dracena n\u00e3o est\u00e1 estacionada na vacina\u00e7\u00e3o como alguns\u00a0\u00a0alegam.<\/strong><\/div>\n<div><\/div>\n<div class=\"ntc_descricao_noticia\">\n<div class=\"ntc_cont_descricao_noticia sw_txteditor\" style=\"text-align: justify;\">\n<div>Amanh\u00e3, 30\/07, a Sa\u00fade municipal aplicar\u00e1 a primeira dose da vacina COVID para pessoas com 26 anos ou mais, e para as que estiverem com a segunda da dose agendada.<br \/>\nPosto de vacina\u00e7\u00e3o: Escola CEP\/UME, das 8h \u00e0s 13h<br \/>\nLevar: RG, CPF, comprovante de resid\u00eancia (1\u00aa dose); quem ir\u00e1 tomar a segunda dose deve estar munido apenas com os documentos e o cart\u00e3o de vacina.<br \/>\nVacina Contra a Fome: Se voc\u00ea puder doar 1 kg de alimento n\u00e3o perec\u00edvel ser\u00e1 encaminhado \u00e0 Assist\u00eancia Social para ajudar pessoas que necessitam.<strong>SECRET\u00c1RIA DE SA\u00daDE ORIENTA POPULA\u00c7\u00c3O\u00a0<\/strong><br \/>\nA secret\u00e1ria de Sa\u00fade Cl\u00e1udia Luginick informa que Dracena n\u00e3o est\u00e1 estacionada na vacina\u00e7\u00e3o como alguns alegam. O calend\u00e1rio de vacina\u00e7\u00e3o que prev\u00ea o Governo do Estado na faixa et\u00e1ria 25 a 27 anos \u00e9 de 5 a 9\/08, Dracena est\u00e1 adiantada. &#8220;Estamos vacinando na cidade uma faixa et\u00e1ria ainda nem iniciada pelo calend\u00e1rio estadual, portanto estamos a frente do Estado. Na semana passada foi disponibilizado pelo Estado apenas um lote de vacina e hoje chegou mais um lote&#8221;. A secret\u00e1ria ainda explicou que Dracena imuniza al\u00e9m de toda faixa et\u00e1ria contemplada, todos habitantes da penitenci\u00e1ria local, albergue, um p\u00fablico que muitas vezes, outros munic\u00edpio n\u00e3o t\u00eam.<br \/>\nOutra quest\u00e3o que \u00e9 importante esclarecer a popula\u00e7\u00e3o \u00e9 quanto ao hor\u00e1rio que ocorre a vacina. &#8220;A vacina \u00e9 realizada at\u00e9 \u00e0s 13 horas, por motivo de log\u00edstica do munic\u00edpio; a Sa\u00fade precisa digitar no sistema todas as doses de vacina aplicadas no dia, temos apenas 24 horas, para realizar toda digitaliza\u00e7\u00e3o. A equipe come\u00e7a a digitar os registros das doses aplicadas \u00e0s 14h e segue at\u00e9 \u00e0s 17 ou \u00e0s vezes at\u00e9 \u00e0s 18h&#8221;. Cl\u00e1udia explicou que \u00e9 necess\u00e1rio esse servi\u00e7o para que o site do VaciVida (Governo do Estado)\u00a0fique alimentado diariamente com as informa\u00e7\u00f5es.<br \/>\nTamb\u00e9m \u00e9 importante dizer, segundo a secret\u00e1ria, que a popula\u00e7\u00e3o n\u00e3o perde a sua faixa et\u00e1ria. &#8220;Uma vez aberta a faixa et\u00e1ria ela n\u00e3o se encerra, fica aberta, por\u00e9m \u00e9 bom que sigam o cronograma&#8221;, disse Cl\u00e1udia.<\/p>\n<\/div>\n<div><\/div>\n<\/div>\n<div style=\"text-align: justify;\">Fonte: Diretoria de Comunica\u00e7\u00e3o<\/div>\n<\/div>\n","protected":false},"excerpt":{"rendered":"<p>A secret\u00e1ria de Sa\u00fade Cl\u00e1udia Luginick informa que Dracena n\u00e3o est\u00e1 estacionada na vacina\u00e7\u00e3o como alguns\u00a0\u00a0alegam. Amanh\u00e3, 30\/07, a Sa\u00fade municipal aplicar\u00e1 a primeira dose da vacina COVID para pessoas com 26 anos ou mais, e para as que estiverem com a segunda da dose agendada. Posto de vacina\u00e7\u00e3o: Escola CEP\/UME, das 8h \u00e0s 13h [&hellip;]<\/p>\n","protected":false},"author":1,"featured_media":51430,"comment_status":"closed","ping_status":"open","sticky":false,"template":"","format":"standard","meta":{"footnotes":""},"categories":[179,184,110],"tags":[],"class_list":["post-51429","post","type-post","status-publish","format-standard","has-post-thumbnail","hentry","category-cidadeseregiao","category-dracena","category-noticiasdestaque"],"_links":{"self":[{"href":"https:\/\/jorgezanoni.com.br\/2019\/wp-json\/wp\/v2\/posts\/51429","targetHints":{"allow":["GET"]}}],"collection":[{"href":"https:\/\/jorgezanoni.com.br\/2019\/wp-json\/wp\/v2\/posts"}],"about":[{"href":"https:\/\/jorgezanoni.com.br\/2019\/wp-json\/wp\/v2\/types\/post"}],"author":[{"embeddable":true,"href":"https:\/\/jorgezanoni.com.br\/2019\/wp-json\/wp\/v2\/users\/1"}],"replies":[{"embeddable":true,"href":"https:\/\/jorgezanoni.com.br\/2019\/wp-json\/wp\/v2\/comments?post=51429"}],"version-history":[{"count":0,"href":"https:\/\/jorgezanoni.com.br\/2019\/wp-json\/wp\/v2\/posts\/51429\/revisions"}],"wp:featuredmedia":[{"embeddable":true,"href":"https:\/\/jorgezanoni.com.br\/2019\/wp-json\/wp\/v2\/media\/51430"}],"wp:attachment":[{"href":"https:\/\/jorgezanoni.com.br\/2019\/wp-json\/wp\/v2\/media?parent=51429"}],"wp:term":[{"taxonomy":"category","embeddable":true,"href":"https:\/\/jorgezanoni.com.br\/2019\/wp-json\/wp\/v2\/categories?post=51429"},{"taxonomy":"post_tag","embeddable":true,"href":"https:\/\/jorgezanoni.com.br\/2019\/wp-json\/wp\/v2\/tags?post=51429"}],"curies":[{"name":"wp","href":"https:\/\/api.w.org\/{rel}","templated":true}]}}