{"id":51421,"date":"2021-07-29T14:10:28","date_gmt":"2021-07-29T14:10:28","guid":{"rendered":"https:\/\/jorgezanoni.com.br\/2019\/?p=51421"},"modified":"2021-07-29T14:10:28","modified_gmt":"2021-07-29T14:10:28","slug":"conselho-municipal-dos-direitos-da-pessoa-com-deficiencia-tem-nova-diretoria","status":"publish","type":"post","link":"https:\/\/jorgezanoni.com.br\/2019\/conselho-municipal-dos-direitos-da-pessoa-com-deficiencia-tem-nova-diretoria\/","title":{"rendered":"Conselho Municipal dos Direitos da Pessoa com Defici\u00eancia tem nova diretoria"},"content":{"rendered":"<p style=\"text-align: justify;\">Na tarde de ontem, dia 28\/07 o Conselho Municipal dos Direitos da Pessoa com Defici\u00eancia &#8211; COMDEFI reuniram-se na Secretaria Municipal de Educa\u00e7\u00e3o para definir sua diretoria:<br \/>\nPresidente:<\/p>\n<p style=\"text-align: justify;\">Cl\u00e9ber Regiani (representante Adefi Suli).<br \/>\nVice-presidente: Jane Estela Pigozi Ramos Almeida (representante da Secretaria Municipal de Assist\u00eancia Social).<br \/>\n1\u00b0 Secret\u00e1ria: Adriana Miyagui Despencieri (representante da APAE).<br \/>\n2\u00b0 Secret\u00e1rio: Luis Fernando da Rocha Gon\u00e7alves (representante da Secretaria Municipal de Administra\u00e7\u00e3o).<br \/>\nTamb\u00e9m s\u00e3o membros do COMDEFI:<br \/>\nGraziely Silva Gama (representante Secretaria Municipal de Administra\u00e7\u00e3o, Danilo Manzano Senerini e F\u00e1bio Verginassi Rodrigues (representantes da Secretaria Municipal de Esportes, Lazer e Juventude), Joice Leite Barbosa (representante da Secretaria Municipal de Sa\u00fade e Higiene P\u00fablica), Arlete Ap. Pascoal Ozanik (representante da ACE), Mara\u00edsa Credendio da Silva (representante da AVAHU), Solange Gomes Pinho Dellovo (representante da Adefi Suli) e Lucicarla Foratto Monte (representante da Secretaria Municipal de Educa\u00e7\u00e3o).<\/p>\n<p style=\"text-align: justify;\">\n","protected":false},"excerpt":{"rendered":"<p>Na tarde de ontem, dia 28\/07 o Conselho Municipal dos Direitos da Pessoa com Defici\u00eancia &#8211; COMDEFI reuniram-se na Secretaria Municipal de Educa\u00e7\u00e3o para definir sua diretoria: Presidente: Cl\u00e9ber Regiani (representante Adefi Suli). Vice-presidente: Jane Estela Pigozi Ramos Almeida (representante da Secretaria Municipal de Assist\u00eancia Social). 1\u00b0 Secret\u00e1ria: Adriana Miyagui Despencieri (representante da APAE). 2\u00b0 [&hellip;]<\/p>\n","protected":false},"author":1,"featured_media":51422,"comment_status":"closed","ping_status":"open","sticky":false,"template":"","format":"standard","meta":{"footnotes":""},"categories":[114,110],"tags":[],"class_list":["post-51421","post","type-post","status-publish","format-standard","has-post-thumbnail","hentry","category-geralecomercio","category-noticiasdestaque"],"_links":{"self":[{"href":"https:\/\/jorgezanoni.com.br\/2019\/wp-json\/wp\/v2\/posts\/51421","targetHints":{"allow":["GET"]}}],"collection":[{"href":"https:\/\/jorgezanoni.com.br\/2019\/wp-json\/wp\/v2\/posts"}],"about":[{"href":"https:\/\/jorgezanoni.com.br\/2019\/wp-json\/wp\/v2\/types\/post"}],"author":[{"embeddable":true,"href":"https:\/\/jorgezanoni.com.br\/2019\/wp-json\/wp\/v2\/users\/1"}],"replies":[{"embeddable":true,"href":"https:\/\/jorgezanoni.com.br\/2019\/wp-json\/wp\/v2\/comments?post=51421"}],"version-history":[{"count":0,"href":"https:\/\/jorgezanoni.com.br\/2019\/wp-json\/wp\/v2\/posts\/51421\/revisions"}],"wp:featuredmedia":[{"embeddable":true,"href":"https:\/\/jorgezanoni.com.br\/2019\/wp-json\/wp\/v2\/media\/51422"}],"wp:attachment":[{"href":"https:\/\/jorgezanoni.com.br\/2019\/wp-json\/wp\/v2\/media?parent=51421"}],"wp:term":[{"taxonomy":"category","embeddable":true,"href":"https:\/\/jorgezanoni.com.br\/2019\/wp-json\/wp\/v2\/categories?post=51421"},{"taxonomy":"post_tag","embeddable":true,"href":"https:\/\/jorgezanoni.com.br\/2019\/wp-json\/wp\/v2\/tags?post=51421"}],"curies":[{"name":"wp","href":"https:\/\/api.w.org\/{rel}","templated":true}]}}