{"id":51418,"date":"2021-07-29T13:11:31","date_gmt":"2021-07-29T13:11:31","guid":{"rendered":"https:\/\/jorgezanoni.com.br\/2019\/?p=51418"},"modified":"2021-07-29T13:11:31","modified_gmt":"2021-07-29T13:11:31","slug":"policia-militar-prende-homem-em-flagrante-por-furto-em-orgao-da-prefeitura-de-panorama","status":"publish","type":"post","link":"https:\/\/jorgezanoni.com.br\/2019\/policia-militar-prende-homem-em-flagrante-por-furto-em-orgao-da-prefeitura-de-panorama\/","title":{"rendered":"Pol\u00edcia Militar prende homem em flagrante por furto em \u00f3rg\u00e3o da Prefeitura de Panorama"},"content":{"rendered":"<p style=\"text-align: justify;\"><strong>SEMPRE ATENTOS: POL\u00cdCIA MILITAR EM PANORAMA PRENDE HOMEM EM FLAGRANTE POR FURTO.<\/strong><\/p>\n<p style=\"text-align: justify;\">Na data de ontem (28) por volta das 06h56min ap\u00f3s furto atrav\u00e9s de arrombamento em um \u00f3rg\u00e3o da Prefeitura Municipal e ocorrido, tendo a subtra\u00e7\u00e3o de um computador, um monitor, uma impressora, um chap\u00e9u e uma pasta, foi abordado um indiv\u00edduo (19 anos) nas proximidades, confessou ter praticado o furto juntamente com outro indiv\u00edduo, e indicando o local que havia homiziado, sendo localizado posteriormente os objetos enrolados em uma coberta. Foi dado voz de pris\u00e3o permanecendo o indiciado preso.<\/p>\n<p style=\"text-align: justify;\">Fonte: Com. Social Pol\u00edcia Militar<\/p>\n","protected":false},"excerpt":{"rendered":"<p>SEMPRE ATENTOS: POL\u00cdCIA MILITAR EM PANORAMA PRENDE HOMEM EM FLAGRANTE POR FURTO. Na data de ontem (28) por volta das 06h56min ap\u00f3s furto atrav\u00e9s de arrombamento em um \u00f3rg\u00e3o da Prefeitura Municipal e ocorrido, tendo a subtra\u00e7\u00e3o de um computador, um monitor, uma impressora, um chap\u00e9u e uma pasta, foi abordado um indiv\u00edduo (19 anos) [&hellip;]<\/p>\n","protected":false},"author":1,"featured_media":51419,"comment_status":"closed","ping_status":"open","sticky":false,"template":"","format":"standard","meta":{"footnotes":""},"categories":[110,2],"tags":[],"class_list":["post-51418","post","type-post","status-publish","format-standard","has-post-thumbnail","hentry","category-noticiasdestaque","category-policial"],"_links":{"self":[{"href":"https:\/\/jorgezanoni.com.br\/2019\/wp-json\/wp\/v2\/posts\/51418","targetHints":{"allow":["GET"]}}],"collection":[{"href":"https:\/\/jorgezanoni.com.br\/2019\/wp-json\/wp\/v2\/posts"}],"about":[{"href":"https:\/\/jorgezanoni.com.br\/2019\/wp-json\/wp\/v2\/types\/post"}],"author":[{"embeddable":true,"href":"https:\/\/jorgezanoni.com.br\/2019\/wp-json\/wp\/v2\/users\/1"}],"replies":[{"embeddable":true,"href":"https:\/\/jorgezanoni.com.br\/2019\/wp-json\/wp\/v2\/comments?post=51418"}],"version-history":[{"count":0,"href":"https:\/\/jorgezanoni.com.br\/2019\/wp-json\/wp\/v2\/posts\/51418\/revisions"}],"wp:featuredmedia":[{"embeddable":true,"href":"https:\/\/jorgezanoni.com.br\/2019\/wp-json\/wp\/v2\/media\/51419"}],"wp:attachment":[{"href":"https:\/\/jorgezanoni.com.br\/2019\/wp-json\/wp\/v2\/media?parent=51418"}],"wp:term":[{"taxonomy":"category","embeddable":true,"href":"https:\/\/jorgezanoni.com.br\/2019\/wp-json\/wp\/v2\/categories?post=51418"},{"taxonomy":"post_tag","embeddable":true,"href":"https:\/\/jorgezanoni.com.br\/2019\/wp-json\/wp\/v2\/tags?post=51418"}],"curies":[{"name":"wp","href":"https:\/\/api.w.org\/{rel}","templated":true}]}}