{"id":51324,"date":"2021-07-27T23:32:57","date_gmt":"2021-07-27T23:32:57","guid":{"rendered":"https:\/\/jorgezanoni.com.br\/2019\/?p=51324"},"modified":"2021-07-27T23:32:57","modified_gmt":"2021-07-27T23:32:57","slug":"turma-de-medicina-unifadra-2022-tem-alunos-matriculados-de-varios-estados-do-pais","status":"publish","type":"post","link":"https:\/\/jorgezanoni.com.br\/2019\/turma-de-medicina-unifadra-2022-tem-alunos-matriculados-de-varios-estados-do-pais\/","title":{"rendered":"Turma de Medicina Unifadra 2022 tem alunos matriculados de v\u00e1rios estados do pa\u00eds"},"content":{"rendered":"<p style=\"text-align: justify;\"><i><strong>As matr\u00edculas do Vestibular de Inverno prosseguem na institui\u00e7\u00e3o para o ciclo de 2022. O curso apresenta v\u00e1rios diferenciais que t\u00eam atra\u00eddo candidatos de todas as regi\u00f5es do pa\u00eds para Dracena.<\/strong><br \/>\n<\/i><\/p>\n<p><span style=\"font-size: large;\">O curso de Medicina da Unifadra de Dracena vem ganhando destaque nacionalmente por seus diferenciais &#8211; infraestrutura, metodologia de ensino e corpo docente qualificado &#8211; e tem atra\u00eddo cada vez mais candidatos. O \u00faltimo Vestibular de Inverno, que reserva vagas para in\u00edcio em 2022, alcan\u00e7ou todas as cinco regi\u00f5es brasileiras e recebeu candidatos de 12 estados.<\/span><\/p>\n<p><span style=\"font-size: large;\">As matr\u00edculas ainda ocorrem na institui\u00e7\u00e3o, com pessoas aprovadas de Aparecida do Taboado (MS), Arauc\u00e1ria (PR), Bras\u00edlia (DF), Campina Verde (MG), Campo Grande (MS), Goian\u00e9sia (GO), Goi\u00e2nia (GO), Jata\u00ed (GO), Morrinhos (GO), Primeiro de Maio (PR), Tupaciguara (MG) e cidades paulistas como Araraquara, Birigui, Osasco, Pen\u00e1polis, S\u00e3o Jos\u00e9 do Rio Preto e V\u00e1rzea Paulista.<\/span><\/p>\n<p><span style=\"font-size: large;\">J\u00falia Sayuri Colman Tanizaki, de Dourados (MS), foi um dos estudantes atra\u00eddos por esses diferenciais do curso de Medicina da Unifadra, em Dracena, que pode ser considerado um dos melhores do Estado de S\u00e3o Paulo.<\/span><\/p>\n<p><span style=\"font-size: large;\">No dia 20 de julho, J\u00falia fez sua matr\u00edcula e, acompanhada pela fam\u00edlia, conheceu as instala\u00e7\u00f5es da Unifadra e a infraestrutura do curso, que inclui simuladores real\u00edsticos, mesas simuladoras de anatomia 3D, aparelhos completos para procedimentos e pr\u00e1ticas cir\u00fargicas, equipamentos para habilidades m\u00e9dicas, morfologia, bibliotecas virtuais com acervos digitais, entre outros.<\/span><\/p>\n<p><span style=\"font-size: large;\">&#8220;A J\u00falia \u00e9 uma menina dedicada e esfor\u00e7ada e sempre quis fazer medicina. Ela est\u00e1 no 1\u00ba ano de cursinho e j\u00e1 foi aprovada. Ainda n\u00e3o conhec\u00edamos a estrutura e o m\u00e9todo de ensino, mas ao pesquisar na internet e ap\u00f3s fazer a visita presencial verificamos a qualidade da estrutura e equipamentos dispon\u00edveis para as atividades pr\u00e1ticas, o que nos faz acreditar que o aprendizado ser\u00e1 de muita qualidade&#8221;, avalia o pai da estudante, Wilson Akira Tanizaki, diretor do Col\u00e9gio Anglo Unigran no Mato Grosso do Sul, uma escola de ensino m\u00e9dio e curso pr\u00e9-vestibular com mais de 40 anos de tradi\u00e7\u00e3o. &#8220;A maior dificuldade ainda est\u00e1 na dist\u00e2ncia e por ser em outra cidade, pois ela nunca morou fora&#8221;, revela o pai.<\/span><\/p>\n<p><span style=\"font-size: large;\">Mas a Cidade Milagre \u00e9 acolhedora e recebe bem seus novos moradores e visitantes. Dracena \u00e9 l\u00edder de uma microrregi\u00e3o composta por 10 munic\u00edpios e se destaca no mercado local e regional com uma economia s\u00f3lida, baseada em um com\u00e9rcio forte, que emprega milhares de pessoas de toda a regi\u00e3o, e tamb\u00e9m na \u00e1rea de com\u00e9rcio de servi\u00e7os.<\/span><\/p>\n<p><span style=\"font-size: large;\">Al\u00e9m disso, um estudo feito pelo Observat\u00f3rio das Metr\u00f3poles, coordenado pela Universidade Federal do Rio de Janeiro (UFRJ), colocou Dracena entre as 30 cidades com o melhor \u00edndice de bem-estar urbano do Brasil (\u00edndice que avalia cinco dimens\u00f5es urbanas: mobilidade, condi\u00e7\u00f5es ambientais, condi\u00e7\u00f5es habitacionais, atendimento de servi\u00e7os coletivos e infraestrutura). Dracena ocupa o 27\u00ba lugar entre os 5.565 munic\u00edpios avaliados. Esse estudo foi divulgado em 2016 e \u00e9 baseado no Censo Demogr\u00e1fico 2010 (recenseamento realizado a cada 10 anos pelo IBGE).<\/span><\/p>\n<p><span style=\"font-size: large;\">Dracena ainda aparece entre as 10 melhores cidades de pequeno porte do pa\u00eds para envelhecer, segundo o \u00cdndice de Desenvolvimento Urbano para Longevidade (IDL), iniciativa do Instituto de Longevidade MAG, que conta com metodologia da Funda\u00e7\u00e3o Getulio Vargas. O indicador considera dimens\u00f5es como cuidados de sa\u00fade, bem-estar, finan\u00e7as, habita\u00e7\u00e3o, educa\u00e7\u00e3o e cultura, al\u00e9m de indicadores gerais de desemprego, expectativa de vida e viol\u00eancia.<\/span><\/p>\n<p><span style=\"font-size: large;\"><b>Conhe\u00e7a o curso de Medicina da Unifadra de Dracena<\/b><\/span><\/p>\n<p><span style=\"font-size: large;\">O curso de Medicina tem dura\u00e7\u00e3o total de 6 anos e foi autorizado em fevereiro de 2017. A Unifadra vem se destacando e chamando a aten\u00e7\u00e3o de candidatos ao curso de Medicina em todo o pa\u00eds pela qualidade de ensino que vem oferecendo aos seus alunos.<\/span><\/p>\n<p><span style=\"font-size: large;\">A op\u00e7\u00e3o por um enfoque ampliado da sa\u00fade norteia as atividades de ensino, pesquisa e extens\u00e3o do curso de Medicina na Unifadra. Esse enfoque inclui as m\u00faltiplas dimens\u00f5es indissoci\u00e1veis do ser humano e traz discuss\u00f5es que permeiam \u00e1reas de sa\u00fade, ci\u00eancias sociais e ci\u00eancias humanas e se voltam para quest\u00f5es pertinentes ao tratamento, \u00e0 preven\u00e7\u00e3o e \u00e0 promo\u00e7\u00e3o da sa\u00fade.<\/span><\/p>\n<p><span style=\"font-size: large;\">Por meio de uma metodologia ativa de ensino (PBL \u2013 Problem Based Learning \/ Aprendizagem Baseada em Problemas), o estudante passa a entender o conte\u00fado na pr\u00e1tica, com mais participa\u00e7\u00e3o, sendo incentivado a buscar o conhecimento e se posicionando como protagonista do processo de ensino e aprendizagem.<\/span><\/p>\n<p><span style=\"font-size: large;\">A aprendizagem baseada em problemas \u00e9 um m\u00e9todo de ensino que recomenda a realiza\u00e7\u00e3o de atividades guiadas, com o objetivo de preparar os alunos para resolverem quest\u00f5es do mundo real. Isso estabelece uma rela\u00e7\u00e3o equilibrada entre pr\u00e1tica e teoria &#8211; desde o in\u00edcio do curso &#8211; com incentivo ao trabalho em equipe e \u00e0 intera\u00e7\u00e3o entre os envolvidos, por meio de simula\u00e7\u00f5es de situa\u00e7\u00f5es do cotidiano profissional.<\/span><\/p>\n<p><span style=\"font-size: large;\">Assim, logo no in\u00edcio do curso, os alunos s\u00e3o inseridos no cen\u00e1rio social e de sa\u00fade da regi\u00e3o, indo a campo e acompanhando as equipes das Estrat\u00e9gias de Sa\u00fade da Fam\u00edlia (ESFs) de Dracena, Ouro Verde e Junqueir\u00f3polis &#8211; tendo a viv\u00eancia da rotina de trabalho, aprendendo com os mais experientes e auxiliando as equipes.<\/span><\/p>\n<p><span style=\"font-size: large;\">No 4\u00ba ano, os estudantes aprendem sobre treinamentos cir\u00fargicos no Laborat\u00f3rio de Habilidades Cir\u00fargicas, em simuladores real\u00edsticos, mesas simuladoras de anatomia 3D, aparelhos completos para procedimentos e pr\u00e1ticas cir\u00fargicas, equipamentos para habilidades m\u00e9dicas, morfologia, entre outros.<\/span><\/p>\n<p><span style=\"font-size: large;\">A partir do 5\u00ba ano, inicia-se o internato, com op\u00e7\u00e3o para hospitais da regi\u00e3o, como a Santa Casa de Dracena e Santa Casa de Presidente Venceslau.<\/span><\/p>\n<p><span style=\"font-size: large;\">Veja nossa galeria de imagens sobre a infraestrutura do curso em\u00a0<\/span><a href=\"https:\/\/fundec.edu.br\/unifadra\/graduacao\/medicina\" target=\"_blank\" rel=\"noopener noreferrer\">https:\/\/fundec.edu.br\/unifadra\/graduacao\/medicina<\/a><span style=\"font-size: large;\">\u00a0<\/span><\/p>\n<p>Fonte: Diretoria de Comunica\u00e7\u00e3o da Fundec<\/p>\n","protected":false},"excerpt":{"rendered":"<p>As matr\u00edculas do Vestibular de Inverno prosseguem na institui\u00e7\u00e3o para o ciclo de 2022. O curso apresenta v\u00e1rios diferenciais que t\u00eam atra\u00eddo candidatos de todas as regi\u00f5es do pa\u00eds para Dracena. O curso de Medicina da Unifadra de Dracena vem ganhando destaque nacionalmente por seus diferenciais &#8211; infraestrutura, metodologia de ensino e corpo docente qualificado [&hellip;]<\/p>\n","protected":false},"author":1,"featured_media":51325,"comment_status":"closed","ping_status":"open","sticky":false,"template":"","format":"standard","meta":{"footnotes":""},"categories":[110,122],"tags":[],"class_list":["post-51324","post","type-post","status-publish","format-standard","has-post-thumbnail","hentry","category-noticiasdestaque","category-saudeeducacaoeconcurso"],"_links":{"self":[{"href":"https:\/\/jorgezanoni.com.br\/2019\/wp-json\/wp\/v2\/posts\/51324","targetHints":{"allow":["GET"]}}],"collection":[{"href":"https:\/\/jorgezanoni.com.br\/2019\/wp-json\/wp\/v2\/posts"}],"about":[{"href":"https:\/\/jorgezanoni.com.br\/2019\/wp-json\/wp\/v2\/types\/post"}],"author":[{"embeddable":true,"href":"https:\/\/jorgezanoni.com.br\/2019\/wp-json\/wp\/v2\/users\/1"}],"replies":[{"embeddable":true,"href":"https:\/\/jorgezanoni.com.br\/2019\/wp-json\/wp\/v2\/comments?post=51324"}],"version-history":[{"count":0,"href":"https:\/\/jorgezanoni.com.br\/2019\/wp-json\/wp\/v2\/posts\/51324\/revisions"}],"wp:featuredmedia":[{"embeddable":true,"href":"https:\/\/jorgezanoni.com.br\/2019\/wp-json\/wp\/v2\/media\/51325"}],"wp:attachment":[{"href":"https:\/\/jorgezanoni.com.br\/2019\/wp-json\/wp\/v2\/media?parent=51324"}],"wp:term":[{"taxonomy":"category","embeddable":true,"href":"https:\/\/jorgezanoni.com.br\/2019\/wp-json\/wp\/v2\/categories?post=51324"},{"taxonomy":"post_tag","embeddable":true,"href":"https:\/\/jorgezanoni.com.br\/2019\/wp-json\/wp\/v2\/tags?post=51324"}],"curies":[{"name":"wp","href":"https:\/\/api.w.org\/{rel}","templated":true}]}}