{"id":51321,"date":"2021-07-27T23:13:30","date_gmt":"2021-07-27T23:13:30","guid":{"rendered":"https:\/\/jorgezanoni.com.br\/2019\/?p=51321"},"modified":"2021-07-27T23:13:30","modified_gmt":"2021-07-27T23:13:30","slug":"emdaep-avisa-que-sera-substituida-bomba-do-poco-do-bairro-emilio-zanata","status":"publish","type":"post","link":"https:\/\/jorgezanoni.com.br\/2019\/emdaep-avisa-que-sera-substituida-bomba-do-poco-do-bairro-emilio-zanata\/","title":{"rendered":"EMDAEP avisa que ser\u00e1 substitu\u00edda Bomba do Po\u00e7o do Bairro Emilio Zanata"},"content":{"rendered":"<div class=\"ntc_cont_descricao_noticia sw_txteditor\">\n<div style=\"text-align: justify;\">Nesta ter\u00e7a-feira, a EMDAEP constatou que queimou a bomba do po\u00e7o do Bairro Em\u00edlio Zanata. De imediato ocorrem manobras na rede para que o bairro receba \u00e1gua de outros po\u00e7os.<br \/>\nA empresa contratada far\u00e1 a substitui\u00e7\u00e3o da bomba, com poss\u00edvel conclus\u00e3o na quarta-feira visando a normaliza\u00e7\u00e3o do abastecimento.<br \/>\nA EMDAEP solicita que a popula\u00e7\u00e3o evite servi\u00e7os nas resid\u00eancias que demandem maior consumo como limpeza de cal\u00e7adas e carros, entre outros.<br \/>\nPela legisla\u00e7\u00e3o cada im\u00f3vel deve ter um reservat\u00f3rio para evitar desabastecimento em caso de problemas em po\u00e7os ou na rede p\u00fablica.\n<\/div>\n<\/div>\n<div class=\"ntc_area_info_noticia sw_lato\">\n<div>\n<div class=\"ntc_info_noticia\" style=\"text-align: justify;\">Fonte:Rela\u00e7\u00f5es P\u00fablicas da EMDAEP<\/div>\n<\/div>\n<\/div>\n","protected":false},"excerpt":{"rendered":"<p>Nesta ter\u00e7a-feira, a EMDAEP constatou que queimou a bomba do po\u00e7o do Bairro Em\u00edlio Zanata. De imediato ocorrem manobras na rede para que o bairro receba \u00e1gua de outros po\u00e7os. A empresa contratada far\u00e1 a substitui\u00e7\u00e3o da bomba, com poss\u00edvel conclus\u00e3o na quarta-feira visando a normaliza\u00e7\u00e3o do abastecimento. A EMDAEP solicita que a popula\u00e7\u00e3o evite [&hellip;]<\/p>\n","protected":false},"author":1,"featured_media":51322,"comment_status":"closed","ping_status":"open","sticky":false,"template":"","format":"standard","meta":{"footnotes":""},"categories":[179,184,110],"tags":[],"class_list":["post-51321","post","type-post","status-publish","format-standard","has-post-thumbnail","hentry","category-cidadeseregiao","category-dracena","category-noticiasdestaque"],"_links":{"self":[{"href":"https:\/\/jorgezanoni.com.br\/2019\/wp-json\/wp\/v2\/posts\/51321","targetHints":{"allow":["GET"]}}],"collection":[{"href":"https:\/\/jorgezanoni.com.br\/2019\/wp-json\/wp\/v2\/posts"}],"about":[{"href":"https:\/\/jorgezanoni.com.br\/2019\/wp-json\/wp\/v2\/types\/post"}],"author":[{"embeddable":true,"href":"https:\/\/jorgezanoni.com.br\/2019\/wp-json\/wp\/v2\/users\/1"}],"replies":[{"embeddable":true,"href":"https:\/\/jorgezanoni.com.br\/2019\/wp-json\/wp\/v2\/comments?post=51321"}],"version-history":[{"count":0,"href":"https:\/\/jorgezanoni.com.br\/2019\/wp-json\/wp\/v2\/posts\/51321\/revisions"}],"wp:featuredmedia":[{"embeddable":true,"href":"https:\/\/jorgezanoni.com.br\/2019\/wp-json\/wp\/v2\/media\/51322"}],"wp:attachment":[{"href":"https:\/\/jorgezanoni.com.br\/2019\/wp-json\/wp\/v2\/media?parent=51321"}],"wp:term":[{"taxonomy":"category","embeddable":true,"href":"https:\/\/jorgezanoni.com.br\/2019\/wp-json\/wp\/v2\/categories?post=51321"},{"taxonomy":"post_tag","embeddable":true,"href":"https:\/\/jorgezanoni.com.br\/2019\/wp-json\/wp\/v2\/tags?post=51321"}],"curies":[{"name":"wp","href":"https:\/\/api.w.org\/{rel}","templated":true}]}}